{"id":18872,"date":"2025-05-08T14:49:40","date_gmt":"2025-05-08T17:49:40","guid":{"rendered":"https:\/\/mussicom.com\/pt-lanca-cartilha-para-refutar-video-de-nikolas-sobre-inss\/"},"modified":"2025-05-08T14:49:40","modified_gmt":"2025-05-08T17:49:40","slug":"pt-lanca-cartilha-para-refutar-video-de-nikolas-sobre-inss","status":"publish","type":"post","link":"https:\/\/mussicom.com\/noticias\/pt-lanca-cartilha-para-refutar-video-de-nikolas-sobre-inss\/","title":{"rendered":"PT lan\u00e7a cartilha para &#8216;refutar&#8217; v\u00eddeo de Nikolas sobre INSS"},"content":{"rendered":"<p> <br \/>\n<\/p>\n<div id=\"hd80s9wa1h892edh8192\">\n<p>O Partido dos Trabalhadores (PT) iniciou uma estrat\u00e9gia para tentar refutar um v\u00eddeo do deputado Nikolas Ferreira (PL-MG), que acusa o governo Luiz In\u00e1cio Lula da Silva de se manter inerte diante das fraudes no <strong>Instituto Nacional do Seguro Social (INSS)<\/strong>. <\/p>\n<p>Com o objetivo de enfrentar essa disputa de narrativa, o PT distribuiu uma cartilha de 30 p\u00e1ginas a seus deputados, intitulada \u201cDesmentido Nikolas Ferreira \u2013 INSS\u201d. A informa\u00e7\u00e3o \u00e9 do jornal <em>O Globo<\/em>.<\/p>\n<p><strong>+ Nikolas conta como o governo do PT permitiu o rombo bilion\u00e1rio do INSS; assista<\/strong><\/p>\n<p>De acordo com a publica\u00e7\u00e3o, a cartilha contrap\u00f5e as falas do deputado, ponto a ponto, e sugere argumentos que os parlamentares petistas podem usar em debates p\u00fablicos e redes sociais. <\/p>\n<p>Essa abordagem foi alinhada com o Pal\u00e1cio do Planalto, que considera que a resposta deve vir dos deputados da base governista, dispensando uma rea\u00e7\u00e3o institucional pela Secretaria de Comunica\u00e7\u00e3o da Presid\u00eancia (Secom).<\/p>\n<h2 class=\"wp-block-heading\">Os argumentos do PT contra o v\u00eddeo de Nikolas<\/h2>\n<p>Depois de Nikolas sugerir que a atual gest\u00e3o culparia o governo de <strong>Jair Bolsonaro (PL)<\/strong> por irregularidades, o documento argumenta que \u201ca maioria dos envolvidos no esc\u00e2ndalo eram servidores nomeados na gest\u00e3o de Bolsonaro\u201d, listando quatro nomes do governo anterior.<\/p>\n<p>A cartilha tamb\u00e9m orienta sobre a aus\u00eancia de a\u00e7\u00e3o da Pol\u00edcia Federal para investigar o caso durante o mandato de Bolsonaro e destaca \u201cpersonagens-chave\u201d da fraude com v\u00ednculos com o ex-presidente.<\/p>\n<p>O posicionamento \u00e9 refor\u00e7ado por membros do atual governo. A ministra de Rela\u00e7\u00f5es Institucionais, Gleisi Hoffmann, afirmou nas redes sociais que as fraudes come\u00e7aram sob Bolsonaro e que \u00e9 preciso \u201cesclarecer a verdade\u201d, criticando as \u201cmentiras oportunistas\u201d da oposi\u00e7\u00e3o. <\/p>\n<h2 class=\"wp-block-heading\">O esc\u00e2ndalo do INSS<\/h2>\n<figure class=\"wp-block-image aligncenter size-full is-resized\"><picture><source data-srcset=\"https:\/\/medias.revistaoeste.com\/wp-content\/uploads\/2025\/05\/INSS-2-1.jpg.webp 799w, https:\/\/medias.revistaoeste.com\/wp-content\/uploads\/2025\/05\/INSS-2-1-300x169.jpg.webp 300w, https:\/\/medias.revistaoeste.com\/wp-content\/uploads\/2025\/05\/INSS-2-1-400x225.jpg.webp 400w, https:\/\/medias.revistaoeste.com\/wp-content\/uploads\/2025\/05\/INSS-2-1-216x121.jpg.webp 216w, https:\/\/medias.revistaoeste.com\/wp-content\/uploads\/2025\/05\/INSS-2-1-150x84.jpg.webp 150w\" data-sizes=\"(max-width: 799px) 100vw, 799px\" type=\"image\/webp\"><img fetchpriority=\"high\" decoding=\"async\" width=\"799\" height=\"450\" src=\"https:\/\/medias.revistaoeste.com\/wp-content\/uploads\/2025\/05\/INSS-2-1.jpg\" alt=\"Fachada do INSS em Bras\u00edlia - 2.11.2023 | Foto: Rafa Neddermeyer\/Ag\u00eancia Brasil\" class=\"wp-image-1983097\" style=\"width:598px;height:auto\" srcset=\"https:\/\/medias.revistaoeste.com\/wp-content\/uploads\/2025\/05\/INSS-2-1.jpg 799w, https:\/\/medias.revistaoeste.com\/wp-content\/uploads\/2025\/05\/INSS-2-1-300x169.jpg 300w, https:\/\/medias.revistaoeste.com\/wp-content\/uploads\/2025\/05\/INSS-2-1-400x225.jpg 400w, https:\/\/medias.revistaoeste.com\/wp-content\/uploads\/2025\/05\/INSS-2-1-216x121.jpg 216w, https:\/\/medias.revistaoeste.com\/wp-content\/uploads\/2025\/05\/INSS-2-1-150x84.jpg 150w\" sizes=\"(max-width: 799px) 100vw, 799px\" data-eio=\"p\"\/><\/source><\/picture><figcaption class=\"wp-element-caption\">Fachada do INSS em Bras\u00edlia \u2013 2.11.2023 | Foto: Rafa Neddermeyer\/Ag\u00eancia Brasil<\/figcaption><\/figure>\n<p>Uma opera\u00e7\u00e3o da Pol\u00edcia Federal e da Controladoria-Geral da Uni\u00e3o (CGU) foi realizada para desmontar um esquema de descontos indevidos em aposentadorias e pens\u00f5es do INSS. O chefe do INSS, Alessandro Stefanutto, foi afastado pela Justi\u00e7a e demitido pelo presidente Lula.<\/p>\n<p>A opera\u00e7\u00e3o contou com centenas de agentes e revelou um esquema nacional de cobran\u00e7as ilegais ligadas a associa\u00e7\u00f5es de aposentados. Estima-se que os descontos irregulares somem R$ 6,3 bilh\u00f5es entre 2019 e 2024 \u2014 valor que ainda est\u00e1 sendo apurado.<\/p>\n<p>Segundo a CGU, esse tipo de desconto existe desde os anos 1990. Entre 2016 e 2021, os valores variavam de R$ 400 milh\u00f5es a R$ 550 milh\u00f5es por ano. <\/p>\n<p>Em 2022, subiram para R$ 706 milh\u00f5es, saltaram para R$ 1,3 bilh\u00e3o em 2023 e chegaram a R$ 2,6 bilh\u00f5es em 2024. Os benefici\u00e1rios eram cobrados como se tivessem se associado a entidades, sem dar autoriza\u00e7\u00e3o.<\/p>\n<p><strong>+ Leia mais not\u00edcias de Pol\u00edtica em Oeste<\/strong><\/p>\n<\/p><\/div>\n<p><br \/>\n<br \/>Fonte: <a href=\"https:\/\/revistaoeste.com\/politica\/pt-lanca-cartilha-para-refutar-video-de-nikolas-sobre-inss\/\">Ag\u00eancia Brasil<\/a><\/p>\n","protected":false},"excerpt":{"rendered":"<p>O Partido dos Trabalhadores (PT) iniciou uma estrat\u00e9gia para tentar refutar um v\u00eddeo do deputado Nikolas Ferreira (PL-MG), que acusa o governo Luiz In\u00e1cio Lula da Silva de se manter inerte diante das fraudes no Instituto Nacional do Seguro Social (INSS). Com o objetivo de enfrentar essa disputa de narrativa, o PT distribuiu uma cartilha [&hellip;]<\/p>\n","protected":false},"author":5,"featured_media":18873,"comment_status":"open","ping_status":"open","sticky":false,"template":"","format":"standard","meta":{"_seopress_robots_primary_cat":"","_seopress_titles_title":"","_seopress_titles_desc":"","_seopress_robots_index":"","footnotes":""},"categories":[47,1],"tags":[],"class_list":["post-18872","post","type-post","status-publish","format-standard","has-post-thumbnail","hentry","category-politica","category-ultimas-noticias"],"_links":{"self":[{"href":"https:\/\/mussicom.com\/noticias\/wp-json\/wp\/v2\/posts\/18872","targetHints":{"allow":["GET"]}}],"collection":[{"href":"https:\/\/mussicom.com\/noticias\/wp-json\/wp\/v2\/posts"}],"about":[{"href":"https:\/\/mussicom.com\/noticias\/wp-json\/wp\/v2\/types\/post"}],"author":[{"embeddable":true,"href":"https:\/\/mussicom.com\/noticias\/wp-json\/wp\/v2\/users\/5"}],"replies":[{"embeddable":true,"href":"https:\/\/mussicom.com\/noticias\/wp-json\/wp\/v2\/comments?post=18872"}],"version-history":[{"count":0,"href":"https:\/\/mussicom.com\/noticias\/wp-json\/wp\/v2\/posts\/18872\/revisions"}],"wp:featuredmedia":[{"embeddable":true,"href":"https:\/\/mussicom.com\/noticias\/wp-json\/wp\/v2\/media\/18873"}],"wp:attachment":[{"href":"https:\/\/mussicom.com\/noticias\/wp-json\/wp\/v2\/media?parent=18872"}],"wp:term":[{"taxonomy":"category","embeddable":true,"href":"https:\/\/mussicom.com\/noticias\/wp-json\/wp\/v2\/categories?post=18872"},{"taxonomy":"post_tag","embeddable":true,"href":"https:\/\/mussicom.com\/noticias\/wp-json\/wp\/v2\/tags?post=18872"}],"curies":[{"name":"wp","href":"https:\/\/api.w.org\/{rel}","templated":true}]}}