{"id":18846,"date":"2025-05-08T12:47:44","date_gmt":"2025-05-08T15:47:44","guid":{"rendered":"https:\/\/mussicom.com\/hugo-motta-sinaliza-participacao-em-evento-do-mst\/"},"modified":"2025-05-08T12:47:44","modified_gmt":"2025-05-08T15:47:44","slug":"hugo-motta-sinaliza-participacao-em-evento-do-mst","status":"publish","type":"post","link":"https:\/\/mussicom.com\/noticias\/hugo-motta-sinaliza-participacao-em-evento-do-mst\/","title":{"rendered":"Hugo Motta sinaliza participa\u00e7\u00e3o em evento do MST"},"content":{"rendered":"<p> <br \/>\n<\/p>\n<div id=\"hd80s9wa1h892edh8192\">\n<p>O presidente da <strong>C\u00e2mara dos Deputados<\/strong>, Hugo Motta (Republicanos-PB), sinalizou aos l\u00edderes do <strong>Movimento dos Trabalhadores Rurais Sem Terra (MST)<\/strong> que pretende participar de um caf\u00e9 com parlamentares. <\/p>\n<p>O evento ser\u00e1 realizado na sexta-feira 9, durante a 5\u00aa Feira Nacional da Reforma Agr\u00e1ria. A feira ocorrer\u00e1 de 8 a 11, no Parque da \u00c1gua Branca, em S\u00e3o Paulo.<\/p>\n<p>\u00c0 imprensa, a assessoria de Motta informou que sua presen\u00e7a ainda est\u00e1 \u201ca confirmar\u201d. Caso compare\u00e7a, ser\u00e1 a primeira vez que um presidente da C\u00e2mara participa desse evento nacional do MST.<\/p>\n<h2 class=\"wp-block-heading\">Participa\u00e7\u00e3o de parlamentares e ministros em evento do MST<\/h2>\n<p>O caf\u00e9 tamb\u00e9m contar\u00e1 com a presen\u00e7a dos deputados Orlando Silva (PCdoB-SP), Jilmar Tatto (PT-SP), Glauber Braga (Psol-RJ), S\u00e2mia Bomfim (Psol-SP) e Erika Hilton (Psol-SP), entre outros.<\/p>\n<p>Al\u00e9m disso, a feira ter\u00e1 a presen\u00e7a de ministros, como M\u00e1rcio Mac\u00eado (Secretaria-Geral da Presid\u00eancia), Celso Sabino (Turismo), Gleisi Hoffmann (Rela\u00e7\u00f5es Institucionais) e Paulo Teixeira (Desenvolvimento Agr\u00e1rio).<\/p>\n<p>No evento, ser\u00e3o comercializadas cerca de 500 toneladas de alimentos, incluindo frutas, legumes e verduras. Esses produtos s\u00e3o provenientes de acampamentos e assentamentos em \u00e1reas invadidas.<\/p>\n<h2 class=\"wp-block-heading\">Em reuni\u00e3o de l\u00edderes, Hugo Motta n\u00e3o se compromete a instalar CPI do INSS<\/h2>\n<figure class=\"wp-block-image aligncenter size-full is-resized\"><picture><source data-srcset=\"https:\/\/medias.revistaoeste.com\/wp-content\/uploads\/2025\/04\/12_ed266.jpg.webp 1920w, https:\/\/medias.revistaoeste.com\/wp-content\/uploads\/2025\/04\/12_ed266-300x156.jpg.webp 300w, https:\/\/medias.revistaoeste.com\/wp-content\/uploads\/2025\/04\/12_ed266-712x370.jpg.webp 712w, https:\/\/medias.revistaoeste.com\/wp-content\/uploads\/2025\/04\/12_ed266-150x78.jpg.webp 150w\" data-sizes=\"(max-width: 1920px) 100vw, 1920px\" type=\"image\/webp\"><img fetchpriority=\"high\" decoding=\"async\" width=\"1920\" height=\"1000\" src=\"https:\/\/medias.revistaoeste.com\/wp-content\/uploads\/2025\/04\/12_ed266.jpg\" alt=\"Hugo Motta, presidente da C\u00e2mara dos Deputados | Foto: Marcelo Camargo\/Ag\u00eancia Brasil\" class=\"wp-image-1968950\" style=\"width:612px;height:auto\" srcset=\"https:\/\/medias.revistaoeste.com\/wp-content\/uploads\/2025\/04\/12_ed266.jpg 1920w, https:\/\/medias.revistaoeste.com\/wp-content\/uploads\/2025\/04\/12_ed266-300x156.jpg 300w, https:\/\/medias.revistaoeste.com\/wp-content\/uploads\/2025\/04\/12_ed266-712x370.jpg 712w, https:\/\/medias.revistaoeste.com\/wp-content\/uploads\/2025\/04\/12_ed266-150x78.jpg 150w\" sizes=\"(max-width: 1920px) 100vw, 1920px\" data-eio=\"p\"\/><\/source><\/picture><figcaption class=\"wp-element-caption\">Hugo Motta, presidente da C\u00e2mara dos Deputados | Foto: Marcelo Camargo\/Ag\u00eancia Brasil<\/figcaption><\/figure>\n<p><strong>Hugo Motta n\u00e3o se comprometeu a instalar a Comiss\u00e3o Parlamentar de Inqu\u00e9rito (CPI) sobre fraudes no Instituto Nacional do Seguro Social (INSS).<\/strong> De acordo com o site Metr\u00f3poles, o pol\u00edtico afirmou, na reuni\u00e3o de l\u00edderes realizada em 30 de abril, que j\u00e1 havia outros 12 pedidos de comiss\u00f5es parlamentares protocolados para analisar.<\/p>\n<p>Atualmente, n\u00e3o h\u00e1 nenhuma CPI em andamento na C\u00e2mara. O regimento interno da Casa permite at\u00e9 cinco comiss\u00f5es simult\u00e2neas. As cinco primeiras da fila t\u00eam prioridade.<\/p>\n<p>O requerimento mais antigo \u00e9 o da CPI do Abuso de Autoridade, apresentado pelo deputado Marcel van Hattem (Novo-RS) em novembro de 2022.<\/p>\n<p><strong>+ Leia mais not\u00edcias de Pol\u00edtica em Oeste<\/strong><\/p>\n<\/p><\/div>\n<p><br \/>\n<br \/>Fonte: <a href=\"https:\/\/revistaoeste.com\/politica\/hugo-motta-sinaliza-participacao-em-evento-do-mst\/\">Ag\u00eancia Brasil<\/a><\/p>\n","protected":false},"excerpt":{"rendered":"<p>O presidente da C\u00e2mara dos Deputados, Hugo Motta (Republicanos-PB), sinalizou aos l\u00edderes do Movimento dos Trabalhadores Rurais Sem Terra (MST) que pretende participar de um caf\u00e9 com parlamentares. O evento ser\u00e1 realizado na sexta-feira 9, durante a 5\u00aa Feira Nacional da Reforma Agr\u00e1ria. A feira ocorrer\u00e1 de 8 a 11, no Parque da \u00c1gua Branca, [&hellip;]<\/p>\n","protected":false},"author":5,"featured_media":18847,"comment_status":"open","ping_status":"open","sticky":false,"template":"","format":"standard","meta":{"_seopress_robots_primary_cat":"","_seopress_titles_title":"","_seopress_titles_desc":"","_seopress_robots_index":"","footnotes":""},"categories":[47,1],"tags":[],"class_list":["post-18846","post","type-post","status-publish","format-standard","has-post-thumbnail","hentry","category-politica","category-ultimas-noticias"],"_links":{"self":[{"href":"https:\/\/mussicom.com\/noticias\/wp-json\/wp\/v2\/posts\/18846","targetHints":{"allow":["GET"]}}],"collection":[{"href":"https:\/\/mussicom.com\/noticias\/wp-json\/wp\/v2\/posts"}],"about":[{"href":"https:\/\/mussicom.com\/noticias\/wp-json\/wp\/v2\/types\/post"}],"author":[{"embeddable":true,"href":"https:\/\/mussicom.com\/noticias\/wp-json\/wp\/v2\/users\/5"}],"replies":[{"embeddable":true,"href":"https:\/\/mussicom.com\/noticias\/wp-json\/wp\/v2\/comments?post=18846"}],"version-history":[{"count":0,"href":"https:\/\/mussicom.com\/noticias\/wp-json\/wp\/v2\/posts\/18846\/revisions"}],"wp:featuredmedia":[{"embeddable":true,"href":"https:\/\/mussicom.com\/noticias\/wp-json\/wp\/v2\/media\/18847"}],"wp:attachment":[{"href":"https:\/\/mussicom.com\/noticias\/wp-json\/wp\/v2\/media?parent=18846"}],"wp:term":[{"taxonomy":"category","embeddable":true,"href":"https:\/\/mussicom.com\/noticias\/wp-json\/wp\/v2\/categories?post=18846"},{"taxonomy":"post_tag","embeddable":true,"href":"https:\/\/mussicom.com\/noticias\/wp-json\/wp\/v2\/tags?post=18846"}],"curies":[{"name":"wp","href":"https:\/\/api.w.org\/{rel}","templated":true}]}}