{"id":18829,"date":"2025-05-08T10:45:29","date_gmt":"2025-05-08T13:45:29","guid":{"rendered":"https:\/\/mussicom.com\/modelo-institucional-faz-stf-decidir-sobre-tudo-afirma-barroso\/"},"modified":"2025-05-08T10:45:29","modified_gmt":"2025-05-08T13:45:29","slug":"modelo-institucional-faz-stf-decidir-sobre-tudo-afirma-barroso","status":"publish","type":"post","link":"https:\/\/mussicom.com\/noticias\/modelo-institucional-faz-stf-decidir-sobre-tudo-afirma-barroso\/","title":{"rendered":"Modelo institucional faz STF decidir sobre tudo, afirma Barroso"},"content":{"rendered":"<p> <br \/>\n<\/p>\n<div id=\"hd80s9wa1h892edh8192\">\n<p>O <strong>ministro Lu\u00eds Roberto Barroso<\/strong>, presidente do Supremo Tribunal Federal (STF), afirmou nesta quarta-feira, 7, que o envolvimento da Corte em assuntos variados decorre do pr\u00f3prio arranjo institucional do pa\u00eds.<\/p>\n<p><strong>+ Leia mais not\u00edcias de Pol\u00edtica em Oeste <\/strong><\/p>\n<p>Segundo o magistrado, o STF n\u00e3o busca se intrometer em todas as \u00e1reas, mas acaba sendo acionado devido ao alcance da Constitui\u00e7\u00e3o e \u00e0s regras que permitem o acesso direto do tribunal.<\/p>\n<p>\u201cN\u00e3o \u00e9 o Supremo que se mete no mundo\u201d, disse Barroso. \u201c\u00c9 o arranjo institucional brasileiro que faz com que tudo chegue ao Supremo. O que inclui uma compet\u00eancia criminal imensa que nenhuma corte constitucional tem. E tudo que envolve crime tem uma atra\u00e7\u00e3o midi\u00e1tica.\u201d<\/p>\n<h2 class=\"wp-block-heading\"><strong>Modelo constitucional leva demandas diversas ao STF<\/strong><\/h2>\n<p>Durante evento com empres\u00e1rios em Bras\u00edlia, o ministro foi convidado a palestrar sobre \u201cA Garantia da Democracia no Brasil\u201d.<\/p>\n<p>Ao comentar os in\u00fameros temas que chegam ao <strong>STF<\/strong>, ele mencionou, por exemplo, casos como demarca\u00e7\u00e3o de terras ind\u00edgenas, pesquisas com c\u00e9lulas-tronco, desmatamento, queimadas e mat\u00e9rias criminais.<\/p>\n<figure class=\"wp-block-embed aligncenter is-type-video is-provider-youtube wp-block-embed-youtube wp-embed-aspect-16-9 wp-has-aspect-ratio\">\n<div class=\"wp-block-embed__wrapper\">\n<div class=\"perfmatters-lazy-youtube\" data-src=\"https:\/\/www.youtube.com\/embed\/DmF6BG2rjdg\" data-id=\"DmF6BG2rjdg\" data-query=\"feature=oembed\" onclick=\"perfmattersLazyLoadYouTube(this);\">\n<div><img fetchpriority=\"high\" decoding=\"async\" src=\"https:\/\/i.ytimg.com\/vi\/DmF6BG2rjdg\/hqdefault.jpg\" alt=\"YouTube video\" width=\"480\" height=\"360\" data-pin-nopin=\"true\" nopin=\"nopin\"\/><\/div>\n<\/div>\n<p><noscript><iframe title=\"EXCLUSIVO: Barroso vai aos EUA para se reunir com globalistas\" width=\"800\" height=\"450\" src=\"https:\/\/www.youtube.com\/embed\/DmF6BG2rjdg?feature=oembed\" frameborder=\"0\" allow=\"accelerometer; autoplay; clipboard-write; encrypted-media; gyroscope; picture-in-picture; web-share\" referrerpolicy=\"strict-origin-when-cross-origin\" allowfullscreen><\/iframe><\/noscript>\n<\/div>\n<\/figure>\n<p>Barroso explica que, como resultado, o modelo jur\u00eddico do Brasil permite que uma ampla gama de institui\u00e7\u00f5es protocole a\u00e7\u00f5es na Corte por meio das A\u00e7\u00f5es Diretas de Inconstitucionalidade.<\/p>\n<blockquote class=\"wp-block-quote is-layout-flow wp-block-quote-is-layout-flow\">\n<p>\u201cO Presidente da Rep\u00fablica pode, os governadores podem, a mesa das assembleias legislativas pode, a mesa da C\u00e2mara pode, a mesa do Congresso, todos os partidos pol\u00edticos com representa\u00e7\u00e3o no Congresso Nacional podem provocar o Supremo\u201d, argumentou o magistrado.<\/p>\n<\/blockquote>\n<p><strong>+ Leia tamb\u00e9m: \u201cA presidentes de \u2018STFs\u2019 da Am\u00e9rica Latina, Barroso prop\u00f5e integra\u00e7\u00e3o regional\u201d <\/strong><\/p>\n<p>Al\u00e9m desses, tamb\u00e9m t\u00eam legitimidade a Ordem dos Advogados do Brasil, entidades de classe de \u00e2mbito nacional e confedera\u00e7\u00f5es sindicais. \u00a0Para Barroso, \u00e9 dif\u00edcil, portanto, que um tema de interesse p\u00fablico n\u00e3o encontre quem o leve ao STF.<\/p>\n<p>\u201c\u00c9 preciso que o interesse seja muito irrelevante para n\u00e3o conseguir que algu\u00e9m leve para o Supremo Tribunal Federal\u201d, concluiu o magistrado. \u201cO que faz com que a gente acabe decidindo um pouco de tudo.\u201d<\/p>\n<\/p><\/div>\n<p><br \/>\n<br \/>Fonte: <a href=\"https:\/\/revistaoeste.com\/politica\/modelo-institucional-faz-stf-decidir-sobre-tudo-afirma-barroso\/\">Ag\u00eancia Brasil<\/a><\/p>\n","protected":false},"excerpt":{"rendered":"<p>O ministro Lu\u00eds Roberto Barroso, presidente do Supremo Tribunal Federal (STF), afirmou nesta quarta-feira, 7, que o envolvimento da Corte em assuntos variados decorre do pr\u00f3prio arranjo institucional do pa\u00eds. + Leia mais not\u00edcias de Pol\u00edtica em Oeste Segundo o magistrado, o STF n\u00e3o busca se intrometer em todas as \u00e1reas, mas acaba sendo acionado [&hellip;]<\/p>\n","protected":false},"author":5,"featured_media":18830,"comment_status":"open","ping_status":"open","sticky":false,"template":"","format":"standard","meta":{"_seopress_robots_primary_cat":"","_seopress_titles_title":"","_seopress_titles_desc":"","_seopress_robots_index":"","footnotes":""},"categories":[47,1],"tags":[],"class_list":["post-18829","post","type-post","status-publish","format-standard","has-post-thumbnail","hentry","category-politica","category-ultimas-noticias"],"_links":{"self":[{"href":"https:\/\/mussicom.com\/noticias\/wp-json\/wp\/v2\/posts\/18829","targetHints":{"allow":["GET"]}}],"collection":[{"href":"https:\/\/mussicom.com\/noticias\/wp-json\/wp\/v2\/posts"}],"about":[{"href":"https:\/\/mussicom.com\/noticias\/wp-json\/wp\/v2\/types\/post"}],"author":[{"embeddable":true,"href":"https:\/\/mussicom.com\/noticias\/wp-json\/wp\/v2\/users\/5"}],"replies":[{"embeddable":true,"href":"https:\/\/mussicom.com\/noticias\/wp-json\/wp\/v2\/comments?post=18829"}],"version-history":[{"count":0,"href":"https:\/\/mussicom.com\/noticias\/wp-json\/wp\/v2\/posts\/18829\/revisions"}],"wp:featuredmedia":[{"embeddable":true,"href":"https:\/\/mussicom.com\/noticias\/wp-json\/wp\/v2\/media\/18830"}],"wp:attachment":[{"href":"https:\/\/mussicom.com\/noticias\/wp-json\/wp\/v2\/media?parent=18829"}],"wp:term":[{"taxonomy":"category","embeddable":true,"href":"https:\/\/mussicom.com\/noticias\/wp-json\/wp\/v2\/categories?post=18829"},{"taxonomy":"post_tag","embeddable":true,"href":"https:\/\/mussicom.com\/noticias\/wp-json\/wp\/v2\/tags?post=18829"}],"curies":[{"name":"wp","href":"https:\/\/api.w.org\/{rel}","templated":true}]}}