{"id":18723,"date":"2025-05-08T00:15:41","date_gmt":"2025-05-08T03:15:41","guid":{"rendered":"https:\/\/mussicom.com\/policia-penal-apreende-maconha-com-homem-que-tentava-visitar-o-filho-preso-em-sao-vicente\/"},"modified":"2025-05-08T00:15:41","modified_gmt":"2025-05-08T03:15:41","slug":"policia-penal-apreende-maconha-com-homem-que-tentava-visitar-o-filho-preso-em-sao-vicente","status":"publish","type":"post","link":"https:\/\/mussicom.com\/noticias\/policia-penal-apreende-maconha-com-homem-que-tentava-visitar-o-filho-preso-em-sao-vicente\/","title":{"rendered":"Pol\u00edcia Penal apreende maconha com homem que tentava visitar o filho preso em S\u00e3o Vicente"},"content":{"rendered":"<p> <br \/>\n<\/p>\n<div id=\"texto\">\n<p>A Pol\u00edcia Penal do Estado de S\u00e3o Paulo informa que no \u00faltimo s\u00e1bado, 3, um homem de 66 anos foi flagrado com 24 gramas de maconha ao tentar visitar o filho preso na Penitenci\u00e1ria 1 &#8220;Dr. Geraldo de Andrade Vieira&#8221; de S\u00e3o Vicente. A apreens\u00e3o aconteceu durante a revista de familiares de presos para entrada no estabelecimento penal, no hor\u00e1rio de visitas.<\/p>\n<p>\u00a0<\/p>\n<p>No momento da inspe\u00e7\u00e3o com o aparelho de esc\u00e2ner corporal, policiais penais notaram irregularidades nas imagens captadas pelo equipamento. O homem confessou que escondia droga consigo e voluntariamente entregou o material il\u00edcito para os servidores de plant\u00e3o. O entorpecente havia sido camuflado em um inv\u00f3lucro no c\u00f3s da cueca do visitante.<\/p>\n<p>\u00a0<\/p>\n<p>O homem foi encaminhado para a delegacia de pol\u00edcia da regi\u00e3o para registro de boletim de ocorr\u00eancia e demais provid\u00eancias legais. Ele tamb\u00e9m foi suspenso do cadastro de visitantes da Secretaria da Administra\u00e7\u00e3o Penitenci\u00e1ria (SAP).<\/p>\n<\/p><\/div>\n<p><script async defer crossorigin=\"anonymous\" src=\"https:\/\/connect.facebook.net\/pt_BR\/sdk.js#xfbml=1&#038;version=v12.0&#038;appId=&#038;autoLogAppEvents=1\" nonce=\"ou0fI1lo\"><\/script><br \/>\n<br \/><br \/>\n<br \/>Fonte: <a href=\"https:\/\/www.bs9.com.br\/litoral\/policia-penal-apreende-maconha-com-homem-que-tentava-visitar-o-filho\/31493\/\">BS9<\/a><\/p>\n","protected":false},"excerpt":{"rendered":"<p>A Pol\u00edcia Penal do Estado de S\u00e3o Paulo informa que no \u00faltimo s\u00e1bado, 3, um homem de 66 anos foi flagrado com 24 gramas de maconha ao tentar visitar o filho preso na Penitenci\u00e1ria 1 &#8220;Dr. Geraldo de Andrade Vieira&#8221; de S\u00e3o Vicente. A apreens\u00e3o aconteceu durante a revista de familiares de presos para entrada [&hellip;]<\/p>\n","protected":false},"author":5,"featured_media":18724,"comment_status":"open","ping_status":"open","sticky":false,"template":"","format":"standard","meta":{"_seopress_robots_primary_cat":"","_seopress_titles_title":"","_seopress_titles_desc":"","_seopress_robots_index":"","footnotes":""},"categories":[52],"tags":[],"class_list":["post-18723","post","type-post","status-publish","format-standard","has-post-thumbnail","hentry","category-santoseregiao"],"_links":{"self":[{"href":"https:\/\/mussicom.com\/noticias\/wp-json\/wp\/v2\/posts\/18723","targetHints":{"allow":["GET"]}}],"collection":[{"href":"https:\/\/mussicom.com\/noticias\/wp-json\/wp\/v2\/posts"}],"about":[{"href":"https:\/\/mussicom.com\/noticias\/wp-json\/wp\/v2\/types\/post"}],"author":[{"embeddable":true,"href":"https:\/\/mussicom.com\/noticias\/wp-json\/wp\/v2\/users\/5"}],"replies":[{"embeddable":true,"href":"https:\/\/mussicom.com\/noticias\/wp-json\/wp\/v2\/comments?post=18723"}],"version-history":[{"count":0,"href":"https:\/\/mussicom.com\/noticias\/wp-json\/wp\/v2\/posts\/18723\/revisions"}],"wp:featuredmedia":[{"embeddable":true,"href":"https:\/\/mussicom.com\/noticias\/wp-json\/wp\/v2\/media\/18724"}],"wp:attachment":[{"href":"https:\/\/mussicom.com\/noticias\/wp-json\/wp\/v2\/media?parent=18723"}],"wp:term":[{"taxonomy":"category","embeddable":true,"href":"https:\/\/mussicom.com\/noticias\/wp-json\/wp\/v2\/categories?post=18723"},{"taxonomy":"post_tag","embeddable":true,"href":"https:\/\/mussicom.com\/noticias\/wp-json\/wp\/v2\/tags?post=18723"}],"curies":[{"name":"wp","href":"https:\/\/api.w.org\/{rel}","templated":true}]}}