{"id":18697,"date":"2025-05-07T22:13:33","date_gmt":"2025-05-08T01:13:33","guid":{"rendered":"https:\/\/mussicom.com\/quem-foi-francisco-soto-barreiro-filho\/"},"modified":"2025-05-07T22:13:33","modified_gmt":"2025-05-08T01:13:33","slug":"quem-foi-francisco-soto-barreiro-filho","status":"publish","type":"post","link":"https:\/\/mussicom.com\/noticias\/quem-foi-francisco-soto-barreiro-filho\/","title":{"rendered":"Quem foi Francisco Soto Barreiro Filho?"},"content":{"rendered":"<p> <br \/>\n<\/p>\n<div id=\"texto\">\n<p>Francisco Soto Barreiro Filho nasceu em Santos, em 17 de dezembro de 1946, e teve papel marcante na hist\u00f3ria pol\u00edtica de Bertioga.<\/p>\n<p>\u00a0<\/p>\n<p>Foi eleito vereador constituinte em 1992 e reeleito em 1996 como o mais votado, chegando \u00e0 presid\u00eancia da C\u00e2mara em 1997.<\/p>\n<p>\u00a0<\/p>\n<p>Tamb\u00e9m atuou como presidente da Associa\u00e7\u00e3o dos Cond\u00f4minos da Morada da Praia, promovendo melhorias no bairro de Boraceia.<\/p>\n<p>\u00a0<\/p>\n<p>Mais tarde, mudou-se para Felixl\u00e2ndia (MG), onde realizou a\u00e7\u00f5es sociais e manteve um jornal regional.<\/p>\n<p>\u00a0<\/p>\n<p>Faleceu em 24 de junho de 2012, deixando um legado de dedica\u00e7\u00e3o \u00e0 comunidade.<\/p>\n<\/p><\/div>\n<p><script async defer crossorigin=\"anonymous\" src=\"https:\/\/connect.facebook.net\/pt_BR\/sdk.js#xfbml=1&#038;version=v12.0&#038;appId=&#038;autoLogAppEvents=1\" nonce=\"ou0fI1lo\"><\/script><br \/>\n<br \/><br \/>\n<br \/>Fonte: <a href=\"https:\/\/www.bs9.com.br\/na-sua-rua\/quem-foi-francisco-soto-barreiro-filho\/31498\/\">BS9<\/a><\/p>\n","protected":false},"excerpt":{"rendered":"<p>Francisco Soto Barreiro Filho nasceu em Santos, em 17 de dezembro de 1946, e teve papel marcante na hist\u00f3ria pol\u00edtica de Bertioga. \u00a0 Foi eleito vereador constituinte em 1992 e reeleito em 1996 como o mais votado, chegando \u00e0 presid\u00eancia da C\u00e2mara em 1997. \u00a0 Tamb\u00e9m atuou como presidente da Associa\u00e7\u00e3o dos Cond\u00f4minos da Morada [&hellip;]<\/p>\n","protected":false},"author":5,"featured_media":18698,"comment_status":"open","ping_status":"open","sticky":false,"template":"","format":"standard","meta":{"_seopress_robots_primary_cat":"","_seopress_titles_title":"","_seopress_titles_desc":"","_seopress_robots_index":"","footnotes":""},"categories":[52],"tags":[],"class_list":["post-18697","post","type-post","status-publish","format-standard","has-post-thumbnail","hentry","category-santoseregiao"],"_links":{"self":[{"href":"https:\/\/mussicom.com\/noticias\/wp-json\/wp\/v2\/posts\/18697","targetHints":{"allow":["GET"]}}],"collection":[{"href":"https:\/\/mussicom.com\/noticias\/wp-json\/wp\/v2\/posts"}],"about":[{"href":"https:\/\/mussicom.com\/noticias\/wp-json\/wp\/v2\/types\/post"}],"author":[{"embeddable":true,"href":"https:\/\/mussicom.com\/noticias\/wp-json\/wp\/v2\/users\/5"}],"replies":[{"embeddable":true,"href":"https:\/\/mussicom.com\/noticias\/wp-json\/wp\/v2\/comments?post=18697"}],"version-history":[{"count":0,"href":"https:\/\/mussicom.com\/noticias\/wp-json\/wp\/v2\/posts\/18697\/revisions"}],"wp:featuredmedia":[{"embeddable":true,"href":"https:\/\/mussicom.com\/noticias\/wp-json\/wp\/v2\/media\/18698"}],"wp:attachment":[{"href":"https:\/\/mussicom.com\/noticias\/wp-json\/wp\/v2\/media?parent=18697"}],"wp:term":[{"taxonomy":"category","embeddable":true,"href":"https:\/\/mussicom.com\/noticias\/wp-json\/wp\/v2\/categories?post=18697"},{"taxonomy":"post_tag","embeddable":true,"href":"https:\/\/mussicom.com\/noticias\/wp-json\/wp\/v2\/tags?post=18697"}],"curies":[{"name":"wp","href":"https:\/\/api.w.org\/{rel}","templated":true}]}}