{"id":18683,"date":"2025-05-07T21:12:45","date_gmt":"2025-05-08T00:12:45","guid":{"rendered":"https:\/\/mussicom.com\/no-mes-das-noivas-celebrante-de-casamentos-comemora-10-anos-de-historias-inesqueciveis\/"},"modified":"2025-05-07T21:12:45","modified_gmt":"2025-05-08T00:12:45","slug":"no-mes-das-noivas-celebrante-de-casamentos-comemora-10-anos-de-historias-inesqueciveis","status":"publish","type":"post","link":"https:\/\/mussicom.com\/noticias\/no-mes-das-noivas-celebrante-de-casamentos-comemora-10-anos-de-historias-inesqueciveis\/","title":{"rendered":"No m\u00eas das noivas, celebrante de casamentos comemora 10 anos de hist\u00f3rias inesquec\u00edveis"},"content":{"rendered":"<p> <br \/>\n<\/p>\n<div id=\"texto\">\n<p>Maio \u00e9 o m\u00eas das noivas \u2014 e tamb\u00e9m o m\u00eas em que a jornalista e celebrante C\u00e2ndice La Terza comemora uma d\u00e9cada de atua\u00e7\u00e3o \u00e0 frente de cerim\u00f4nias que transformam hist\u00f3rias de amor em momentos inesquec\u00edveis. Desde 2014, quando foi convidada por uma prima a conduzir de maneira simb\u00f3lica o pr\u00f3prio casamento, C\u00e2ndice viu nascer uma nova voca\u00e7\u00e3o que mudou sua trajet\u00f3ria profissional.<\/p>\n<p>&#8220;Fui escolhida e n\u00e3o escolhi. Depois daquela primeira cerim\u00f4nia, tive certeza de que havia encontrado algo que me completava&#8221;, relembra. De l\u00e1 pra c\u00e1, j\u00e1 foram quase 300 celebra\u00e7\u00f5es, todas escritas e conduzidas de forma personalizada \u2014 em portugu\u00eas, ingl\u00eas ou espanhol \u2014 com foco na hist\u00f3ria real dos casais. O resultado s\u00e3o cerim\u00f4nias emocionantes, leves e repletas de significado.<\/p>\n<p>\u00a0<\/p>\n<p>A profissional, que j\u00e1 atuou como executiva de comunica\u00e7\u00e3o em multinacionais como Vale, Vivo, TAM e Air Liquide, uniu sua bagagem no universo corporativo \u00e0 sensibilidade para lidar com diferentes perfis e hist\u00f3rias de vida. &#8220;A proposta \u00e9 criar uma experi\u00eancia \u00fanica, onde os noivos e convidados se sintam parte da narrativa. Tudo \u00e9 pensado para refletir quem eles realmente s\u00e3o&#8221;, explica.<\/p>\n<p>\u00a0<\/p>\n<p>Al\u00e9m dos casamentos tradicionais, C\u00e2ndice tamb\u00e9m celebra cerim\u00f4nias com efeito civil, bodas, renova\u00e7\u00f5es de votos, uni\u00f5es homoafetivas e eventos bil\u00edngues, cada vez mais frequentes com a presen\u00e7a de convidados internacionais. &#8220;\u00c9 uma forma de acolher todos os presentes e tornar o momento ainda mais elegante e inclusivo&#8221;, afirma.<\/p>\n<p>\u00a0<\/p>\n<p>Com atua\u00e7\u00e3o em diversas regi\u00f5es do pa\u00eds \u2014 como Baixada Santista, S\u00e3o Paulo, Paraty, Angra dos Reis, Minas e Paran\u00e1 \u2014 e propostas para destinos como Fernando de Noronha e exterior, ela refor\u00e7a a tend\u00eancia de celebra\u00e7\u00f5es afetivas, fora dos moldes r\u00edgidos de cerim\u00f4nias convencionais. &#8220;Hoje, muitos casais preferem casar na praia, em s\u00edtios ou em casa mesmo, com mais intimidade e verdade.&#8221;<\/p>\n<p>\u00a0<\/p>\n<p><strong>Do altar aos palcos da comunica\u00e7\u00e3o: uma jornada que inspira<\/strong><\/p>\n<p>Al\u00e9m de celebrante, C\u00e2ndice \u00e9 mentora de comunica\u00e7\u00e3o, ministra cursos para quem tem medo de falar em p\u00fablico e oferece treinamentos para executivos em todo o Brasil. Formada pela Universidade Cat\u00f3lica de Santos, tem especializa\u00e7\u00e3o em assessoria de imprensa em Boston (EUA), MBA em Marketing pela FGV.<\/p>\n<p>&#8220;O que mais me motiva \u00e9 falar de pessoas, para pessoas. Ver a emo\u00e7\u00e3o de um casal, o brilho nos olhos da fam\u00edlia e o envolvimento dos convidados \u00e9 uma das maiores recompensas do meu trabalho. \u00c9 m\u00e1gico&#8221;, conclui.<\/p>\n<p>\u00a0<\/p>\n<p><strong>Servi\u00e7o:<\/strong><\/p>\n<p>Outras informa\u00e7\u00f5es:<\/p>\n<p> [email\u00a0protected]<\/p>\n<p> www.candicelaterza.com.br<\/p>\n<p> Instagram: @candicelaterza<\/p>\n<p>\u00a0 (13) 99785-6896<\/p>\n<\/p><\/div>\n<p><script async defer crossorigin=\"anonymous\" src=\"https:\/\/connect.facebook.net\/pt_BR\/sdk.js#xfbml=1&#038;version=v12.0&#038;appId=&#038;autoLogAppEvents=1\" nonce=\"ou0fI1lo\"><\/script><br \/>\n<br \/><br \/>\n<br \/>Fonte: <a href=\"https:\/\/www.bs9.com.br\/variedades\/no-mes-das-noivas-celebrante-de-casamentos-comemora-10-anos-de\/31503\/\">BS9<\/a><\/p>\n","protected":false},"excerpt":{"rendered":"<p>Maio \u00e9 o m\u00eas das noivas \u2014 e tamb\u00e9m o m\u00eas em que a jornalista e celebrante C\u00e2ndice La Terza comemora uma d\u00e9cada de atua\u00e7\u00e3o \u00e0 frente de cerim\u00f4nias que transformam hist\u00f3rias de amor em momentos inesquec\u00edveis. Desde 2014, quando foi convidada por uma prima a conduzir de maneira simb\u00f3lica o pr\u00f3prio casamento, C\u00e2ndice viu [&hellip;]<\/p>\n","protected":false},"author":5,"featured_media":18684,"comment_status":"open","ping_status":"open","sticky":false,"template":"","format":"standard","meta":{"_seopress_robots_primary_cat":"","_seopress_titles_title":"","_seopress_titles_desc":"","_seopress_robots_index":"","footnotes":""},"categories":[52],"tags":[],"class_list":["post-18683","post","type-post","status-publish","format-standard","has-post-thumbnail","hentry","category-santoseregiao"],"_links":{"self":[{"href":"https:\/\/mussicom.com\/noticias\/wp-json\/wp\/v2\/posts\/18683","targetHints":{"allow":["GET"]}}],"collection":[{"href":"https:\/\/mussicom.com\/noticias\/wp-json\/wp\/v2\/posts"}],"about":[{"href":"https:\/\/mussicom.com\/noticias\/wp-json\/wp\/v2\/types\/post"}],"author":[{"embeddable":true,"href":"https:\/\/mussicom.com\/noticias\/wp-json\/wp\/v2\/users\/5"}],"replies":[{"embeddable":true,"href":"https:\/\/mussicom.com\/noticias\/wp-json\/wp\/v2\/comments?post=18683"}],"version-history":[{"count":0,"href":"https:\/\/mussicom.com\/noticias\/wp-json\/wp\/v2\/posts\/18683\/revisions"}],"wp:featuredmedia":[{"embeddable":true,"href":"https:\/\/mussicom.com\/noticias\/wp-json\/wp\/v2\/media\/18684"}],"wp:attachment":[{"href":"https:\/\/mussicom.com\/noticias\/wp-json\/wp\/v2\/media?parent=18683"}],"wp:term":[{"taxonomy":"category","embeddable":true,"href":"https:\/\/mussicom.com\/noticias\/wp-json\/wp\/v2\/categories?post=18683"},{"taxonomy":"post_tag","embeddable":true,"href":"https:\/\/mussicom.com\/noticias\/wp-json\/wp\/v2\/tags?post=18683"}],"curies":[{"name":"wp","href":"https:\/\/api.w.org\/{rel}","templated":true}]}}