{"id":18656,"date":"2025-05-07T19:27:31","date_gmt":"2025-05-07T22:27:31","guid":{"rendered":"https:\/\/mussicom.com\/celulares-sao-proibidos-durante-conclave-para-a-escolha-do-papa\/"},"modified":"2025-05-07T19:27:31","modified_gmt":"2025-05-07T22:27:31","slug":"celulares-sao-proibidos-durante-conclave-para-a-escolha-do-papa","status":"publish","type":"post","link":"https:\/\/mussicom.com\/noticias\/celulares-sao-proibidos-durante-conclave-para-a-escolha-do-papa\/","title":{"rendered":"Celulares s\u00e3o proibidos durante conclave para a escolha do papa"},"content":{"rendered":"<p> <br \/>\n<\/p>\n<div id=\"hd80s9wa1h892edh8192\">\n<p>O conclave para a escolha do novo papa j\u00e1 teve in\u00edcio, cercado de medidas de seguran\u00e7a r\u00edgidas. Os cardeais n\u00e3o podem entrar com celulares no recinto. O <strong>Vaticano<\/strong> implementou medidas para garantir o sigilo absoluto do processo eleitoral.<\/p>\n<p><strong>+ Leia mais not\u00edcias de Mundo em Oeste<\/strong><\/p>\n<p>A partir das 15h (hor\u00e1rio de Roma) desta quarta-feira, 7, todos os sinais de telefonia m\u00f3vel dentro da Cidade do Vaticano foram desativados. <\/p>\n<p>A exce\u00e7\u00e3o \u00e9 a Pra\u00e7a de S\u00e3o Pedro, onde o p\u00fablico se re\u00fane para observar a fuma\u00e7a que indica a elei\u00e7\u00e3o do novo papa. Nesta tarde, a fuma\u00e7a preta foi liberada, o que indica que ainda n\u00e3o houve defini\u00e7\u00e3o.<\/p>\n<blockquote class=\"instagram-media\" data-instgrm-captioned=\"\" data-instgrm-permalink=\"https:\/\/www.instagram.com\/p\/DJXAJObSaUx\/?utm_source=ig_embed&amp;utm_campaign=loading\" data-instgrm-version=\"14\" style=\" background:#FFF; border:0; border-radius:3px; box-shadow:0 0 1px 0 rgba(0,0,0,0.5),0 1px 10px 0 rgba(0,0,0,0.15); margin: 1px; max-width:540px; min-width:326px; padding:0; width:99.375%; width:-webkit-calc(100% - 2px); width:calc(100% - 2px);\"\/>\n<p>Os cardeais tamb\u00e9m prestam um juramento de sigilo, comprometendo-se a n\u00e3o buscar influ\u00eancias externas e a manter a confidencialidade do processo eleitoral.<\/p>\n<p>Numa mescla de tecnologia moderna e tradi\u00e7\u00e3o da <strong>Igreja Cat\u00f3lica<\/strong>, a Capela Sistina foi transformada em uma fortaleza de seguran\u00e7a. <\/p>\n<p>Foram instalados pisos tempor\u00e1rios elevados que abrigam dispositivos de bloqueio de sinais, azulejos que bloqueiam sinais e pel\u00edculas nas janelas para dificultar a vigil\u00e2ncia por <em>drones<\/em>.<\/p>\n<p>Em outras \u00e9pocas, como nos momentos de escolha dos papas Le\u00e3o II (pontificado em 682\u2013683) e Bento II (pontificado em 684\u2013685) n\u00e3o havia comunica\u00e7\u00e3o em tempo real. O que havia em comum \u00e9 o fato de serem necess\u00e1rios os votos de 2\/3 dos cardeais para eleger o papa.<\/p>\n<h2 class=\"wp-block-heading\"><strong>Imperador aprovava decis\u00e3o do conclave<\/strong><\/h2>\n<p>O sigilo, nos anos 600, era garantido pela limita\u00e7\u00e3o f\u00edsica de acesso \u00e0 informa\u00e7\u00e3o e pela estrutura clerical romana. O processo era mais lento e profundamente influenciado pela autoridade do imperador bizantino, em Constantinopla.<\/p>\n<p>Isto porque, depois da queda do Imp\u00e9rio Romano do Ocidente em 476 d.C., a cidade de Roma passou a integrar o Imp\u00e9rio Romano do Oriente (Bizantino), com capital em Constantinopla.<\/p>\n<p><strong>Leia mais: \u201cFuma\u00e7a preta: primeira vota\u00e7\u00e3o no conclave termina sem escolha do papa\u201d<\/strong><\/p>\n<p>O papa eleito s\u00f3 podia tomar posse depois da confirma\u00e7\u00e3o imperial \u2014 o que causava longos per\u00edodos com o cargo de papa vago.<\/p>\n<p>Segundo o Livro dos Pont\u00edficese e a Enciclop\u00e9dia Cat\u00f3lica, Le\u00e3o II foi eleito em 681, mas s\u00f3 come\u00e7ou seu pontificado em 682, depois do consentimento do imperador bizantino Constantino IV.<\/p>\n<p>Bento II tamb\u00e9m teve de esperar confirma\u00e7\u00e3o imperial, at\u00e9 que conseguiu o direito de ser confirmado diretamente pelo clero romano.<\/p>\n<\/p><\/div>\n<p><script async src=\"\/\/www.instagram.com\/embed.js\"><\/script><br \/>\n<br \/><br \/>\n<br \/>Fonte: <a href=\"https:\/\/revistaoeste.com\/mundo\/celulares-sao-proibidos-durante-conclave-para-a-escolha-do-papa\/\">Revista Oeste<\/a><\/p>\n","protected":false},"excerpt":{"rendered":"<p>O conclave para a escolha do novo papa j\u00e1 teve in\u00edcio, cercado de medidas de seguran\u00e7a r\u00edgidas. Os cardeais n\u00e3o podem entrar com celulares no recinto. O Vaticano implementou medidas para garantir o sigilo absoluto do processo eleitoral. + Leia mais not\u00edcias de Mundo em Oeste A partir das 15h (hor\u00e1rio de Roma) desta quarta-feira, [&hellip;]<\/p>\n","protected":false},"author":5,"featured_media":18657,"comment_status":"open","ping_status":"open","sticky":false,"template":"","format":"standard","meta":{"_seopress_robots_primary_cat":"","_seopress_titles_title":"","_seopress_titles_desc":"","_seopress_robots_index":"","footnotes":""},"categories":[48],"tags":[],"class_list":["post-18656","post","type-post","status-publish","format-standard","has-post-thumbnail","hentry","category-internacional"],"_links":{"self":[{"href":"https:\/\/mussicom.com\/noticias\/wp-json\/wp\/v2\/posts\/18656","targetHints":{"allow":["GET"]}}],"collection":[{"href":"https:\/\/mussicom.com\/noticias\/wp-json\/wp\/v2\/posts"}],"about":[{"href":"https:\/\/mussicom.com\/noticias\/wp-json\/wp\/v2\/types\/post"}],"author":[{"embeddable":true,"href":"https:\/\/mussicom.com\/noticias\/wp-json\/wp\/v2\/users\/5"}],"replies":[{"embeddable":true,"href":"https:\/\/mussicom.com\/noticias\/wp-json\/wp\/v2\/comments?post=18656"}],"version-history":[{"count":0,"href":"https:\/\/mussicom.com\/noticias\/wp-json\/wp\/v2\/posts\/18656\/revisions"}],"wp:featuredmedia":[{"embeddable":true,"href":"https:\/\/mussicom.com\/noticias\/wp-json\/wp\/v2\/media\/18657"}],"wp:attachment":[{"href":"https:\/\/mussicom.com\/noticias\/wp-json\/wp\/v2\/media?parent=18656"}],"wp:term":[{"taxonomy":"category","embeddable":true,"href":"https:\/\/mussicom.com\/noticias\/wp-json\/wp\/v2\/categories?post=18656"},{"taxonomy":"post_tag","embeddable":true,"href":"https:\/\/mussicom.com\/noticias\/wp-json\/wp\/v2\/tags?post=18656"}],"curies":[{"name":"wp","href":"https:\/\/api.w.org\/{rel}","templated":true}]}}