{"id":18589,"date":"2025-05-07T14:46:56","date_gmt":"2025-05-07T17:46:56","guid":{"rendered":"https:\/\/mussicom.com\/bertioga-prepara-programacao-para-celebrar-34-anos-de-emancipacao\/"},"modified":"2025-05-07T14:46:56","modified_gmt":"2025-05-07T17:46:56","slug":"bertioga-prepara-programacao-para-celebrar-34-anos-de-emancipacao","status":"publish","type":"post","link":"https:\/\/mussicom.com\/noticias\/bertioga-prepara-programacao-para-celebrar-34-anos-de-emancipacao\/","title":{"rendered":"Bertioga prepara programa\u00e7\u00e3o para celebrar 34 anos de emancipa\u00e7\u00e3o"},"content":{"rendered":"<p> <br \/>\n<\/p>\n<div>\n<p><strong>Programa\u00e7\u00e3o come\u00e7a em 17 de maio e inclui atra\u00e7\u00f5es religiosas, shows musicais e o tradicional desfile com escolas e institui\u00e7\u00f5es locais<\/strong><\/p>\n<p>A Prefeitura de Bertioga preparou uma agenda em comemora\u00e7\u00e3o aos 34 anos de emancipa\u00e7\u00e3o da cidade. A programa\u00e7\u00e3o come\u00e7a no dia 17 de maio, com o Festival Gospel, segue no dia 18 com missa e apresenta\u00e7\u00f5es musicais, e se encerra no dia 19, com o tradicional desfile c\u00edvico-militar.<\/p>\n<p>No dia 17, o Festival Gospel contar\u00e1 com momentos de louvor, conduzidos por Valdir Santos, al\u00e9m de shows com Gibi, ex-integrante do grupo Originais do Samba, e com o grupo Templo Soul. As apresenta\u00e7\u00f5es acontecer\u00e3o na Tenda de Eventos, das 18h \u00e0s 23h, e tamb\u00e9m haver\u00e1 uma mensagem de f\u00e9 dos pastores ao p\u00fablico.<\/p>\n<p>No dia seguinte, no mesmo local, a programa\u00e7\u00e3o come\u00e7a \u00e0s 17h30, com a missa de anivers\u00e1rio, e segue at\u00e9 \u00e0s 22h com apresenta\u00e7\u00f5es musicais.<\/p>\n<p>Fechando as comemora\u00e7\u00f5es com chave de ouro, no dia 19, mais de 30 unidades de ensino, entre p\u00fablicas e particulares, al\u00e9m de diversas entidades e institui\u00e7\u00f5es, participar\u00e3o do tradicional desfile c\u00edvico-militar. O desfile ter\u00e1 in\u00edcio \u00e0s 9h, na Avenida 19 de Maio, e, antes dele, \u00e0s 7h30, ocorrer\u00e1 o hasteamento das bandeiras, na Pra\u00e7a dos Emancipadores.<\/p>\n<\/div>\n<p><br \/>\n<br \/>Fonte: <a href=\"https:\/\/jornaldaorla.com.br\/noticias\/bertioga-prepara-programacao-para-celebrar-34-anos-de-emancipacao\/\">Jornal Da Orla<\/a><\/p>\n","protected":false},"excerpt":{"rendered":"<p>Programa\u00e7\u00e3o come\u00e7a em 17 de maio e inclui atra\u00e7\u00f5es religiosas, shows musicais e o tradicional desfile com escolas e institui\u00e7\u00f5es locais A Prefeitura de Bertioga preparou uma agenda em comemora\u00e7\u00e3o aos 34 anos de emancipa\u00e7\u00e3o da cidade. A programa\u00e7\u00e3o come\u00e7a no dia 17 de maio, com o Festival Gospel, segue no dia 18 com missa [&hellip;]<\/p>\n","protected":false},"author":5,"featured_media":18590,"comment_status":"open","ping_status":"open","sticky":false,"template":"","format":"standard","meta":{"_seopress_robots_primary_cat":"","_seopress_titles_title":"","_seopress_titles_desc":"","_seopress_robots_index":"","footnotes":""},"categories":[52],"tags":[],"class_list":["post-18589","post","type-post","status-publish","format-standard","has-post-thumbnail","hentry","category-santoseregiao"],"_links":{"self":[{"href":"https:\/\/mussicom.com\/noticias\/wp-json\/wp\/v2\/posts\/18589","targetHints":{"allow":["GET"]}}],"collection":[{"href":"https:\/\/mussicom.com\/noticias\/wp-json\/wp\/v2\/posts"}],"about":[{"href":"https:\/\/mussicom.com\/noticias\/wp-json\/wp\/v2\/types\/post"}],"author":[{"embeddable":true,"href":"https:\/\/mussicom.com\/noticias\/wp-json\/wp\/v2\/users\/5"}],"replies":[{"embeddable":true,"href":"https:\/\/mussicom.com\/noticias\/wp-json\/wp\/v2\/comments?post=18589"}],"version-history":[{"count":0,"href":"https:\/\/mussicom.com\/noticias\/wp-json\/wp\/v2\/posts\/18589\/revisions"}],"wp:featuredmedia":[{"embeddable":true,"href":"https:\/\/mussicom.com\/noticias\/wp-json\/wp\/v2\/media\/18590"}],"wp:attachment":[{"href":"https:\/\/mussicom.com\/noticias\/wp-json\/wp\/v2\/media?parent=18589"}],"wp:term":[{"taxonomy":"category","embeddable":true,"href":"https:\/\/mussicom.com\/noticias\/wp-json\/wp\/v2\/categories?post=18589"},{"taxonomy":"post_tag","embeddable":true,"href":"https:\/\/mussicom.com\/noticias\/wp-json\/wp\/v2\/tags?post=18589"}],"curies":[{"name":"wp","href":"https:\/\/api.w.org\/{rel}","templated":true}]}}