{"id":18473,"date":"2025-05-07T04:13:37","date_gmt":"2025-05-07T07:13:37","guid":{"rendered":"https:\/\/mussicom.com\/bolsonaro-desafia-moraes-a-mostrar-minuta-do-golpe\/"},"modified":"2025-05-07T04:13:37","modified_gmt":"2025-05-07T07:13:37","slug":"bolsonaro-desafia-moraes-a-mostrar-minuta-do-golpe","status":"publish","type":"post","link":"https:\/\/mussicom.com\/noticias\/bolsonaro-desafia-moraes-a-mostrar-minuta-do-golpe\/","title":{"rendered":"Bolsonaro desafia Moraes a mostrar &#8216;minuta do golpe&#8217;"},"content":{"rendered":"<p> <br \/>\n<\/p>\n<div id=\"hd80s9wa1h892edh8192\">\n<p>O ex-presidente Jair Bolsonaro (PL) desafiou o ministro Alexandre de Moraes, do Supremo Tribunal Federal (<strong>STF<\/strong>), a mostrar a suposta minuta do golpe. Em entrevista \u00e0 edi\u00e7\u00e3o desta ter\u00e7a-feira, 6, do programa <strong>Oeste Sem Filtro<\/strong>, o ex-chefe do Executivo afirmou que o documento n\u00e3o foi divulgado porque que a Suprema Corte n\u00e3o tem provas para incrimin\u00e1-lo.\u00a0<\/p>\n<blockquote class=\"wp-block-quote is-layout-flow wp-block-quote-is-layout-flow\">\n<p>\u201cContudo, j\u00e1 est\u00e1 com a senten\u00e7a pronta\u201d, disse Bolsonaro. \u201cA expectativa \u00e9 me julgar neste ano para me condenar a 38 anos de cadeia.\u201d<\/p>\n<\/blockquote>\n<p>Ao programa <strong>Oeste Sem Filtro<\/strong>, o ex-presidente lembrou de uma declara\u00e7\u00e3o que o ministro Fl\u00e1vio Dino deu em novembro de 2013. Naquele ano, o magistrado afirmou que \u201cas urnas eletr\u00f4nicas s\u00e3o extremamente inseguras e suscet\u00edveis a fraudes\u201d.\u00a0<\/p>\n<p>Dino esteve no julgamento que, no fim de mar\u00e7o, tornou o ex-presidente r\u00e9u pelos supostos crimes de golpe de Estado e tentativa de abolir o Estado Democr\u00e1tico de Direito.<\/p>\n<h2 class=\"wp-block-heading\">\u201cDino tamb\u00e9m deveria ser julgado\u201d<\/h2>\n<p>De acordo com Bolsonaro, Dino tamb\u00e9m deveria ser julgado, em virtude das declara\u00e7\u00f5es feitas em 2013. \u201cOs ju\u00edzes do STF s\u00e3o suspeitos\u201d, disse. \u201cEm primeira inst\u00e2ncia, o processo estaria arquivado.\u201d<\/p>\n<figure class=\"wp-block-embed is-type-video is-provider-youtube wp-block-embed-youtube wp-embed-aspect-4-3 wp-has-aspect-ratio\">\n<div class=\"wp-block-embed__wrapper\">\n<div class=\"perfmatters-lazy-youtube\" data-src=\"https:\/\/www.youtube.com\/embed\/6PLP5Dkrht8\" data-id=\"6PLP5Dkrht8\" data-query=\"feature=oembed\" onclick=\"perfmattersLazyLoadYouTube(this);\">\n<div><img fetchpriority=\"high\" decoding=\"async\" src=\"https:\/\/i.ytimg.com\/vi\/6PLP5Dkrht8\/hqdefault.jpg\" alt=\"YouTube video\" width=\"480\" height=\"360\" data-pin-nopin=\"true\" nopin=\"nopin\"\/><\/div>\n<\/div>\n<p><noscript><iframe title=\"OESTE SEM FILTRO - COM JAIR BOLSONARO - 06\/05\/2025\" width=\"800\" height=\"450\" src=\"https:\/\/www.youtube.com\/embed\/6PLP5Dkrht8?feature=oembed\" frameborder=\"0\" allow=\"accelerometer; autoplay; clipboard-write; encrypted-media; gyroscope; picture-in-picture; web-share\" referrerpolicy=\"strict-origin-when-cross-origin\" allowfullscreen><\/iframe><\/noscript>\n<\/div>\n<\/figure>\n<p>O ex-presidente tamb\u00e9m comentou a fraude no Instituto Nacional do Seguro Social (INSS) \u2014 o novo esc\u00e2ndalo do governo do presidente Luiz In\u00e1cio Lula da Silva.\u00a0<\/p>\n<h2 class=\"wp-block-heading\">Bolsonaro e o INSS<\/h2>\n<p>Bolsonaro lembrou que, quando era presidente, apresentou a Medida Provis\u00f3ria n\u00ba 871\/2019. A proposta instituiu um programa especial para analisar os benef\u00edcios do INSS com ind\u00edcios de irregularidades.<\/p>\n<figure class=\"wp-block-image aligncenter size-full\"><picture><source data-srcset=\"https:\/\/medias.revistaoeste.com\/wp-content\/uploads\/2025\/05\/INSS-4-1.jpg.webp 799w, https:\/\/medias.revistaoeste.com\/wp-content\/uploads\/2025\/05\/INSS-4-1-300x169.jpg.webp 300w, https:\/\/medias.revistaoeste.com\/wp-content\/uploads\/2025\/05\/INSS-4-1-400x225.jpg.webp 400w, https:\/\/medias.revistaoeste.com\/wp-content\/uploads\/2025\/05\/INSS-4-1-216x121.jpg.webp 216w, https:\/\/medias.revistaoeste.com\/wp-content\/uploads\/2025\/05\/INSS-4-1-150x84.jpg.webp 150w\" data-sizes=\"(max-width: 799px) 100vw, 799px\" type=\"image\/webp\"><img decoding=\"async\" width=\"799\" height=\"450\" alt=\"Fachada do INSS em Bras\u00edlia - 2.11.2023 | Foto: Rafa Neddermeyer\/Ag\u00eancia Brasil\" class=\"wp-image-1983099 perfmatters-lazy\" data-eio=\"p\" src=\"https:\/\/medias.revistaoeste.com\/wp-content\/uploads\/2025\/05\/INSS-4-1.jpg\" srcset=\"https:\/\/medias.revistaoeste.com\/wp-content\/uploads\/2025\/05\/INSS-4-1.jpg 799w, https:\/\/medias.revistaoeste.com\/wp-content\/uploads\/2025\/05\/INSS-4-1-300x169.jpg 300w, https:\/\/medias.revistaoeste.com\/wp-content\/uploads\/2025\/05\/INSS-4-1-400x225.jpg 400w, https:\/\/medias.revistaoeste.com\/wp-content\/uploads\/2025\/05\/INSS-4-1-216x121.jpg 216w, https:\/\/medias.revistaoeste.com\/wp-content\/uploads\/2025\/05\/INSS-4-1-150x84.jpg 150w\" data-sizes=\"(max-width: 799px) 100vw, 799px\"\/><img decoding=\"async\" width=\"799\" height=\"450\" src=\"https:\/\/medias.revistaoeste.com\/wp-content\/uploads\/2025\/05\/INSS-4-1.jpg\" alt=\"Fachada do INSS em Bras\u00edlia - 2.11.2023 | Foto: Rafa Neddermeyer\/Ag\u00eancia Brasil\" class=\"wp-image-1983099\" srcset=\"https:\/\/medias.revistaoeste.com\/wp-content\/uploads\/2025\/05\/INSS-4-1.jpg 799w, https:\/\/medias.revistaoeste.com\/wp-content\/uploads\/2025\/05\/INSS-4-1-300x169.jpg 300w, https:\/\/medias.revistaoeste.com\/wp-content\/uploads\/2025\/05\/INSS-4-1-400x225.jpg 400w, https:\/\/medias.revistaoeste.com\/wp-content\/uploads\/2025\/05\/INSS-4-1-216x121.jpg 216w, https:\/\/medias.revistaoeste.com\/wp-content\/uploads\/2025\/05\/INSS-4-1-150x84.jpg 150w\" sizes=\"(max-width: 799px) 100vw, 799px\" data-eio=\"p\"\/><\/source><\/picture><figcaption class=\"wp-element-caption\">Fachada do INSS em Bras\u00edlia \u2013 2.11.2023 | Foto: Rafa Neddermeyer\/Ag\u00eancia Brasil<\/figcaption><\/figure>\n<p>Bolsonaro afirma que o objetivo da medida era fazer o controle das quest\u00f5es que envolviam o dinheiro do INSS. \u201cQuando assumimos, tomamos todas as medidas contra os abusos dos sindicatos\u201d, disse. \u201cO esc\u00e2ndalo \u00e9 abomin\u00e1vel, porque atingiu os mais humildes. Esse \u00e9 o PT, que pretende me tirar da disputa eleitoral do ano que vem.\u201d<\/p>\n<p><related-posts class=\"border-y border-gray-300 py-5\"><\/p>\n<h2 class=\"!text-2xl text-black font-primary font-semibold leading-none mb-3\">\n    Leia tamb\u00e9m:<br \/>\n  <\/h2>\n<p><\/related-posts><\/p><\/div>\n<p><br \/>\n<br \/>Fonte: <a href=\"https:\/\/revistaoeste.com\/politica\/bolsonaro-desafia-moraes-a-mostrar-minuta-do-golpe\/\">Ag\u00eancia Brasil<\/a><\/p>\n","protected":false},"excerpt":{"rendered":"<p>O ex-presidente Jair Bolsonaro (PL) desafiou o ministro Alexandre de Moraes, do Supremo Tribunal Federal (STF), a mostrar a suposta minuta do golpe. Em entrevista \u00e0 edi\u00e7\u00e3o desta ter\u00e7a-feira, 6, do programa Oeste Sem Filtro, o ex-chefe do Executivo afirmou que o documento n\u00e3o foi divulgado porque que a Suprema Corte n\u00e3o tem provas para [&hellip;]<\/p>\n","protected":false},"author":5,"featured_media":18474,"comment_status":"open","ping_status":"open","sticky":false,"template":"","format":"standard","meta":{"_seopress_robots_primary_cat":"","_seopress_titles_title":"","_seopress_titles_desc":"","_seopress_robots_index":"","footnotes":""},"categories":[47,1],"tags":[],"class_list":["post-18473","post","type-post","status-publish","format-standard","has-post-thumbnail","hentry","category-politica","category-ultimas-noticias"],"_links":{"self":[{"href":"https:\/\/mussicom.com\/noticias\/wp-json\/wp\/v2\/posts\/18473","targetHints":{"allow":["GET"]}}],"collection":[{"href":"https:\/\/mussicom.com\/noticias\/wp-json\/wp\/v2\/posts"}],"about":[{"href":"https:\/\/mussicom.com\/noticias\/wp-json\/wp\/v2\/types\/post"}],"author":[{"embeddable":true,"href":"https:\/\/mussicom.com\/noticias\/wp-json\/wp\/v2\/users\/5"}],"replies":[{"embeddable":true,"href":"https:\/\/mussicom.com\/noticias\/wp-json\/wp\/v2\/comments?post=18473"}],"version-history":[{"count":0,"href":"https:\/\/mussicom.com\/noticias\/wp-json\/wp\/v2\/posts\/18473\/revisions"}],"wp:featuredmedia":[{"embeddable":true,"href":"https:\/\/mussicom.com\/noticias\/wp-json\/wp\/v2\/media\/18474"}],"wp:attachment":[{"href":"https:\/\/mussicom.com\/noticias\/wp-json\/wp\/v2\/media?parent=18473"}],"wp:term":[{"taxonomy":"category","embeddable":true,"href":"https:\/\/mussicom.com\/noticias\/wp-json\/wp\/v2\/categories?post=18473"},{"taxonomy":"post_tag","embeddable":true,"href":"https:\/\/mussicom.com\/noticias\/wp-json\/wp\/v2\/tags?post=18473"}],"curies":[{"name":"wp","href":"https:\/\/api.w.org\/{rel}","templated":true}]}}