{"id":18420,"date":"2025-05-06T22:36:31","date_gmt":"2025-05-07T01:36:31","guid":{"rendered":"https:\/\/mussicom.com\/as-10-musicas-que-nao-podem-faltar-na-playlist-de-dia-das-maes\/"},"modified":"2025-05-06T22:36:31","modified_gmt":"2025-05-07T01:36:31","slug":"as-10-musicas-que-nao-podem-faltar-na-playlist-de-dia-das-maes","status":"publish","type":"post","link":"https:\/\/mussicom.com\/noticias\/as-10-musicas-que-nao-podem-faltar-na-playlist-de-dia-das-maes\/","title":{"rendered":"As 10 m\u00fasicas que n\u00e3o podem faltar na playlist de Dia das M\u00e3es"},"content":{"rendered":"<p> <br \/>\n<\/p>\n<div>\n<p>Para muitas pessoas, o <strong>Dia das M\u00e3es<\/strong> \u00e9 uma data especial para dividir lembran\u00e7as, abra\u00e7os e carinho com as mulheres que sempre fizeram de tudo por n\u00f3s. Um dia de mandar uma mensagem amorosa ou, para os mais dedicados, organizar um caf\u00e9 da manh\u00e3 especial ou um almo\u00e7o em fam\u00edlia.<\/p>\n<p>Tradicionalmente celebrado no segundo domingo de maio, em 2025 o Dia das M\u00e3es acontece neste dia 11. Pensando nisso, a <em><strong>Rolling Stone Brasil<\/strong><\/em> preparou uma lista com as 10 m\u00fasicas que n\u00e3o podem faltar em uma playlist ecl\u00e9tica para tocar neste domingo.<\/p>\n<h3>&#8220;Simple Man&#8221; \u2014 Lynyrd Skynyrd<\/h3>\n<p>Come\u00e7ando com as mam\u00e3es mais voltadas ao rock, <strong>\u201cSimple Man\u201d<\/strong> foi lan\u00e7ada em 1973 no \u00e1lbum <em><strong>(Pronounced &#8216;L\u0115h-&#8216;n\u00e9rd &#8216;Skin-&#8216;n\u00e9rd)<\/strong><\/em>. A m\u00fasica \u00e9 inspirada pela morte da av\u00f3 do vocalista da banda, <strong>Ronnie Van Zant<\/strong>, e pela conversa que ele teve com sua pr\u00f3pria m\u00e3e logo ap\u00f3s essa perda.<\/p>\n<p><iframe allowfullscreen=\"allowfullscreen\" frameborder=\"0\" height=\"352\" loading=\"lazy\" src=\"https:\/\/open.spotify.com\/embed\/track\/6F6DxQ3XjToEHX1e2KKSbg?utm_source=generator\" style=\"border-radius: 12px;\" width=\"100%\"><\/iframe><\/p>\n<h3>&#8220;Amanheceu&#8221; \u2014 Scalene<\/h3>\n<p>Lan\u00e7ada pela banda brasileira <strong>Scalene<\/strong> em 2013, <strong>\u201cAmanheceu\u201d<\/strong> se tornou um daqueles cl\u00e1ssicos de homenagem ao Dia das M\u00e3es. A m\u00fasica fala sobre aquele momento em que os filhos est\u00e3o envelhecendo. \u201cFoi um momento cr\u00edtico nas nossas vidas. Est\u00e1vamos crescendo como banda e surgiu a necessidade de sairmos de casa. \u00c9 muito delicado criar essa separa\u00e7\u00e3o e ao mesmo tempo manter essa rela\u00e7\u00e3o. \u00c9 uma m\u00fasica pessoal pra gente. Chorei quando a fiz. Minha m\u00e3e chorou\u201d, disse o vocalista <strong>Gustavo Bertoni<\/strong> (via <em>Gshow<\/em>)<\/p>\n<p><iframe allowfullscreen=\"allowfullscreen\" frameborder=\"0\" height=\"352\" loading=\"lazy\" src=\"https:\/\/open.spotify.com\/embed\/track\/2dnsqxCyWYslPCT6ajjUDI?utm_source=generator\" style=\"border-radius: 12px;\" width=\"100%\"><\/iframe><\/p>\n<h3>\u201cNo Dia em Que Qu Sa\u00ed de Casa\u201d \u2014 Zez\u00e9 Di Camargo &amp; Luciano<\/h3>\n<p>\u00c9 imposs\u00edvel falar sobre sair de casa sem mencionar o cl\u00e1ssico de <strong>Zez\u00e9 Di Camargo &amp; Luciano<\/strong>. Esse cl\u00e1ssico da m\u00fasica brasileira e do sertanejo lan\u00e7ado em 1995 descreve o di\u00e1logo entre o filho de partida e a m\u00e3e, que misturando amor e preocupa\u00e7\u00e3o, d\u00e1 conselhos e ora pelos novos voos de um \u201cpassarinho que quer voar\u201d.<\/p>\n<p><iframe allowfullscreen=\"allowfullscreen\" frameborder=\"0\" height=\"352\" loading=\"lazy\" src=\"https:\/\/open.spotify.com\/embed\/track\/3TPVkq85S5r0EoXZHn5zxU?utm_source=generator\" style=\"border-radius: 12px;\" width=\"100%\"><\/iframe><\/p>\n<h3>\u201cTurn to You (Mother\u2019s Day Dedication)&#8221; \u2013 Justin Bieber<\/h3>\n<p>Para as m\u00e3es do pop, <strong>\u201cTurn to You (Mother\u2019s Day Dedication)&#8221;<\/strong> \u00e9 uma presen\u00e7a obrigat\u00f3ria na playlist. Lan\u00e7ada por <strong>Justin Bieber<\/strong> dois dias antes do Dia das M\u00e3es em 2012, can\u00e7\u00e3o \u00e9 uma homenagem sincera \u00e0 <strong>Pattie Mallette<\/strong>, que criou o artista sozinha, e todas outras mulheres que viveram uma situa\u00e7\u00e3o parecida.<\/p>\n<p><iframe allowfullscreen=\"allowfullscreen\" frameborder=\"0\" height=\"352\" loading=\"lazy\" src=\"https:\/\/open.spotify.com\/embed\/track\/4xDbvfk975nr05ctWgS8Nq?utm_source=generator\" style=\"border-radius: 12px;\" width=\"100%\"><\/iframe><\/p>\n<h3>&#8220;House of Gold&#8221; \u2014 Twenty One Pilots<\/h3>\n<p>Mais uma can\u00e7\u00e3o pop, <strong>\u201cHouse of Gold\u201d<\/strong> foi criada por <strong>Tyler Joseph<\/strong> em homenagem \u00e0 sua m\u00e3e, <strong>Kelly Joseph<\/strong>. A letra traz uma conversa imagin\u00e1ria entre m\u00e3e e filho e reflete sobre o desejo de <strong>Tyler<\/strong> em cuidar de <strong>Kelly<\/strong> quando ela envelhecer e, assim, retribuir todo o amor e apoio que ela deu.<\/p>\n<p><iframe allowfullscreen=\"allowfullscreen\" frameborder=\"0\" height=\"352\" loading=\"lazy\" src=\"https:\/\/open.spotify.com\/embed\/track\/36tghkPg1AO4HsAzo6YpPp?utm_source=generator\" style=\"border-radius: 12px;\" width=\"100%\"><\/iframe><\/p>\n<h3>V\u00e9ia \u2014 Projota<\/h3>\n<p>Aqui vai uma para as mam\u00e3es do rap. <strong>\u201cV\u00e9ia\u201d<\/strong> explora a dor por perder e sentir saudade da m\u00e3e. Com rimas \u00edntimas, <strong>Projota<\/strong> fala sobre a rela\u00e7\u00e3o dele com a av\u00f3, respons\u00e1vel por sua cria\u00e7\u00e3o ap\u00f3s a partida da m\u00e3e dele.<\/p>\n<p><iframe allowfullscreen=\"allowfullscreen\" frameborder=\"0\" height=\"352\" loading=\"lazy\" src=\"https:\/\/open.spotify.com\/embed\/track\/1o9xifUa7cIJJunnD1YINn?utm_source=generator\" style=\"border-radius: 12px;\" width=\"100%\"><\/iframe><\/p>\n<h3>&#8220;Dona Cila&#8221; \u2014 Maria Gad\u00fa<\/h3>\n<p>Por falar em av\u00f3, o Dia das M\u00e3es tamb\u00e9m \u00e9 a data perfeita para homenagear aquelas que s\u00e3o m\u00e3es duas vezes. <strong>\u201cDona Cila\u201d<\/strong> foi lan\u00e7ada por <strong>Maria Gad\u00fa<\/strong> em 2009 ap\u00f3s a cantora acompanhar a av\u00f3 no leito de morte. \u201cSe queres partir, ir embora\/Me olha da onde estiver\/Que eu vou te mostrar que eu t\u00f4 pronta\/Me colha madura do p\u00e9.\u201d<\/p>\n<p><iframe allowfullscreen=\"allowfullscreen\" frameborder=\"0\" height=\"352\" loading=\"lazy\" src=\"https:\/\/open.spotify.com\/embed\/track\/4eGOBCZyjEQ6WckqOVz0ES?utm_source=generator\" style=\"border-radius: 12px;\" width=\"100%\"><\/iframe><\/p>\n<h3>&#8220;Mama&#8221; \u2014 Spicy Girls<\/h3>\n<p>Mais um hit pop, a can\u00e7\u00e3o foi lan\u00e7ada em 1996 e fala sobre a complexidade da rela\u00e7\u00e3o entre m\u00e3es e filhas durante a adolesc\u00eancia. \u201cEscrevemos <strong>\u2018Mama\u2019<\/strong> quando eu estava passando por uma fase ruim com a minha m\u00e3e. O sentimento \u00e9 que sua m\u00e3e \u00e9 provavelmente a melhor amiga que voc\u00ea tem. Seja ela uma m\u00e3e superprotetora ou uma esp\u00e9cie de mina terrestre, ela provavelmente conhece voc\u00ea melhor do que voc\u00ea mesmo em alguns aspectos\u201d, revelou a cantora <strong>Melanie Brown<\/strong> no livro <em><strong>Real Life, Real Spice The Official Story<\/strong><\/em>.<\/p>\n<p><iframe allowfullscreen=\"allowfullscreen\" frameborder=\"0\" height=\"352\" loading=\"lazy\" src=\"https:\/\/open.spotify.com\/embed\/track\/3dNv3OuX6ol9si6PZ9KSAh?utm_source=generator\" style=\"border-radius: 12px;\" width=\"100%\"><\/iframe><\/p>\n<h3>\u201cMama Said\u201d \u2014 Metallica<\/h3>\n<p>Mais uma boa op\u00e7\u00e3o para as m\u00e3es rockeiras, <strong>\u201cMama Said\u201d<\/strong> foi escrita por <strong>James Hetfield<\/strong> como uma homenagem \u00e0 sua m\u00e3e, <strong>Cynthia Hetfield<\/strong>, que faleceu de c\u00e2ncer em 1979, quando ele tinha apenas 13 anos. A can\u00e7\u00e3o reflete a rela\u00e7\u00e3o dif\u00edcil entre eles, marcada por diverg\u00eancias religiosas e por uma perda n\u00e3o completamente superada.<\/p>\n<p><iframe allowfullscreen=\"allowfullscreen\" frameborder=\"0\" height=\"352\" loading=\"lazy\" src=\"https:\/\/open.spotify.com\/embed\/track\/3dWNUqrgkQakv9fj5epwPK?utm_source=generator\" style=\"border-radius: 12px;\" width=\"100%\"><\/iframe><\/p>\n<h3>\u201cPra Voc\u00ea Guardei o Amor\u201d \u2014 Nando Reis e Ana Ca\u00f1as<\/h3>\n<p>A can\u00e7\u00e3o de <strong>Nando Reis<\/strong> e <strong>Ana Ca\u00f1as<\/strong> n\u00e3o fala especificamente sobre a rela\u00e7\u00e3o com as m\u00e3es. Mas se o Dia das M\u00e3es \u00e9 a data para celebrar o amor, essa m\u00fasica \u00e9 ideal. N\u00e3o \u00e0 toa, o Spotify listou <strong>&#8220;Pra Voc\u00ea Guardei o Amor&#8221;<\/strong> como a faixa mais adicionada em playlists sobre a data nos \u00faltimos anos.\u00a0<\/p>\n<p><iframe allowfullscreen=\"allowfullscreen\" frameborder=\"0\" height=\"352\" loading=\"lazy\" src=\"https:\/\/open.spotify.com\/embed\/track\/1EQ8sBQ7Abv9DvNBzhXAcv?utm_source=generator\" style=\"border-radius: 12px;\" width=\"100%\"><\/iframe><\/p>\n<p><strong>+++LEIA MAIS: M\u00e3e de Katy Perry n\u00e3o vai cair em fotos de IA do Met Gala em 2025<\/strong><\/p>\n<p><strong>+++LEIA MAIS: Como a m\u00e3e dos irm\u00e3os Gallagher reagiu \u00e0 reuni\u00e3o do Oasis<\/strong><\/p>\n<\/div>\n<p><br \/>\n<br \/>Fonte: <a href=\"https:\/\/rollingstone.com.br\/musica\/as-10-musicas-que-nao-podem-faltar-na-playlist-de-dia-das-maes\/\">rollingstone.com.br<\/a><\/p>\n","protected":false},"excerpt":{"rendered":"<p>Para muitas pessoas, o Dia das M\u00e3es \u00e9 uma data especial para dividir lembran\u00e7as, abra\u00e7os e carinho com as mulheres que sempre fizeram de tudo por n\u00f3s. Um dia de mandar uma mensagem amorosa ou, para os mais dedicados, organizar um caf\u00e9 da manh\u00e3 especial ou um almo\u00e7o em fam\u00edlia. Tradicionalmente celebrado no segundo domingo [&hellip;]<\/p>\n","protected":false},"author":5,"featured_media":18421,"comment_status":"open","ping_status":"open","sticky":false,"template":"","format":"standard","meta":{"_seopress_robots_primary_cat":"","_seopress_titles_title":"","_seopress_titles_desc":"","_seopress_robots_index":"","footnotes":""},"categories":[51],"tags":[],"class_list":["post-18420","post","type-post","status-publish","format-standard","has-post-thumbnail","hentry","category-musica"],"_links":{"self":[{"href":"https:\/\/mussicom.com\/noticias\/wp-json\/wp\/v2\/posts\/18420","targetHints":{"allow":["GET"]}}],"collection":[{"href":"https:\/\/mussicom.com\/noticias\/wp-json\/wp\/v2\/posts"}],"about":[{"href":"https:\/\/mussicom.com\/noticias\/wp-json\/wp\/v2\/types\/post"}],"author":[{"embeddable":true,"href":"https:\/\/mussicom.com\/noticias\/wp-json\/wp\/v2\/users\/5"}],"replies":[{"embeddable":true,"href":"https:\/\/mussicom.com\/noticias\/wp-json\/wp\/v2\/comments?post=18420"}],"version-history":[{"count":0,"href":"https:\/\/mussicom.com\/noticias\/wp-json\/wp\/v2\/posts\/18420\/revisions"}],"wp:featuredmedia":[{"embeddable":true,"href":"https:\/\/mussicom.com\/noticias\/wp-json\/wp\/v2\/media\/18421"}],"wp:attachment":[{"href":"https:\/\/mussicom.com\/noticias\/wp-json\/wp\/v2\/media?parent=18420"}],"wp:term":[{"taxonomy":"category","embeddable":true,"href":"https:\/\/mussicom.com\/noticias\/wp-json\/wp\/v2\/categories?post=18420"},{"taxonomy":"post_tag","embeddable":true,"href":"https:\/\/mussicom.com\/noticias\/wp-json\/wp\/v2\/tags?post=18420"}],"curies":[{"name":"wp","href":"https:\/\/api.w.org\/{rel}","templated":true}]}}