{"id":18399,"date":"2025-05-06T21:04:34","date_gmt":"2025-05-07T00:04:34","guid":{"rendered":"https:\/\/mussicom.com\/justica-ordena-governo-trump-a-liberar-a-entrada-de-12-mil-refugiados-nos-eua\/"},"modified":"2025-05-06T21:04:34","modified_gmt":"2025-05-07T00:04:34","slug":"justica-ordena-governo-trump-a-liberar-a-entrada-de-12-mil-refugiados-nos-eua","status":"publish","type":"post","link":"https:\/\/mussicom.com\/noticias\/justica-ordena-governo-trump-a-liberar-a-entrada-de-12-mil-refugiados-nos-eua\/","title":{"rendered":"Justi\u00e7a ordena governo Trump a liberar a entrada de 12 mil refugiados nos EUA"},"content":{"rendered":"<p> <br \/>\n<\/p>\n<div id=\"hd80s9wa1h892edh8192\">\n<p>O juiz distrital Jamal Whitehead, do Estado de Washington, ordenou, nesta segunda-feira, 5, que o presidente dos <strong>Estados Unidos<\/strong>, <strong>Donald Trump<\/strong>, receba quase 12 mil refugiados no pa\u00eds. Essa medida confronta os esfor\u00e7os do republicano em combater a pol\u00edtica migrat\u00f3ria ilegal.<\/p>\n<p><strong>+ Leia mais: \u201cGoverno Trump anuncia programa para imigrantes ilegais deixarem os EUA\u201d<\/strong><\/p>\n<p>Na semana passada, o governo Trump informou em uma audi\u00eancia que admitiria apenas 160 refugiados no pa\u00eds. Afirmou tamb\u00e9m que apelaria contra ordens judiciais que exigissem a recep\u00e7\u00e3o de refugiados.<\/p>\n<figure class=\"wp-block-embed aligncenter is-type-video is-provider-youtube wp-block-embed-youtube wp-embed-aspect-16-9 wp-has-aspect-ratio\">\n<div class=\"wp-block-embed__wrapper\">\n<div class=\"perfmatters-lazy-youtube\" data-src=\"https:\/\/www.youtube.com\/embed\/2WZAgvBLVLg\" data-id=\"2WZAgvBLVLg\" data-query=\"feature=oembed\" onclick=\"perfmattersLazyLoadYouTube(this);\">\n<div><img fetchpriority=\"high\" decoding=\"async\" src=\"https:\/\/i.ytimg.com\/vi\/2WZAgvBLVLg\/hqdefault.jpg\" alt=\"YouTube video\" width=\"480\" height=\"360\" data-pin-nopin=\"true\" nopin=\"nopin\"\/><\/div>\n<\/div>\n<p><noscript><iframe title=\"Ana Paula Henkel: &#039;Governo Trump j\u00e1 recuperou US$ 1 trilh\u00e3o em investimentos nos EUA&#039;\" width=\"800\" height=\"450\" src=\"https:\/\/www.youtube.com\/embed\/2WZAgvBLVLg?feature=oembed\" frameborder=\"0\" allow=\"accelerometer; autoplay; clipboard-write; encrypted-media; gyroscope; picture-in-picture; web-share\" referrerpolicy=\"strict-origin-when-cross-origin\" allowfullscreen><\/iframe><\/noscript>\n<\/div>\n<\/figure>\n<p>Por\u00e9m, Whitehead rejeitou o argumento ao destacar que \u201ca interpreta\u00e7\u00e3o do governo \u00e9, para dizer no m\u00ednimo, uma \u2018manobra interpretativa\u2019 do n\u00edvel mais elevado\u201d.<\/p>\n<p>Em fevereiro, o juiz havia bloqueado a ordem executiva de Trump sobre a admiss\u00e3o de refugiados, ao declarar que violava a Lei de Ref\u00fagio de 1980. Mas sua decis\u00e3o foi rejeitada um m\u00eas depois, pelo 9\u00ba Circuito da Corte de Apela\u00e7\u00f5es.<\/p>\n<p><strong>+ Leia mais not\u00edcias de Mundo em Oeste<\/strong><\/p>\n<p>\u201cSe o Nono Circuito quisesse impor uma limita\u00e7\u00e3o de duas semanas, que teria reduzido a popula\u00e7\u00e3o protegida de quase 12 mil para 160 indiv\u00edduos, teria feito isso explicitamente\u201d, escreveu Whitehead.<\/p>\n<p>O caso foi apresentado pela organiza\u00e7\u00e3o judaica de refugiados HIAS, pelo grupo crist\u00e3o Church World Service e por luteranos que prestam servi\u00e7os comunit\u00e1rios.<\/p>\n<h2 class=\"wp-block-heading\">A alternativa para a cidadania norte-americana<\/h2>\n<p>O reassentamento de refugiados \u00e9 uma das poucas vias legais para, eventualmente, obter a cidadania norte-americana. Durante seu mandato, o ent\u00e3o presidente, Joe Biden, havia ampliado esses requisitos do programa.<\/p>\n<figure class=\"wp-block-image aligncenter size-full\"><picture><source data-srcset=\"https:\/\/medias.revistaoeste.com\/wp-content\/uploads\/2025\/02\/policial-ice.jpg.webp 640w, https:\/\/medias.revistaoeste.com\/wp-content\/uploads\/2025\/02\/policial-ice-300x225.jpg.webp 300w, https:\/\/medias.revistaoeste.com\/wp-content\/uploads\/2025\/02\/policial-ice-150x113.jpg.webp 150w\" data-sizes=\"(max-width: 640px) 100vw, 640px\" type=\"image\/webp\"><img decoding=\"async\" width=\"640\" height=\"480\" alt=\"Servi\u00e7o de imigra\u00e7\u00e3o\" class=\"wp-image-1900063 perfmatters-lazy\" data-eio=\"p\" src=\"https:\/\/medias.revistaoeste.com\/wp-content\/uploads\/2025\/02\/policial-ice.jpg\" srcset=\"https:\/\/medias.revistaoeste.com\/wp-content\/uploads\/2025\/02\/policial-ice.jpg 640w, https:\/\/medias.revistaoeste.com\/wp-content\/uploads\/2025\/02\/policial-ice-300x225.jpg 300w, https:\/\/medias.revistaoeste.com\/wp-content\/uploads\/2025\/02\/policial-ice-150x113.jpg 150w\" data-sizes=\"(max-width: 640px) 100vw, 640px\"\/><img decoding=\"async\" width=\"640\" height=\"480\" src=\"https:\/\/medias.revistaoeste.com\/wp-content\/uploads\/2025\/02\/policial-ice.jpg\" alt=\"Servi\u00e7o de imigra\u00e7\u00e3o\" class=\"wp-image-1900063\" srcset=\"https:\/\/medias.revistaoeste.com\/wp-content\/uploads\/2025\/02\/policial-ice.jpg 640w, https:\/\/medias.revistaoeste.com\/wp-content\/uploads\/2025\/02\/policial-ice-300x225.jpg 300w, https:\/\/medias.revistaoeste.com\/wp-content\/uploads\/2025\/02\/policial-ice-150x113.jpg 150w\" sizes=\"(max-width: 640px) 100vw, 640px\" data-eio=\"p\"\/><\/source><\/picture><figcaption class=\"wp-element-caption\">Policiais do servi\u00e7o de imigra\u00e7\u00e3o (ICE) acompanhados de outros agentes ao realizarem pris\u00f5es de imigrantes | Foto: Divulga\u00e7\u00e3o\/ICE<\/figcaption><\/figure>\n<p>Desde a campanha eleitoral, Trump prometeu combater a entrada de imigrantes ilegais no pa\u00eds e incentivou a sa\u00edda dessas pessoas com um programa de benef\u00edcios. At\u00e9 o momento, foram deportados pouco mais de 150 mil imigrantes ilegais.<\/p>\n<p>Tamb\u00e9m nesta segunda-feira, o Tribunal Federal de Apela\u00e7\u00f5es do 1\u00ba Circuito, com sede em Boston, rejeitou um pedido do governo Trump para revogar o <em>status<\/em> geral tempor\u00e1rio de imigrantes cubanos, haitianos, nicaraguenses e venezuelanos que vivem nos EUA.<\/p>\n<p><strong>Leia tamb\u00e9m: \u201cCompromisso com a desonra\u201d , artigo de J. R. Guzzo publicado na Edi\u00e7\u00e3o 266 da Revista Oeste<\/strong><\/p>\n<\/p><\/div>\n<p><br \/>\n<br \/>Fonte: <a href=\"https:\/\/revistaoeste.com\/mundo\/justica-ordena-governo-trump-a-liberar-a-entrada-de-12-mil-refugiados-nos-eua\/\">Revista Oeste<\/a><\/p>\n","protected":false},"excerpt":{"rendered":"<p>O juiz distrital Jamal Whitehead, do Estado de Washington, ordenou, nesta segunda-feira, 5, que o presidente dos Estados Unidos, Donald Trump, receba quase 12 mil refugiados no pa\u00eds. Essa medida confronta os esfor\u00e7os do republicano em combater a pol\u00edtica migrat\u00f3ria ilegal. + Leia mais: \u201cGoverno Trump anuncia programa para imigrantes ilegais deixarem os EUA\u201d Na [&hellip;]<\/p>\n","protected":false},"author":5,"featured_media":18400,"comment_status":"open","ping_status":"open","sticky":false,"template":"","format":"standard","meta":{"_seopress_robots_primary_cat":"","_seopress_titles_title":"","_seopress_titles_desc":"","_seopress_robots_index":"","footnotes":""},"categories":[48],"tags":[],"class_list":["post-18399","post","type-post","status-publish","format-standard","has-post-thumbnail","hentry","category-internacional"],"_links":{"self":[{"href":"https:\/\/mussicom.com\/noticias\/wp-json\/wp\/v2\/posts\/18399","targetHints":{"allow":["GET"]}}],"collection":[{"href":"https:\/\/mussicom.com\/noticias\/wp-json\/wp\/v2\/posts"}],"about":[{"href":"https:\/\/mussicom.com\/noticias\/wp-json\/wp\/v2\/types\/post"}],"author":[{"embeddable":true,"href":"https:\/\/mussicom.com\/noticias\/wp-json\/wp\/v2\/users\/5"}],"replies":[{"embeddable":true,"href":"https:\/\/mussicom.com\/noticias\/wp-json\/wp\/v2\/comments?post=18399"}],"version-history":[{"count":0,"href":"https:\/\/mussicom.com\/noticias\/wp-json\/wp\/v2\/posts\/18399\/revisions"}],"wp:featuredmedia":[{"embeddable":true,"href":"https:\/\/mussicom.com\/noticias\/wp-json\/wp\/v2\/media\/18400"}],"wp:attachment":[{"href":"https:\/\/mussicom.com\/noticias\/wp-json\/wp\/v2\/media?parent=18399"}],"wp:term":[{"taxonomy":"category","embeddable":true,"href":"https:\/\/mussicom.com\/noticias\/wp-json\/wp\/v2\/categories?post=18399"},{"taxonomy":"post_tag","embeddable":true,"href":"https:\/\/mussicom.com\/noticias\/wp-json\/wp\/v2\/tags?post=18399"}],"curies":[{"name":"wp","href":"https:\/\/api.w.org\/{rel}","templated":true}]}}