{"id":18347,"date":"2025-05-06T16:42:32","date_gmt":"2025-05-06T19:42:32","guid":{"rendered":"https:\/\/mussicom.com\/bares-e-restaurantes-esperam-movimento-30-maior-neste-dia-das-maes-no-litoral-paulista\/"},"modified":"2025-05-06T16:42:32","modified_gmt":"2025-05-06T19:42:32","slug":"bares-e-restaurantes-esperam-movimento-30-maior-neste-dia-das-maes-no-litoral-paulista","status":"publish","type":"post","link":"https:\/\/mussicom.com\/noticias\/bares-e-restaurantes-esperam-movimento-30-maior-neste-dia-das-maes-no-litoral-paulista\/","title":{"rendered":"Bares e restaurantes esperam movimento 30% maior neste Dia das M\u00e3es no Litoral Paulista"},"content":{"rendered":"<p> <br \/>\n<\/p>\n<div id=\"texto\">\n<p>Doming\u00e3o \u00e9 dia das M\u00e3es, uma data especial e que ningu\u00e9m quer deix\u00e1-las na cozinha. Por isso, muita gente escolhe bares e restaurantes para celebrar a data. Na Baixada Santista, os comerciantes est\u00e3o otimistas! Embalados por um feriado prolongado, o 1\u00ba de maio, agora pelo segundo fim de semana seguido a expectativa \u00e9 alta.\u00a0<\/p>\n<p>\u00a0<\/p>\n<p>Segundo dados da Associa\u00e7\u00e3o Brasileira de Bares e Restaurantes, a Abrasel Baixada Santista, a expectativa \u00e9 de que o movimento no domingo de Dia das M\u00e3es seja 30% maior do que no ano passado. N\u00e3o \u00e9 \u00e0 toa que esta \u00e9 a data de maior faturamento para o setor de alimenta\u00e7\u00e3o fora do lar.<\/p>\n<p>\u00a0<\/p>\n<p>&#8220;\u00c9 um dia de muito trabalho porque as pessoas querem tirar as m\u00e3es de casa e proporcionar um momento especial. Por isso, o setor se prepara com muita alegria. \u00c9 uma \u00e9poca muito boa para n\u00f3s e claro que buscamos atender todos com a excel\u00eancia de sempre&#8221;, conta o l\u00edder de relacionamento da Abrasel Baixada Santista, Guilherme Karaoglan.<\/p>\n<p>\u00a0<\/p>\n<p>&#8220;Muitos com\u00e9rcios inclusive proporcionam uma experi\u00eancia diferenciada com decora\u00e7\u00e3o especial e tamb\u00e9m entrega de brindes. Sabemos o quanto \u00e9 importante fazer com que as mam\u00e3es recebam todo carinho e como comida \u00e9 afeto, nada melhor do que ter uma refei\u00e7\u00e3o maravilhosa&#8221;, diz o l\u00edder institucional da Abrasel Baixada Santista, Luan Paiva.<\/p>\n<p>\u00a0<\/p>\n<p><strong>Proje\u00e7\u00e3o Nacional\u00a0<\/strong><\/p>\n<p>A proje\u00e7\u00e3o feita na Baixada Santista segue uma tend\u00eancia nacional. De acordo com o levantamento feito com 2.254 estabelecimentos em todo pa\u00eds, oito em cada dez estabelecimentos devem abrir no domingo, 11 de maio.\u00a0<\/p>\n<p>Destes, 78% esperam faturar mais este ano do que na mesma data do ano passado, sendo que 62% esperam aumentar o faturamento at\u00e9 20%; 8% esperam faturar entre 21 a 30% a mais e 8% projetam faturar mais de 30%.<\/p>\n<p>\u00a0<\/p>\n<p><strong>Sobre a Abrasel N\u00facleo Baixada Santista &#8211;<\/strong>\u00a0Criada em abril\/2024, est\u00e1 presente nas nove cidades da regi\u00e3o: Bertioga, Cubat\u00e3o, Guaruj\u00e1, Itanha\u00e9m, Mongagu\u00e1, Peru\u00edbe, Praia Grande, Santos e S\u00e3o Vicente. A inten\u00e7\u00e3o da Abrasel N\u00facleo Baixada Santista \u00e9 justamente levar aos empres\u00e1rios debates sobre quest\u00f5es importantes como: gera\u00e7\u00e3o de empregos, equil\u00edbrio financeiro, taxas de servi\u00e7o mais atraentes, entre outras demandas.<\/p>\n<\/p><\/div>\n<p><script async defer crossorigin=\"anonymous\" src=\"https:\/\/connect.facebook.net\/pt_BR\/sdk.js#xfbml=1&#038;version=v12.0&#038;appId=&#038;autoLogAppEvents=1\" nonce=\"ou0fI1lo\"><\/script><br \/>\n<br \/><br \/>\n<br \/>Fonte: <a href=\"https:\/\/www.bs9.com.br\/variedades\/bares-e-restaurantes-esperam-movimento-30-maior-neste-dia-das-maes-no\/31469\/\">BS9<\/a><\/p>\n","protected":false},"excerpt":{"rendered":"<p>Doming\u00e3o \u00e9 dia das M\u00e3es, uma data especial e que ningu\u00e9m quer deix\u00e1-las na cozinha. Por isso, muita gente escolhe bares e restaurantes para celebrar a data. Na Baixada Santista, os comerciantes est\u00e3o otimistas! Embalados por um feriado prolongado, o 1\u00ba de maio, agora pelo segundo fim de semana seguido a expectativa \u00e9 alta.\u00a0 \u00a0 [&hellip;]<\/p>\n","protected":false},"author":5,"featured_media":18348,"comment_status":"open","ping_status":"open","sticky":false,"template":"","format":"standard","meta":{"_seopress_robots_primary_cat":"","_seopress_titles_title":"","_seopress_titles_desc":"","_seopress_robots_index":"","footnotes":""},"categories":[52],"tags":[],"class_list":["post-18347","post","type-post","status-publish","format-standard","has-post-thumbnail","hentry","category-santoseregiao"],"_links":{"self":[{"href":"https:\/\/mussicom.com\/noticias\/wp-json\/wp\/v2\/posts\/18347","targetHints":{"allow":["GET"]}}],"collection":[{"href":"https:\/\/mussicom.com\/noticias\/wp-json\/wp\/v2\/posts"}],"about":[{"href":"https:\/\/mussicom.com\/noticias\/wp-json\/wp\/v2\/types\/post"}],"author":[{"embeddable":true,"href":"https:\/\/mussicom.com\/noticias\/wp-json\/wp\/v2\/users\/5"}],"replies":[{"embeddable":true,"href":"https:\/\/mussicom.com\/noticias\/wp-json\/wp\/v2\/comments?post=18347"}],"version-history":[{"count":0,"href":"https:\/\/mussicom.com\/noticias\/wp-json\/wp\/v2\/posts\/18347\/revisions"}],"wp:featuredmedia":[{"embeddable":true,"href":"https:\/\/mussicom.com\/noticias\/wp-json\/wp\/v2\/media\/18348"}],"wp:attachment":[{"href":"https:\/\/mussicom.com\/noticias\/wp-json\/wp\/v2\/media?parent=18347"}],"wp:term":[{"taxonomy":"category","embeddable":true,"href":"https:\/\/mussicom.com\/noticias\/wp-json\/wp\/v2\/categories?post=18347"},{"taxonomy":"post_tag","embeddable":true,"href":"https:\/\/mussicom.com\/noticias\/wp-json\/wp\/v2\/tags?post=18347"}],"curies":[{"name":"wp","href":"https:\/\/api.w.org\/{rel}","templated":true}]}}