{"id":18315,"date":"2025-05-06T13:59:06","date_gmt":"2025-05-06T16:59:06","guid":{"rendered":"https:\/\/mussicom.com\/querem-transformar-o-stf-na-revista-caras\/"},"modified":"2025-05-06T13:59:06","modified_gmt":"2025-05-06T16:59:06","slug":"querem-transformar-o-stf-na-revista-caras","status":"publish","type":"post","link":"https:\/\/mussicom.com\/noticias\/querem-transformar-o-stf-na-revista-caras\/","title":{"rendered":"\u2018Querem transformar o STF na revista Caras\u2019"},"content":{"rendered":"<p> <br \/>\n<\/p>\n<div id=\"hd80s9wa1h892edh8192\">\n<p>O ministro Alexandre de Moraes, do Supremo Tribunal Federal (STF), afirmou que \u201calguns\u201d da imprensa \u201cquerem transformar o Supremo na revista <em>Caras<\/em>\u201d. Ele deu a declara\u00e7\u00e3o durante julgamento do n\u00facleo 4 da suposta tentativa de golpe na 1\u00aa Turma.\u00a0<\/p>\n<p>Moraes fez a fala depois de uma declara\u00e7\u00e3o do ministro Luiz Fux, o qual negou que fa\u00e7a \u201calguma frente\u201d contra o magistrado. \u201cPorque, na verdade, eu estou aqui mantendo pontos de vista que me parecem que s\u00e3o os adequados \u00e0 luz da minha vis\u00e3o de Direito Penal\u201d, sinalizou Fux.<\/p>\n<p><strong>+ Fux e Moraes rebatem suposto conflito entre eles<\/strong><\/p>\n<p>Na sequ\u00eancia, Moraes disse: \u201cAt\u00e9 aproveito as falas do ministro Fux para cumprimentar a imprensa, aqui presente, parabenizar a imprensa pelo trabalho, ministro Fux\u201d.<\/p>\n<blockquote class=\"wp-block-quote is-layout-flow wp-block-quote-is-layout-flow\">\n<p>\u201c99,9% do trabalho da imprensa \u00e9 esse trabalho s\u00e9rio de todos aqueles que est\u00e3o aqui\u201d, prosseguiu. \u201cAlguns querem transformar o Supremo na revista <em>Caras<\/em>, ent\u00e3o tiram foto da minha gravata, do terno do ministro Fl\u00e1vio Dino. Querem fazer intriga e, obviamente, como vossa excel\u00eancia disse, isso n\u00e3o \u00e9 levado em conta aqui. Porque \u00e9 um \u00f3rg\u00e3o exatamente para cada um debater, discutir e apontar a sua posi\u00e7\u00e3o.\u201d<\/p>\n<\/blockquote>\n<figure class=\"wp-block-embed is-type-video is-provider-youtube wp-block-embed-youtube wp-embed-aspect-4-3 wp-has-aspect-ratio\">\n<div class=\"wp-block-embed__wrapper\">\n<div class=\"perfmatters-lazy-youtube\" data-src=\"https:\/\/www.youtube.com\/embed\/ha0LxggI4Wk\" data-id=\"ha0LxggI4Wk\" data-query=\"feature=oembed\" onclick=\"perfmattersLazyLoadYouTube(this);\">\n<div><img fetchpriority=\"high\" decoding=\"async\" src=\"https:\/\/i.ytimg.com\/vi\/ha0LxggI4Wk\/hqdefault.jpg\" alt=\"YouTube video\" width=\"480\" height=\"360\" data-pin-nopin=\"true\" nopin=\"nopin\"\/><\/div>\n<\/div>\n<p><noscript><iframe title=\"TV Justi\u00e7a - Ao vivo\" width=\"800\" height=\"600\" src=\"https:\/\/www.youtube.com\/embed\/ha0LxggI4Wk?feature=oembed\" frameborder=\"0\" allow=\"accelerometer; autoplay; clipboard-write; encrypted-media; gyroscope; picture-in-picture; web-share\" referrerpolicy=\"strict-origin-when-cross-origin\" allowfullscreen><\/iframe><\/noscript>\n<\/div>\n<\/figure>\n<h2 class=\"wp-block-heading\"><strong>Moraes \u00e9 relator da suposta tentativa de golpe<\/strong><\/h2>\n<p>A 1\u00aa Turma do STF come\u00e7ou a julgar nesta ter\u00e7a-feira, 6, a den\u00fancia apresentada pela Procuradoria-Geral da Rep\u00fablica (PGR) contra os integrantes do chamado n\u00facleo 4 \u2014 um dos grupos investigados por envolvimento em uma suposta tentativa de golpe de Estado em 2022.<\/p>\n<p>As den\u00fancias referentes aos n\u00facleos 1 e 2, que incluem o ex-presidente Jair Bolsonaro e aliados pr\u00f3ximos, j\u00e1 foram analisadas e resultaram na abertura de a\u00e7\u00f5es penais, tornando os investigados r\u00e9us no processo.<\/p>\n<p><strong>+ AO VIVO: STF julga den\u00fancia contra n\u00facleo acusado de \u2018desinforma\u00e7\u00e3o\u2019<\/strong><\/p>\n<p>Segundo a PGR, os sete acusados do n\u00facleo 4 teriam participado de a\u00e7\u00f5es coordenadas com o objetivo de disseminar desinforma\u00e7\u00e3o e atacar a legitimidade do processo eleitoral. S\u00e3o eles:<\/p>\n<ul>\n<li><strong>Ailton Gon\u00e7alves Moraes Barros<\/strong> \u2014 major da reserva;<\/li>\n<li><strong>\u00c2ngelo Martins Denicoli<\/strong> \u2014 major da reserva;<\/li>\n<li><strong>Carlos Cesar Moretzsohn Rocha<\/strong> \u2014 engenheiro e presidente do Instituto Voto Legal;<\/li>\n<li><strong>Giancarlo Gomes Rodrigues<\/strong> \u2014 subtenente do Ex\u00e9rcito;<\/li>\n<li><strong>Guilherme Marques de Almeida<\/strong> \u2014 tenente-coronel do Ex\u00e9rcito;<\/li>\n<li><strong>Marcelo Ara\u00fajo Bormevet<\/strong> \u2014 agente da Pol\u00edcia Federal e ex-integrante da Abin;<\/li>\n<li><strong>Reginaldo Vieira de Abreu<\/strong> \u2014 coronel do Ex\u00e9rcito.<\/li>\n<\/ul>\n<p>A Procuradoria afirma que todos atuaram de forma articulada para desacreditar o sistema eleitoral e criar um ambiente prop\u00edcio \u00e0 ruptura institucional.<\/p>\n<p><strong>+ Leia mais not\u00edcias de Pol\u00edtica em Oeste<\/strong><\/p>\n<\/p><\/div>\n<p><br \/>\n<br \/>Fonte: <a href=\"https:\/\/revistaoeste.com\/politica\/moraes-querem-transformar-o-stf-na-revista-caras\/\">Ag\u00eancia Brasil<\/a><\/p>\n","protected":false},"excerpt":{"rendered":"<p>O ministro Alexandre de Moraes, do Supremo Tribunal Federal (STF), afirmou que \u201calguns\u201d da imprensa \u201cquerem transformar o Supremo na revista Caras\u201d. Ele deu a declara\u00e7\u00e3o durante julgamento do n\u00facleo 4 da suposta tentativa de golpe na 1\u00aa Turma.\u00a0 Moraes fez a fala depois de uma declara\u00e7\u00e3o do ministro Luiz Fux, o qual negou que [&hellip;]<\/p>\n","protected":false},"author":5,"featured_media":18316,"comment_status":"open","ping_status":"open","sticky":false,"template":"","format":"standard","meta":{"_seopress_robots_primary_cat":"","_seopress_titles_title":"","_seopress_titles_desc":"","_seopress_robots_index":"","footnotes":""},"categories":[47,1],"tags":[],"class_list":["post-18315","post","type-post","status-publish","format-standard","has-post-thumbnail","hentry","category-politica","category-ultimas-noticias"],"_links":{"self":[{"href":"https:\/\/mussicom.com\/noticias\/wp-json\/wp\/v2\/posts\/18315","targetHints":{"allow":["GET"]}}],"collection":[{"href":"https:\/\/mussicom.com\/noticias\/wp-json\/wp\/v2\/posts"}],"about":[{"href":"https:\/\/mussicom.com\/noticias\/wp-json\/wp\/v2\/types\/post"}],"author":[{"embeddable":true,"href":"https:\/\/mussicom.com\/noticias\/wp-json\/wp\/v2\/users\/5"}],"replies":[{"embeddable":true,"href":"https:\/\/mussicom.com\/noticias\/wp-json\/wp\/v2\/comments?post=18315"}],"version-history":[{"count":0,"href":"https:\/\/mussicom.com\/noticias\/wp-json\/wp\/v2\/posts\/18315\/revisions"}],"wp:featuredmedia":[{"embeddable":true,"href":"https:\/\/mussicom.com\/noticias\/wp-json\/wp\/v2\/media\/18316"}],"wp:attachment":[{"href":"https:\/\/mussicom.com\/noticias\/wp-json\/wp\/v2\/media?parent=18315"}],"wp:term":[{"taxonomy":"category","embeddable":true,"href":"https:\/\/mussicom.com\/noticias\/wp-json\/wp\/v2\/categories?post=18315"},{"taxonomy":"post_tag","embeddable":true,"href":"https:\/\/mussicom.com\/noticias\/wp-json\/wp\/v2\/tags?post=18315"}],"curies":[{"name":"wp","href":"https:\/\/api.w.org\/{rel}","templated":true}]}}