{"id":18188,"date":"2025-05-05T23:43:32","date_gmt":"2025-05-06T02:43:32","guid":{"rendered":"https:\/\/mussicom.com\/carmen-lucia-homenageia-moraes-e-exalta-papel-do-mp\/"},"modified":"2025-05-05T23:43:32","modified_gmt":"2025-05-06T02:43:32","slug":"carmen-lucia-homenageia-moraes-e-exalta-papel-do-mp","status":"publish","type":"post","link":"https:\/\/mussicom.com\/noticias\/carmen-lucia-homenageia-moraes-e-exalta-papel-do-mp\/","title":{"rendered":"C\u00e1rmen L\u00facia homenageia Moraes e exalta papel do MP"},"content":{"rendered":"<p> <br \/>\n<\/p>\n<div id=\"hd80s9wa1h892edh8192\">\n<p>A ministra do Supremo Tribunal Federal (STF) <strong>C\u00e1rmen L\u00facia<\/strong> fez uma homenagem enf\u00e1tica ao colega <strong>Alexandre de Moraes<\/strong> durante o semin\u00e1rio \u201cDemocracia, Justi\u00e7a, Pol\u00edtica e o Futuro do MP na Perspectiva Feminina\u201d. O evento teve a organiza\u00e7\u00e3o do Minist\u00e9rio P\u00fablico de S\u00e3o Paulo (MP-SP). Em sua fala, nesta \u00faltima sexta-feira, 2, ela destacou a import\u00e2ncia hist\u00f3rica da presen\u00e7a de integrantes do MP na composi\u00e7\u00e3o da Suprema Corte.<\/p>\n<p>\u201cFa\u00e7o uma refer\u00eancia ao meu querid\u00edssimo amigo, ministro Alexandre de Moraes, que, n\u00e3o se esque\u00e7am de lembrar, a cada voto, que ele \u00e9 Minist\u00e9rio P\u00fablico. Ele n\u00e3o apenas passou por aqui, ele \u00e9 o Minist\u00e9rio P\u00fablico\u201d, afirmou C\u00e1rmen L\u00facia. Diferentemente do STF, que \u00e9 um \u00f3rg\u00e3o julgador, o MP desempenha a fun\u00e7\u00e3o acusat\u00f3ria. Para usu\u00e1rios das redes sociais, o coment\u00e1rio de C\u00e1rmen contradiz o princ\u00edpio da imparcialidade.<\/p>\n<h2 class=\"wp-block-heading\"><strong>STF: diversidade e mal-estar<\/strong><\/h2>\n<p>A ministra enfatizou que o STF, desde sua origem, re\u00fane profissionais de diferentes trajet\u00f3rias jur\u00eddicas, e n\u00e3o apenas ju\u00edzes de carreira. \u201cEmbora, \u00e0s vezes, isso possa causar certo mal-estar em algumas institui\u00e7\u00f5es, o STF nunca foi, tradicionalmente, composto majoritariamente por magistrados.\u201d<\/p>\n<p>C\u00e1rmen L\u00facia lembrou que, com a sa\u00edda do ministro Ricardo Lewandowski (hoje, no Minist\u00e9rio da Justi\u00e7a), a atual forma\u00e7\u00e3o da Corte deixou de incluir representantes da magistratura do Estado de S\u00e3o Paulo. Nesse contexto, a ministra reiterou os elogios em raz\u00e3o do v\u00ednculo de Moraes com o Minist\u00e9rio P\u00fablico paulista.\u00a0<\/p>\n<figure class=\"wp-block-embed is-type-rich is-provider-twitter wp-block-embed-twitter\">\n<div class=\"wp-block-embed__wrapper\">\n<blockquote class=\"twitter-tweet\" data-width=\"500\" data-dnt=\"true\">\n<p lang=\"pt\" dir=\"ltr\">Carmen L\u00facia declara a aus\u00eancia de imparcialidade no STF, como algo positivo. Acabou a justi\u00e7a no Brasil?! <a href=\"https:\/\/t.co\/et7nURRrHx\">pic.twitter.com\/et7nURRrHx<\/a><\/p>\n<p>\u2014 Oliveira. W. \u2696\ufe0f (@wallaceolive_r) <a href=\"https:\/\/twitter.com\/wallaceolive_r\/status\/1918754457992470558?ref_src=twsrc%5Etfw\">May 3, 2025<\/a><\/p><\/blockquote>\n<\/div>\n<\/figure>\n<p>\u201cTemos brilhantemente S\u00e3o Paulo representado. Soberbamente, eu diria. A presen\u00e7a de um membro do MP-SP, que \u00e9 o ministro Alexandre de Moraes, representa hoje tudo de melhor em termos de coragem e imparcialidade\u201d.<\/p>\n<p>Segundo a ministra, Moraes cumpre papel essencial na preserva\u00e7\u00e3o do Estado Democr\u00e1tico de Direito. \u201cO Minist\u00e9rio P\u00fablico de S\u00e3o Paulo fica credor na hist\u00f3ria do Brasil por ter formado algu\u00e9m que representa n\u00e3o s\u00f3 sua institui\u00e7\u00e3o, mas o pr\u00f3prio direito brasileiro\u201d.<\/p>\n<figure class=\"wp-block-embed is-type-video is-provider-youtube wp-block-embed-youtube wp-embed-aspect-16-9 wp-has-aspect-ratio\">\n<div class=\"wp-block-embed__wrapper\">\n<div class=\"perfmatters-lazy-youtube\" data-src=\"https:\/\/www.youtube.com\/embed\/iHxNNqtyr7A\" data-id=\"iHxNNqtyr7A\" data-query=\"feature=oembed\" onclick=\"perfmattersLazyLoadYouTube(this);\">\n<div><img fetchpriority=\"high\" decoding=\"async\" src=\"https:\/\/i.ytimg.com\/vi\/iHxNNqtyr7A\/hqdefault.jpg\" alt=\"YouTube video\" width=\"480\" height=\"360\" data-pin-nopin=\"true\" nopin=\"nopin\"\/><\/div>\n<\/div>\n<p><noscript><iframe title=\"Ana Paula Henkel repudia voto de C\u00e1rmen L\u00facia para sentenciar &#039;presa do batom&#039;: &#039;Vergonhoso&#039;\" width=\"800\" height=\"450\" src=\"https:\/\/www.youtube.com\/embed\/iHxNNqtyr7A?feature=oembed\" frameborder=\"0\" allow=\"accelerometer; autoplay; clipboard-write; encrypted-media; gyroscope; picture-in-picture; web-share\" referrerpolicy=\"strict-origin-when-cross-origin\" allowfullscreen><\/iframe><\/noscript>\n<\/div>\n<\/figure>\n<p>Em tom mais leve, C\u00e1rmen L\u00facia compartilhou detalhes de sua rela\u00e7\u00e3o pessoal com o colega. Disse ter uma amizade pr\u00f3xima \u00e0 esposa do ministro, Viviane Barci, a quem chama de \u201cVivi\u201d, e brincou sobre poss\u00edveis discord\u00e2ncias com Moraes: \u201cDele, de vez em quando, eu tenho uns arranca-rabos.\u201d<\/p>\n<p>+ <strong>Leia mais not\u00edcias de <\/strong><strong>Pol\u00edtica<\/strong><strong> na Oeste<\/strong><\/p>\n<\/p><\/div>\n<p><script async src=\"\/\/platform.twitter.com\/widgets.js\" charset=\"utf-8\"><\/script><br \/>\n<br \/><br \/>\n<br \/>Fonte: <a href=\"https:\/\/revistaoeste.com\/politica\/carmen-homenageia-moraes-e-exalta-papel-do-mp-no-stf\/\">Ag\u00eancia Brasil<\/a><\/p>\n","protected":false},"excerpt":{"rendered":"<p>A ministra do Supremo Tribunal Federal (STF) C\u00e1rmen L\u00facia fez uma homenagem enf\u00e1tica ao colega Alexandre de Moraes durante o semin\u00e1rio \u201cDemocracia, Justi\u00e7a, Pol\u00edtica e o Futuro do MP na Perspectiva Feminina\u201d. O evento teve a organiza\u00e7\u00e3o do Minist\u00e9rio P\u00fablico de S\u00e3o Paulo (MP-SP). Em sua fala, nesta \u00faltima sexta-feira, 2, ela destacou a import\u00e2ncia [&hellip;]<\/p>\n","protected":false},"author":5,"featured_media":18189,"comment_status":"open","ping_status":"open","sticky":false,"template":"","format":"standard","meta":{"_seopress_robots_primary_cat":"","_seopress_titles_title":"","_seopress_titles_desc":"","_seopress_robots_index":"","footnotes":""},"categories":[47,1],"tags":[],"class_list":["post-18188","post","type-post","status-publish","format-standard","has-post-thumbnail","hentry","category-politica","category-ultimas-noticias"],"_links":{"self":[{"href":"https:\/\/mussicom.com\/noticias\/wp-json\/wp\/v2\/posts\/18188","targetHints":{"allow":["GET"]}}],"collection":[{"href":"https:\/\/mussicom.com\/noticias\/wp-json\/wp\/v2\/posts"}],"about":[{"href":"https:\/\/mussicom.com\/noticias\/wp-json\/wp\/v2\/types\/post"}],"author":[{"embeddable":true,"href":"https:\/\/mussicom.com\/noticias\/wp-json\/wp\/v2\/users\/5"}],"replies":[{"embeddable":true,"href":"https:\/\/mussicom.com\/noticias\/wp-json\/wp\/v2\/comments?post=18188"}],"version-history":[{"count":0,"href":"https:\/\/mussicom.com\/noticias\/wp-json\/wp\/v2\/posts\/18188\/revisions"}],"wp:featuredmedia":[{"embeddable":true,"href":"https:\/\/mussicom.com\/noticias\/wp-json\/wp\/v2\/media\/18189"}],"wp:attachment":[{"href":"https:\/\/mussicom.com\/noticias\/wp-json\/wp\/v2\/media?parent=18188"}],"wp:term":[{"taxonomy":"category","embeddable":true,"href":"https:\/\/mussicom.com\/noticias\/wp-json\/wp\/v2\/categories?post=18188"},{"taxonomy":"post_tag","embeddable":true,"href":"https:\/\/mussicom.com\/noticias\/wp-json\/wp\/v2\/tags?post=18188"}],"curies":[{"name":"wp","href":"https:\/\/api.w.org\/{rel}","templated":true}]}}