{"id":18125,"date":"2025-05-05T19:39:45","date_gmt":"2025-05-05T22:39:45","guid":{"rendered":"https:\/\/mussicom.com\/comissao-da-presidencia-arquiva-processo-sobre-n-2-do-mec\/"},"modified":"2025-05-05T19:39:45","modified_gmt":"2025-05-05T22:39:45","slug":"comissao-da-presidencia-arquiva-processo-sobre-n-2-do-mec","status":"publish","type":"post","link":"https:\/\/mussicom.com\/noticias\/comissao-da-presidencia-arquiva-processo-sobre-n-2-do-mec\/","title":{"rendered":"Comiss\u00e3o da Presid\u00eancia arquiva processo sobre n\u00b0 2 do MEC"},"content":{"rendered":"<p> <br \/>\n<\/p>\n<div id=\"hd80s9wa1h892edh8192\">\n<p>A Comiss\u00e3o de \u00c9tica P\u00fablica da <strong>Presid\u00eancia da Rep\u00fablica<\/strong> arquivou o processo que avaliava um poss\u00edvel conflito de interesses na nomea\u00e7\u00e3o de Leonardo Barchini como secret\u00e1rio-executivo do <strong>Minist\u00e9rio da Educa\u00e7\u00e3o (MEC)<\/strong>, depois de ele ocupar o cargo de diretor da <strong>Organiza\u00e7\u00e3o dos Estados Ibero-Americanos (OEI)<\/strong> no Brasil. <\/p>\n<p>O colegiado decidiu que a situa\u00e7\u00e3o de Barchini \u00e9 similar \u00e0 transi\u00e7\u00e3o de algu\u00e9m do setor privado para o governo, o que n\u00e3o configuraria, em tese, um conflito de interesses.<\/p>\n<p>As reuni\u00f5es do colegiado n\u00e3o s\u00e3o p\u00fablicas, e suas decis\u00f5es n\u00e3o s\u00e3o divulgadas imediatamente. <\/p>\n<p>Depois do julgamento, realizado em 28 de abril, o presidente do colegiado, Manoel Caetano Ferreira Filho, informou que o arquivamento se deu porque, em tese, n\u00e3o existe conflito de interesses quando um indiv\u00edduo vem da iniciativa privada para assumir um cargo p\u00fablico. Por essa raz\u00e3o, a comiss\u00e3o optou por n\u00e3o analisar especificamente o caso de Barchini.<\/p>\n<h2 class=\"wp-block-heading\">Indaga\u00e7\u00f5es sobre a sobre atua\u00e7\u00e3o de Barchini no MEC<\/h2>\n<p>A atua\u00e7\u00e3o de Barchini tanto na OEI quanto no MEC chamou a aten\u00e7\u00e3o, mas ele n\u00e3o consultou a comiss\u00e3o antes de deixar o MEC para atuar na OEI, o que gerou questionamentos. <\/p>\n<p>Sua consulta \u00e0 comiss\u00e3o ocorreu somente depois de sua nomea\u00e7\u00e3o no MEC, quando retornou ao governo.<\/p>\n<p>O presidente da comiss\u00e3o alega que suas declara\u00e7\u00f5es sobre a aus\u00eancia de conflito de interesses eram de natureza gen\u00e9rica e abstrata, e n\u00e3o se aplicavam especificamente ao caso envolvendo a OEI, um organismo de car\u00e1ter intergovernamental. <\/p>\n<p>A decis\u00e3o de arquivar a consulta foi fundamentada na \u201caus\u00eancia de interesse de agir do consulente\u201d.<\/p>\n<h2 class=\"wp-block-heading\">As conex\u00f5es entre Barchini e a OEI<\/h2>\n<figure class=\"wp-block-image aligncenter size-full is-resized\"><picture><source data-srcset=\"https:\/\/medias.revistaoeste.com\/wp-content\/uploads\/2025\/04\/Lula-ONGs_2.jpg.webp 1280w, https:\/\/medias.revistaoeste.com\/wp-content\/uploads\/2025\/04\/Lula-ONGs_2-300x169.jpg.webp 300w, https:\/\/medias.revistaoeste.com\/wp-content\/uploads\/2025\/04\/Lula-ONGs_2-400x225.jpg.webp 400w, https:\/\/medias.revistaoeste.com\/wp-content\/uploads\/2025\/04\/Lula-ONGs_2-216x121.jpg.webp 216w, https:\/\/medias.revistaoeste.com\/wp-content\/uploads\/2025\/04\/Lula-ONGs_2-150x84.jpg.webp 150w\" data-sizes=\"(max-width: 1280px) 100vw, 1280px\" type=\"image\/webp\"><img fetchpriority=\"high\" decoding=\"async\" width=\"1280\" height=\"720\" src=\"https:\/\/medias.revistaoeste.com\/wp-content\/uploads\/2025\/04\/Lula-ONGs_2.jpg\" alt=\"Lula-ONGs_2\" class=\"wp-image-1970106\" style=\"width:644px;height:auto\" srcset=\"https:\/\/medias.revistaoeste.com\/wp-content\/uploads\/2025\/04\/Lula-ONGs_2.jpg 1280w, https:\/\/medias.revistaoeste.com\/wp-content\/uploads\/2025\/04\/Lula-ONGs_2-300x169.jpg 300w, https:\/\/medias.revistaoeste.com\/wp-content\/uploads\/2025\/04\/Lula-ONGs_2-400x225.jpg 400w, https:\/\/medias.revistaoeste.com\/wp-content\/uploads\/2025\/04\/Lula-ONGs_2-216x121.jpg 216w, https:\/\/medias.revistaoeste.com\/wp-content\/uploads\/2025\/04\/Lula-ONGs_2-150x84.jpg 150w\" sizes=\"(max-width: 1280px) 100vw, 1280px\" data-eio=\"p\"\/><\/source><\/picture><figcaption class=\"wp-element-caption\">Janja, com o secret\u00e1rio-geral da OEI, o espanhol Mariano Jabonero, na reuni\u00e3o do G-20 | Foto: Ricardo Stuckert\/Presid\u00eancia da Rep\u00fablica<\/figcaption><\/figure>\n<p>O caso analisado n\u00e3o exigia uma resposta formal da Comiss\u00e3o de \u00c9tica P\u00fablica, segundo despacho da conselheira Marcelise Miranda de Azevedo, indicada ao cargo pelo presidente Lula em setembro.<\/p>\n<p>Antes disso, o ministro Bruno Dantas, do Tribunal de Contas da Uni\u00e3o (TCU), afirmou que a OEI \u00e9 uma entidade privada fora da administra\u00e7\u00e3o p\u00fablica, sem obriga\u00e7\u00e3o de seguir a Lei de Licita\u00e7\u00f5es. <\/p>\n<p>Durante sua atua\u00e7\u00e3o, Barchini teve papel estrat\u00e9gico na amplia\u00e7\u00e3o dos contratos da OEI com o governo, que somam R$ 710 milh\u00f5es desde 2023. A OEI tamb\u00e9m tentou se aproximar da primeira-dama Janja e, no in\u00edcio do governo, chegou a oferecer um cargo a ela. A proposta n\u00e3o foi adiante.<\/p>\n<p>Decretos assinados recentemente facilitaram a atua\u00e7\u00e3o da OEI na m\u00e1quina p\u00fablica. Um deles aumentou de 5% para at\u00e9 10% a taxa de administra\u00e7\u00e3o cobrada em contratos com o governo.<\/p>\n<p>Barchini participou do grupo de transi\u00e7\u00e3o na \u00e1rea da Educa\u00e7\u00e3o em 2022, assumiu um cargo no MEC em janeiro de 2023 e, oito meses depois, foi exonerado. No mesmo dia, foi anunciado como chefe da OEI no Brasil. <\/p>\n<p><strong>Leia tamb\u00e9m: \u201cA COP dos absurdos\u201d, reportagem de Carlo Cauti e Rachel D\u00edaz para a Edi\u00e7\u00e3o 266 da Revista Oeste<\/strong><\/p>\n<\/p><\/div>\n<p><br \/>\n<br \/>Fonte: <a href=\"https:\/\/revistaoeste.com\/politica\/comissao-de-etica-da-presidencia-arquiva-processo-sobre-conflito-de-interesses-do-numero-2-do-mec\/\">Ag\u00eancia Brasil<\/a><\/p>\n","protected":false},"excerpt":{"rendered":"<p>A Comiss\u00e3o de \u00c9tica P\u00fablica da Presid\u00eancia da Rep\u00fablica arquivou o processo que avaliava um poss\u00edvel conflito de interesses na nomea\u00e7\u00e3o de Leonardo Barchini como secret\u00e1rio-executivo do Minist\u00e9rio da Educa\u00e7\u00e3o (MEC), depois de ele ocupar o cargo de diretor da Organiza\u00e7\u00e3o dos Estados Ibero-Americanos (OEI) no Brasil. O colegiado decidiu que a situa\u00e7\u00e3o de Barchini [&hellip;]<\/p>\n","protected":false},"author":5,"featured_media":18126,"comment_status":"open","ping_status":"open","sticky":false,"template":"","format":"standard","meta":{"_seopress_robots_primary_cat":"","_seopress_titles_title":"","_seopress_titles_desc":"","_seopress_robots_index":"","footnotes":""},"categories":[47,1],"tags":[],"class_list":["post-18125","post","type-post","status-publish","format-standard","has-post-thumbnail","hentry","category-politica","category-ultimas-noticias"],"_links":{"self":[{"href":"https:\/\/mussicom.com\/noticias\/wp-json\/wp\/v2\/posts\/18125","targetHints":{"allow":["GET"]}}],"collection":[{"href":"https:\/\/mussicom.com\/noticias\/wp-json\/wp\/v2\/posts"}],"about":[{"href":"https:\/\/mussicom.com\/noticias\/wp-json\/wp\/v2\/types\/post"}],"author":[{"embeddable":true,"href":"https:\/\/mussicom.com\/noticias\/wp-json\/wp\/v2\/users\/5"}],"replies":[{"embeddable":true,"href":"https:\/\/mussicom.com\/noticias\/wp-json\/wp\/v2\/comments?post=18125"}],"version-history":[{"count":0,"href":"https:\/\/mussicom.com\/noticias\/wp-json\/wp\/v2\/posts\/18125\/revisions"}],"wp:featuredmedia":[{"embeddable":true,"href":"https:\/\/mussicom.com\/noticias\/wp-json\/wp\/v2\/media\/18126"}],"wp:attachment":[{"href":"https:\/\/mussicom.com\/noticias\/wp-json\/wp\/v2\/media?parent=18125"}],"wp:term":[{"taxonomy":"category","embeddable":true,"href":"https:\/\/mussicom.com\/noticias\/wp-json\/wp\/v2\/categories?post=18125"},{"taxonomy":"post_tag","embeddable":true,"href":"https:\/\/mussicom.com\/noticias\/wp-json\/wp\/v2\/tags?post=18125"}],"curies":[{"name":"wp","href":"https:\/\/api.w.org\/{rel}","templated":true}]}}