{"id":17837,"date":"2025-05-04T15:08:35","date_gmt":"2025-05-04T18:08:35","guid":{"rendered":"https:\/\/mussicom.com\/bolsonaro-chora-e-pede-anistia-aos-presos-do-8-1\/"},"modified":"2025-05-04T15:08:35","modified_gmt":"2025-05-04T18:08:35","slug":"bolsonaro-chora-e-pede-anistia-aos-presos-do-8-1","status":"publish","type":"post","link":"https:\/\/mussicom.com\/noticias\/bolsonaro-chora-e-pede-anistia-aos-presos-do-8-1\/","title":{"rendered":"Bolsonaro chora e pede anistia aos presos do 8\/1"},"content":{"rendered":"<p> <br \/>\n<\/p>\n<div id=\"hd80s9wa1h892edh8192\">\n<p>O ex-presidente Jair Bolsonaro (PL) emocionou-se ao deixar o hospital DF Star, em Bras\u00edlia, neste domingo. Ao falar com a imprensa, ele voltou a defender a anistia aos presos do 8 de janeiro de 2023.<\/p>\n<p>Bolsonaro chorou ao abra\u00e7ar uma apoiadora que esperou sua sa\u00edda do hospital. O presidente de honra do PL estava internado no Hospital DF Star desde que passou por uma cirurgia no intestino, em 13 de abril.<\/p>\n<p><strong>+ Bolsonaro recebe alta, e apoiadores fazem homenagem em frente ao hospital<\/strong><\/p>\n<p>\u201cA Pol\u00edcia Federal vai l\u00e1 pegar a D\u00e9bora (dos Santos) e deixar 2 filhos chorando para tr\u00e1s, para ela cumprir o restante dos 14 anos de pris\u00e3o?\u201d, indagonou. \u201cLogo a esquerda, que \u00e9 contra, foi anistiada por dezenas de vezes.\u201d\u00a0<\/p>\n<p>O ex-chefe do Executivo ainda declarou que \u201cn\u00e3o adianta algu\u00e9m falar que anistia \u00e9 perd\u00e3o e dizer que o que aconteceu \u00e9 imperdo\u00e1vel\u201d. Ele argumentou que \u201cn\u00e3o teve uma gota de sangue, arma de fogo, nada\u201d.<\/p>\n<figure class=\"wp-block-embed is-type-rich is-provider-twitter wp-block-embed-twitter\"\/>\n<h2 class=\"wp-block-heading\"><strong>Libera\u00e7\u00e3o de provas do STF<\/strong><\/h2>\n<p>O ex-presidente voltou a criticar o ministro Alexandre de Moraes, do Supremo Tribunal Federal (STF), ao comentar a libera\u00e7\u00e3o de provas para sua defesa, autorizada pelo magistrado em 30 de abril. Bolsonaro voltou a refor\u00e7ar que n\u00e3o teve envolvimento com as invas\u00f5es \u00e0s sedes dos Tr\u00eas Poderes.<\/p>\n<p>\u201cO Sr. Alexandre de Moraes falou que agora entregou tudo para n\u00f3s\u201d, prosseguiu. \u201cEnt\u00e3o tivemos que fazer nossa defesa sem tudo. Queria saber por que ele me vincula ao 8 de Janeiro, uma vez que eu estava nos Estados Unidos. E o que mais nos d\u00f3i no cora\u00e7\u00e3o \u00e9 que s\u00e3o pessoas inocentes presas por at\u00e9 17 anos de cadeia.\u201d<\/p>\n<h2 class=\"wp-block-heading\">Bolsonaro quer ir em caminhada pela anistia<\/h2>\n<p>Mesmo sob orienta\u00e7\u00f5es m\u00e9dicas para evitar aglomera\u00e7\u00f5es e esfor\u00e7os f\u00edsicos, o ex-presidente sinalizou que pretende retomar sua agenda pol\u00edtica ainda durante o per\u00edodo de recupera\u00e7\u00e3o. <\/p>\n<p>Em publica\u00e7\u00e3o nas redes sociais, ele afirmou que pretende acompanhar a \u201cMarcha Pac\u00edfica da Anistia Humanit\u00e1ria\u201d, marcada para o dia 7 de maio, em Bras\u00edlia, e convocada por apoiadores da direita.<\/p>\n<figure class=\"wp-block-embed is-type-rich is-provider-twitter wp-block-embed-twitter\">\n<div class=\"wp-block-embed__wrapper\">\n<blockquote class=\"twitter-tweet\" data-width=\"500\" data-dnt=\"true\">\n<p lang=\"pt\" dir=\"ltr\">\u2013 Parlamentares de Bras\u00edlia convidam para a caminhada pac\u00edfica pela anistia.<br \/>\u2013 Compare\u00e7a, \u00e9 pela D\u00e9bora, pelos \u00f3rf\u00e3os de pais vivos, por justi\u00e7a e democracia. <\/p>\n<p>\u2013 Quarta (07\/mai) 16:00<br \/>\u2013 Obrigado.<br \/>\u2013 Jair Bolsonaro. <a href=\"https:\/\/t.co\/ESEgka6a5k\">pic.twitter.com\/ESEgka6a5k<\/a><\/p>\n<p>\u2014 Jair M. Bolsonaro (@jairbolsonaro) <a href=\"https:\/\/twitter.com\/jairbolsonaro\/status\/1918708465121251738?ref_src=twsrc%5Etfw\">May 3, 2025<\/a><\/p><\/blockquote>\n<\/div>\n<\/figure>\n<p>Em uma v\u00eddeo-chamada realizada na \u00faltima quinta-feira, 1\u00ba, Bolsonaro afirmou: \u201cSe tiver condi\u00e7\u00f5es f\u00edsicas, pelo menos l\u00e1 na torre me fa\u00e7o presente\u201d, disse. \u201cN\u00e3o vou poder caminhar, mas na torre me fa\u00e7o presente, se estiver bem.\u201d<\/p>\n<p>A possibilidade de participa\u00e7\u00e3o, ainda que simb\u00f3lica, preocupa os m\u00e9dicos que acompanham sua recupera\u00e7\u00e3o. Segundo Claudio Birolini, um dos profissionais respons\u00e1veis pelo tratamento, declarou: \u201cPassamos as instru\u00e7\u00f5es para que ele n\u00e3o participe presencialmente do ato\u201d. \u201cN\u00e3o \u00e9 recomend\u00e1vel neste momento\u201d, enfatizou.<\/p>\n<\/p><\/div>\n<p><script async src=\"\/\/platform.twitter.com\/widgets.js\" charset=\"utf-8\"><\/script><br \/>\n<br \/><br \/>\n<br \/>Fonte: <a href=\"https:\/\/revistaoeste.com\/politica\/ao-receber-alta-bolsonaro-chora-e-pede-anistia-aos-presos-do-8-1\/\">Ag\u00eancia Brasil<\/a><\/p>\n","protected":false},"excerpt":{"rendered":"<p>O ex-presidente Jair Bolsonaro (PL) emocionou-se ao deixar o hospital DF Star, em Bras\u00edlia, neste domingo. Ao falar com a imprensa, ele voltou a defender a anistia aos presos do 8 de janeiro de 2023. Bolsonaro chorou ao abra\u00e7ar uma apoiadora que esperou sua sa\u00edda do hospital. O presidente de honra do PL estava internado [&hellip;]<\/p>\n","protected":false},"author":5,"featured_media":17838,"comment_status":"open","ping_status":"open","sticky":false,"template":"","format":"standard","meta":{"_seopress_robots_primary_cat":"","_seopress_titles_title":"","_seopress_titles_desc":"","_seopress_robots_index":"","footnotes":""},"categories":[47,1],"tags":[],"class_list":["post-17837","post","type-post","status-publish","format-standard","has-post-thumbnail","hentry","category-politica","category-ultimas-noticias"],"_links":{"self":[{"href":"https:\/\/mussicom.com\/noticias\/wp-json\/wp\/v2\/posts\/17837","targetHints":{"allow":["GET"]}}],"collection":[{"href":"https:\/\/mussicom.com\/noticias\/wp-json\/wp\/v2\/posts"}],"about":[{"href":"https:\/\/mussicom.com\/noticias\/wp-json\/wp\/v2\/types\/post"}],"author":[{"embeddable":true,"href":"https:\/\/mussicom.com\/noticias\/wp-json\/wp\/v2\/users\/5"}],"replies":[{"embeddable":true,"href":"https:\/\/mussicom.com\/noticias\/wp-json\/wp\/v2\/comments?post=17837"}],"version-history":[{"count":0,"href":"https:\/\/mussicom.com\/noticias\/wp-json\/wp\/v2\/posts\/17837\/revisions"}],"wp:featuredmedia":[{"embeddable":true,"href":"https:\/\/mussicom.com\/noticias\/wp-json\/wp\/v2\/media\/17838"}],"wp:attachment":[{"href":"https:\/\/mussicom.com\/noticias\/wp-json\/wp\/v2\/media?parent=17837"}],"wp:term":[{"taxonomy":"category","embeddable":true,"href":"https:\/\/mussicom.com\/noticias\/wp-json\/wp\/v2\/categories?post=17837"},{"taxonomy":"post_tag","embeddable":true,"href":"https:\/\/mussicom.com\/noticias\/wp-json\/wp\/v2\/tags?post=17837"}],"curies":[{"name":"wp","href":"https:\/\/api.w.org\/{rel}","templated":true}]}}