{"id":17811,"date":"2025-05-04T13:06:44","date_gmt":"2025-05-04T16:06:44","guid":{"rendered":"https:\/\/mussicom.com\/bolsonaro-recebe-alta-e-apoiadores-fazem-homenagem-no-hospital\/"},"modified":"2025-05-04T13:06:44","modified_gmt":"2025-05-04T16:06:44","slug":"bolsonaro-recebe-alta-e-apoiadores-fazem-homenagem-no-hospital","status":"publish","type":"post","link":"https:\/\/mussicom.com\/noticias\/bolsonaro-recebe-alta-e-apoiadores-fazem-homenagem-no-hospital\/","title":{"rendered":"Bolsonaro recebe alta, e apoiadores fazem homenagem no hospital"},"content":{"rendered":"<p> <br \/>\n<\/p>\n<div id=\"hd80s9wa1h892edh8192\">\n<p>O ex-presidente Jair Bolsonaro recebeu alta m\u00e9dica na manh\u00e3 deste domingo, 4, depois de 22 dias de interna\u00e7\u00e3o no Hospital DF Star, em Bras\u00edlia, onde se recuperava de uma cirurgia de grande porte para tratar uma obstru\u00e7\u00e3o intestinal.<\/p>\n<p>Ao deixar o hospital, por volta das 11h deste domingo, Bolsonaro caminhou at\u00e9 o carro, mesmo com dificuldade, e falou brevemente com a imprensa e com apoiadores, que mantiveram <strong>vig\u00edlia de ora\u00e7\u00e3o<\/strong> durante o per\u00edodo de interna\u00e7\u00e3o.<\/p>\n<blockquote class=\"twitter-tweet\">\n<p lang=\"pt\" dir=\"ltr\">\u2013 Jair Bolsonaro.<br \/>\u2013 Sa\u00edda Hospital DF Star.<br \/>\u2013 Bras\u00edlia, 04\/Mai 11h Domingo . <a href=\"https:\/\/t.co\/uK7FgfXizJ\">pic.twitter.com\/uK7FgfXizJ<\/a><\/p>\n<p>\u2014 Jair M. Bolsonaro (@jairbolsonaro) <a href=\"https:\/\/twitter.com\/jairbolsonaro\/status\/1919038413623132269?ref_src=twsrc%5Etfw\">May 4, 2025<\/a><\/p><\/blockquote>\n<p>Ele agradeceu pelas ora\u00e7\u00f5es e disse que seu foco agora \u00e9 a recupera\u00e7\u00e3o. Michelle Bolsonaro, ex-primeira-dama, acompanhou a alta hospitalar \u00e0 dist\u00e2ncia e entrou no ve\u00edculo apenas depois de o marido j\u00e1 estar acomodado.<\/p>\n<p>O m\u00e9dico Cl\u00e1udio Birolini, respons\u00e1vel pelo procedimento, alertou para a necessidade de evitar aglomera\u00e7\u00f5es, manter uma dieta pastosa e reduzir visitas nos pr\u00f3ximos dias: \u201cEspero que ele siga as orienta\u00e7\u00f5es e o resguardo pelas pr\u00f3ximas tr\u00eas ou quatro semanas\u201d, disse.<\/p>\n<p><strong>+ Leia mais not\u00edcias de\u00a0Pol\u00edtica\u00a0em Oeste<\/strong><\/p>\n<p>A interven\u00e7\u00e3o foi realizada no dia 13 de abril e durou cerca de 12 horas, considerada uma das mais complexas desde a facada que o ex-mandat\u00e1rio sofreu durante a campanha presidencial de 2018.<\/p>\n<p><related-posts class=\"border-y border-gray-300 py-5\"><\/p>\n<h2 class=\"!text-2xl text-black font-primary font-semibold leading-none mb-3\">\n    Leia mais:<br \/>\n  <\/h2>\n<p><\/related-posts><\/p>\n<p>A obstru\u00e7\u00e3o intestinal foi provocada por ader\u00eancias formadas em decorr\u00eancia das diversas cirurgias anteriores. Bolsonaro foi internado em um hospital de Santa Cruz, no interior do Rio Grande do Norte, depois de sentir fortes dores abdominais durante um evento pol\u00edtico do PL.<\/p>\n<p>Em seguida, foi transferido para Natal e, posteriormente, encaminhado \u00e0 capital federal, onde a equipe m\u00e9dica optou pela cirurgia de emerg\u00eancia. Durante os primeiros 18 dias de interna\u00e7\u00e3o, o ex-presidente permaneceu na Unidade de Terapia Intensiva (UTI), e foi liberado para o quarto apenas no dia 30 de abril.<\/p>\n<p>Nessa fase, ele voltou a se alimentar por via oral e teve a sonda nasog\u00e1strica retirada. A recupera\u00e7\u00e3o incluiu sess\u00f5es di\u00e1rias de fisioterapia motora e cuidados contra trombose venosa, de acordo com a equipe m\u00e9dica.<\/p>\n<h2 class=\"wp-block-heading\">Bolsonaro pretende participar de ato pela anistia<\/h2>\n<p>Apesar das restri\u00e7\u00f5es m\u00e9dicas, o ex-presidente sinalizou que pretende retomar sua agenda pol\u00edtica em breve. Em publica\u00e7\u00e3o nas redes sociais, declarou que pretende acompanhar a \u201cMarcha Pac\u00edfica da Anistia Humanit\u00e1ria\u201d, convocada pela direita para o pr\u00f3ximo dia 7 de maio, em Bras\u00edlia.<\/p>\n<p>Em v\u00eddeo-chamada feita no dia 1\u00ba de maio com apoiadores \u2014 intermediada por Eduardo Torres, irm\u00e3o de Michelle \u2014 Bolsonaro disse: \u201cSe tiver condi\u00e7\u00f5es f\u00edsicas, <strong>pelo menos l\u00e1 na torre me fa\u00e7o presente<\/strong>\u201c, espera. \u201cN\u00e3o vou poder caminhar, mas na torre me fa\u00e7o presente, se estiver bem.\u201d<\/p>\n<figure class=\"wp-block-image aligncenter size-full is-resized\"><picture><source data-srcset=\"https:\/\/medias.revistaoeste.com\/wp-content\/uploads\/2025\/04\/Bolsonaro-20-04-25.jpg.webp 1280w, https:\/\/medias.revistaoeste.com\/wp-content\/uploads\/2025\/04\/Bolsonaro-20-04-25-300x169.jpg.webp 300w, https:\/\/medias.revistaoeste.com\/wp-content\/uploads\/2025\/04\/Bolsonaro-20-04-25-400x225.jpg.webp 400w, https:\/\/medias.revistaoeste.com\/wp-content\/uploads\/2025\/04\/Bolsonaro-20-04-25-216x121.jpg.webp 216w, https:\/\/medias.revistaoeste.com\/wp-content\/uploads\/2025\/04\/Bolsonaro-20-04-25-150x84.jpg.webp 150w\" data-sizes=\"(max-width: 1280px) 100vw, 1280px\" type=\"image\/webp\"><img fetchpriority=\"high\" decoding=\"async\" width=\"1280\" height=\"720\" src=\"https:\/\/medias.revistaoeste.com\/wp-content\/uploads\/2025\/04\/Bolsonaro-20-04-25.jpg\" alt=\"Bolsonaro 20-04-25\" class=\"wp-image-1965407\" style=\"width:768px;height:auto\" srcset=\"https:\/\/medias.revistaoeste.com\/wp-content\/uploads\/2025\/04\/Bolsonaro-20-04-25.jpg 1280w, https:\/\/medias.revistaoeste.com\/wp-content\/uploads\/2025\/04\/Bolsonaro-20-04-25-300x169.jpg 300w, https:\/\/medias.revistaoeste.com\/wp-content\/uploads\/2025\/04\/Bolsonaro-20-04-25-400x225.jpg 400w, https:\/\/medias.revistaoeste.com\/wp-content\/uploads\/2025\/04\/Bolsonaro-20-04-25-216x121.jpg 216w, https:\/\/medias.revistaoeste.com\/wp-content\/uploads\/2025\/04\/Bolsonaro-20-04-25-150x84.jpg 150w\" sizes=\"(max-width: 1280px) 100vw, 1280px\" data-eio=\"p\"\/><\/source><\/picture><figcaption class=\"wp-element-caption\">Bolsonaro segue em recupera\u00e7\u00e3o p\u00f3s-opera\u00e7\u00e3o no intestino | Foto: Reprodu\u00e7\u00e3o\/DF Star<\/figcaption><\/figure>\n<p>A equipe m\u00e9dica, no entanto, refor\u00e7a que ele n\u00e3o deve participar do evento. \u201cPassamos as instru\u00e7\u00f5es para que ele n\u00e3o participe presencialmente do ato\u201d, frisou Birolini. \u201cN\u00e3o \u00e9 recomend\u00e1vel neste momento.\u201d<\/p>\n<p>A recomenda\u00e7\u00e3o \u00e9 que Bolsonaro evite qualquer exposi\u00e7\u00e3o a aglomera\u00e7\u00f5es que possam comprometer sua imunidade ou gerar infec\u00e7\u00f5es. Mesmo assim, ele tem se mostrado determinado a participar, ainda que simbolicamente.<\/p>\n<p><strong>Leia tamb\u00e9m:\u00a0\u201cSa\u00fade tamb\u00e9m \u00e9\u00a0<em>tech<\/em>\u201d, artigo de Dagomir Marquezi publicado na Edi\u00e7\u00e3o 121 da Revista Oeste<\/strong><\/p>\n<\/p><\/div>\n<p><script async src=\"\/\/platform.twitter.com\/widgets.js\" charset=\"utf-8\"><\/script><br \/>\n<br \/><br \/>\n<br \/>Fonte: <a href=\"https:\/\/revistaoeste.com\/politica\/bolsonaro-recebe-alta-e-apoiadores-fazem-homenagem-em-frente-ao-hospital\/\">Ag\u00eancia Brasil<\/a><\/p>\n","protected":false},"excerpt":{"rendered":"<p>O ex-presidente Jair Bolsonaro recebeu alta m\u00e9dica na manh\u00e3 deste domingo, 4, depois de 22 dias de interna\u00e7\u00e3o no Hospital DF Star, em Bras\u00edlia, onde se recuperava de uma cirurgia de grande porte para tratar uma obstru\u00e7\u00e3o intestinal. Ao deixar o hospital, por volta das 11h deste domingo, Bolsonaro caminhou at\u00e9 o carro, mesmo com [&hellip;]<\/p>\n","protected":false},"author":5,"featured_media":17812,"comment_status":"open","ping_status":"open","sticky":false,"template":"","format":"standard","meta":{"_seopress_robots_primary_cat":"","_seopress_titles_title":"","_seopress_titles_desc":"","_seopress_robots_index":"","footnotes":""},"categories":[47,1],"tags":[],"class_list":["post-17811","post","type-post","status-publish","format-standard","has-post-thumbnail","hentry","category-politica","category-ultimas-noticias"],"_links":{"self":[{"href":"https:\/\/mussicom.com\/noticias\/wp-json\/wp\/v2\/posts\/17811","targetHints":{"allow":["GET"]}}],"collection":[{"href":"https:\/\/mussicom.com\/noticias\/wp-json\/wp\/v2\/posts"}],"about":[{"href":"https:\/\/mussicom.com\/noticias\/wp-json\/wp\/v2\/types\/post"}],"author":[{"embeddable":true,"href":"https:\/\/mussicom.com\/noticias\/wp-json\/wp\/v2\/users\/5"}],"replies":[{"embeddable":true,"href":"https:\/\/mussicom.com\/noticias\/wp-json\/wp\/v2\/comments?post=17811"}],"version-history":[{"count":0,"href":"https:\/\/mussicom.com\/noticias\/wp-json\/wp\/v2\/posts\/17811\/revisions"}],"wp:featuredmedia":[{"embeddable":true,"href":"https:\/\/mussicom.com\/noticias\/wp-json\/wp\/v2\/media\/17812"}],"wp:attachment":[{"href":"https:\/\/mussicom.com\/noticias\/wp-json\/wp\/v2\/media?parent=17811"}],"wp:term":[{"taxonomy":"category","embeddable":true,"href":"https:\/\/mussicom.com\/noticias\/wp-json\/wp\/v2\/categories?post=17811"},{"taxonomy":"post_tag","embeddable":true,"href":"https:\/\/mussicom.com\/noticias\/wp-json\/wp\/v2\/tags?post=17811"}],"curies":[{"name":"wp","href":"https:\/\/api.w.org\/{rel}","templated":true}]}}