{"id":17761,"date":"2025-05-04T07:59:15","date_gmt":"2025-05-04T10:59:15","guid":{"rendered":"https:\/\/mussicom.com\/cobertura-de-luxo-onde-collor-cumpre-pena-e-penhorada\/"},"modified":"2025-05-04T07:59:15","modified_gmt":"2025-05-04T10:59:15","slug":"cobertura-de-luxo-onde-collor-cumpre-pena-e-penhorada","status":"publish","type":"post","link":"https:\/\/mussicom.com\/noticias\/cobertura-de-luxo-onde-collor-cumpre-pena-e-penhorada\/","title":{"rendered":"Cobertura de luxo onde Collor cumpre pena \u00e9 penhorada"},"content":{"rendered":"<p> <br \/>\n<\/p>\n<div id=\"hd80s9wa1h892edh8192\">\n<p>A cobertura duplex em que o ex-presidente Fernando Collor cumpre pena em Macei\u00f3 (AL), no edif\u00edcio Residencial Chateau Larousse, est\u00e1 penhorada pela Justi\u00e7a do Trabalho. Avaliado em R$ 9 milh\u00f5es, o im\u00f3vel fica \u00e0 beira-mar na praia de Jati\u00faca. O pol\u00edtico foi preso em 24 de abril.<\/p>\n<p>A penhora do im\u00f3vel \u00e9 garantia de pagamento de uma d\u00edvida de R$ 314 mil com um ex-funcion\u00e1rio da TV Mar, empresa da Organiza\u00e7\u00e3o Arnon de Mello (OAM), grupo de comunica\u00e7\u00e3o da fam\u00edlia Collor.<\/p>\n<p><strong>+ Por 6 a 4, STF mant\u00e9m pris\u00e3o de Collor, condenado na Lava Jato<\/strong><\/p>\n<p>O pedido de penhora foi aceito em outubro de 2023 depois do descumprimento de um acordo judicial. Para evitar que o im\u00f3vel fosse leiloado, Collor prop\u00f4s novo parcelamento at\u00e9 fevereiro de 2028. Ele e a TV Gazeta, afiliada da Globo em Alagoas e tamb\u00e9m parte do grupo OAM, dividir\u00e3o o pagamento.<\/p>\n<p>Apesar de constar na declara\u00e7\u00e3o de bens de 2018, a cobertura n\u00e3o foi inclu\u00edda na presta\u00e7\u00e3o entregue ao TSE em 2022, quando Collor disputou \u2014 e perdeu \u2014 a elei\u00e7\u00e3o para governador.\u00a0<\/p>\n<p><strong>+ Collor vai cumprir pris\u00e3o domiciliar em cobertura de R$ 9 mi na orla de Macei\u00f3<\/strong><\/p>\n<figure class=\"wp-block-image aligncenter size-full\"><picture><source data-srcset=\"https:\/\/medias.revistaoeste.com\/wp-content\/uploads\/2025\/05\/825-Av-Alvaro-Otacilio-Google-Maps-05-02-2025_10_56_AM.jpg.webp 1440w, https:\/\/medias.revistaoeste.com\/wp-content\/uploads\/2025\/05\/825-Av-Alvaro-Otacilio-Google-Maps-05-02-2025_10_56_AM-300x169.jpg.webp 300w, https:\/\/medias.revistaoeste.com\/wp-content\/uploads\/2025\/05\/825-Av-Alvaro-Otacilio-Google-Maps-05-02-2025_10_56_AM-400x225.jpg.webp 400w, https:\/\/medias.revistaoeste.com\/wp-content\/uploads\/2025\/05\/825-Av-Alvaro-Otacilio-Google-Maps-05-02-2025_10_56_AM-216x121.jpg.webp 216w, https:\/\/medias.revistaoeste.com\/wp-content\/uploads\/2025\/05\/825-Av-Alvaro-Otacilio-Google-Maps-05-02-2025_10_56_AM-150x84.jpg.webp 150w\" data-sizes=\"(max-width: 1440px) 100vw, 1440px\" type=\"image\/webp\"><img fetchpriority=\"high\" decoding=\"async\" width=\"1440\" height=\"810\" src=\"https:\/\/medias.revistaoeste.com\/wp-content\/uploads\/2025\/05\/825-Av-Alvaro-Otacilio-Google-Maps-05-02-2025_10_56_AM.jpg\" alt=\"Cobertura de Collor, na praia de Ponta Verde, \u00e9 avaliada em R$ 9 milh\u00f5es | Foto: Street View\/Google\" class=\"wp-image-1979543\" srcset=\"https:\/\/medias.revistaoeste.com\/wp-content\/uploads\/2025\/05\/825-Av-Alvaro-Otacilio-Google-Maps-05-02-2025_10_56_AM.jpg 1440w, https:\/\/medias.revistaoeste.com\/wp-content\/uploads\/2025\/05\/825-Av-Alvaro-Otacilio-Google-Maps-05-02-2025_10_56_AM-300x169.jpg 300w, https:\/\/medias.revistaoeste.com\/wp-content\/uploads\/2025\/05\/825-Av-Alvaro-Otacilio-Google-Maps-05-02-2025_10_56_AM-400x225.jpg 400w, https:\/\/medias.revistaoeste.com\/wp-content\/uploads\/2025\/05\/825-Av-Alvaro-Otacilio-Google-Maps-05-02-2025_10_56_AM-216x121.jpg 216w, https:\/\/medias.revistaoeste.com\/wp-content\/uploads\/2025\/05\/825-Av-Alvaro-Otacilio-Google-Maps-05-02-2025_10_56_AM-150x84.jpg 150w\" sizes=\"(max-width: 1440px) 100vw, 1440px\" data-eio=\"p\"\/><\/source><\/picture><figcaption class=\"wp-element-caption\">Cobertura de Collor, na praia de Ponta Verde, \u00e9 avaliada em R$ 9 milh\u00f5es | Foto: Street View\/Google<\/figcaption><\/figure>\n<h2 class=\"wp-block-heading\"><strong>A cobertura<\/strong><\/h2>\n<p>O im\u00f3vel foi comprado em 2006 sem registro em cart\u00f3rio. S\u00f3 em 2023 a Receita Federal vinculou o bem oficialmente ao ex-presidente. A cobertura tem 599 m\u00b2 de \u00e1rea privativa, cinco vagas de garagem e vista para o mar. Segundo o portal UOL, a cobertura conta com os seguintes c\u00f4modos:<\/p>\n<p><strong>Pavimento inferior:<\/strong><\/p>\n<ul>\n<li>Tr\u00eas su\u00edtes (sendo uma master, com closet);<\/li>\n<li>Varanda;<\/li>\n<li>Sala de estar;<\/li>\n<li>Gabinete;<\/li>\n<li>Galeria;<\/li>\n<li>Sala de jantar;<\/li>\n<li>Lavabo;<\/li>\n<li>Adega;<\/li>\n<li>\u00c1rea de circula\u00e7\u00e3o;<\/li>\n<li>Rouparia;<\/li>\n<li>Despensa;<\/li>\n<li>Copa e cozinha;<\/li>\n<li>\u00c1rea de servi\u00e7o;<\/li>\n<li>Dep\u00f3sito;<\/li>\n<li>Quarto de servi\u00e7o com banheiro.<\/li>\n<\/ul>\n<p><strong>Pavimento superior:<\/strong><\/p>\n<ul>\n<li>Uma su\u00edte;<\/li>\n<li>Sala de estar;<\/li>\n<li>Piscina;<\/li>\n<li>Terra\u00e7o coberto;<\/li>\n<li>Terra\u00e7o descoberto;<\/li>\n<li>Jardineiras;<\/li>\n<li>Bar;<\/li>\n<li>Dois banheiros.<\/li>\n<\/ul>\n<figure class=\"wp-block-embed is-type-video is-provider-youtube wp-block-embed-youtube wp-embed-aspect-16-9 wp-has-aspect-ratio\">\n<div class=\"wp-block-embed__wrapper\">\n<div class=\"perfmatters-lazy-youtube\" data-src=\"https:\/\/www.youtube.com\/embed\/fzU891EZ6i0\" data-id=\"fzU891EZ6i0\" data-query=\"feature=oembed\" onclick=\"perfmattersLazyLoadYouTube(this);\">\n<div><img decoding=\"async\" alt=\"YouTube video\" width=\"480\" height=\"360\" data-pin-nopin=\"true\" nopin=\"nopin\" class=\"perfmatters-lazy\" src=\"https:\/\/i.ytimg.com\/vi\/fzU891EZ6i0\/hqdefault.jpg\"\/><img decoding=\"async\" src=\"https:\/\/i.ytimg.com\/vi\/fzU891EZ6i0\/hqdefault.jpg\" alt=\"YouTube video\" width=\"480\" height=\"360\" data-pin-nopin=\"true\" nopin=\"nopin\"\/><\/div>\n<\/div>\n<p><noscript><iframe title=\"Moraes ordena pris\u00e3o de Fernando Collor em desdobramento da Lava Jato\" width=\"800\" height=\"450\" src=\"https:\/\/www.youtube.com\/embed\/fzU891EZ6i0?feature=oembed\" frameborder=\"0\" allow=\"accelerometer; autoplay; clipboard-write; encrypted-media; gyroscope; picture-in-picture; web-share\" referrerpolicy=\"strict-origin-when-cross-origin\" allowfullscreen><\/iframe><\/noscript>\n<\/div>\n<\/figure>\n<p>O im\u00f3vel era apontado como desocupado pela defesa de Collor, que alegava resid\u00eancia em S\u00e3o Paulo \u2014 fato que permitiu a penhora, j\u00e1 que bens de moradia habitual n\u00e3o podem ser tomados judicialmente.<\/p>\n<p>A cobertura tamb\u00e9m foi mencionada na dela\u00e7\u00e3o premiada de Fernando Cunha, ex-presidente da Odebrecht Ambiental. Ele disse ter participado, no local, de reuni\u00e3o em que foi combinado o pagamento de R$ 800 mil em caixa 2 \u00e0 campanha de Collor em 2010. O inqu\u00e9rito foi arquivado.<\/p>\n<p>A defesa do ex-presidente disse que suas declara\u00e7\u00f5es de imposto de renda \u201cest\u00e3o em conformidade com as legisla\u00e7\u00f5es c\u00edvel e tribut\u00e1ria vigentes\u201d.<\/p>\n<figure class=\"wp-block-image aligncenter size-full\"><picture><source data-srcset=\"https:\/\/medias.revistaoeste.com\/wp-content\/uploads\/2024\/10\/Collor-1-scaled.jpg.webp 2560w, https:\/\/medias.revistaoeste.com\/wp-content\/uploads\/2024\/10\/Collor-1-300x155.jpg.webp 300w, https:\/\/medias.revistaoeste.com\/wp-content\/uploads\/2024\/10\/Collor-1-150x77.jpg.webp 150w\" data-sizes=\"(max-width: 2560px) 100vw, 2560px\" type=\"image\/webp\"><img loading=\"lazy\" decoding=\"async\" width=\"2560\" height=\"1321\" alt=\"A ch\u00e1cara de Fernando Collor est\u00e1 localizada em Campos do Jord\u00e3o (SP) | Foto: Ant\u00f4nio Cruz\/Ag\u00eancia Brasil\" class=\"wp-image-1697946 perfmatters-lazy\" data-eio=\"p\" src=\"https:\/\/medias.revistaoeste.com\/wp-content\/uploads\/2024\/10\/Collor-1-scaled.jpg\" srcset=\"https:\/\/medias.revistaoeste.com\/wp-content\/uploads\/2024\/10\/Collor-1-scaled.jpg 2560w, https:\/\/medias.revistaoeste.com\/wp-content\/uploads\/2024\/10\/Collor-1-300x155.jpg 300w, https:\/\/medias.revistaoeste.com\/wp-content\/uploads\/2024\/10\/Collor-1-150x77.jpg 150w\" data-sizes=\"(max-width: 2560px) 100vw, 2560px\"\/><img loading=\"lazy\" decoding=\"async\" width=\"2560\" height=\"1321\" src=\"https:\/\/medias.revistaoeste.com\/wp-content\/uploads\/2024\/10\/Collor-1-scaled.jpg\" alt=\"A ch\u00e1cara de Fernando Collor est\u00e1 localizada em Campos do Jord\u00e3o (SP) | Foto: Ant\u00f4nio Cruz\/Ag\u00eancia Brasil\" class=\"wp-image-1697946\" srcset=\"https:\/\/medias.revistaoeste.com\/wp-content\/uploads\/2024\/10\/Collor-1-scaled.jpg 2560w, https:\/\/medias.revistaoeste.com\/wp-content\/uploads\/2024\/10\/Collor-1-300x155.jpg 300w, https:\/\/medias.revistaoeste.com\/wp-content\/uploads\/2024\/10\/Collor-1-150x77.jpg 150w\" sizes=\"(max-width: 2560px) 100vw, 2560px\" data-eio=\"p\"\/><\/source><\/picture><figcaption class=\"wp-element-caption\">Collor \u00e9 o terceiro ex-presidente da Rep\u00fablica que foi preso no Brasil | Foto: Ant\u00f4nio Cruz\/Ag\u00eancia Brasil<\/figcaption><\/figure>\n<h2 class=\"wp-block-heading\">Collor foi beneficiado com pris\u00e3o domiciliar<\/h2>\n<p>A decis\u00e3o que autorizou a mudan\u00e7a para pris\u00e3o domiciliar foi assinada nesta quinta-feira, 1\u00ba, pelo ministro Alexandre de Moraes. O magistrado atendeu a um parecer favor\u00e1vel da Procuradoria-Geral da Rep\u00fablica (PGR), que considerou a idade de Collor, de 75 anos, e seu estado de sa\u00fade.<\/p>\n<blockquote class=\"wp-block-quote is-layout-flow wp-block-quote-is-layout-flow\">\n<p>\u201cEmbora o r\u00e9u Fernando Affonso Collor de Mello tenha sido condenado \u00e0 pena de total de 8 (oito) anos e 10 (dez) meses de reclus\u00e3o e 90 (noventa) dias-multa, em regime fechado, a sua grave situa\u00e7\u00e3o de sa\u00fade, amplamente comprovada nos autos, sua idade \u2013 75 (setenta e cinco) anos \u2013 e a necessidade de tratamento espec\u00edfico admitem a concess\u00e3o de pris\u00e3o domiciliar humanit\u00e1ria\u201d, afirmou Moraes.<\/p>\n<\/blockquote>\n<p>Durante o cumprimento da medida, Collor usar\u00e1 <strong>tornozeleira eletr\u00f4nica<\/strong>, ter\u00e1 o passaporte retido e n\u00e3o poder\u00e1 receber visitas, exceto de familiares<\/p>\n<figure class=\"wp-block-embed is-type-video is-provider-youtube wp-block-embed-youtube wp-embed-aspect-16-9 wp-has-aspect-ratio\">\n<div class=\"wp-block-embed__wrapper\">\n<div class=\"perfmatters-lazy-youtube\" data-src=\"https:\/\/www.youtube.com\/embed\/0h_9Y4j_-1s\" data-id=\"0h_9Y4j_-1s\" data-query=\"feature=oembed\" onclick=\"perfmattersLazyLoadYouTube(this);\">\n<div><img loading=\"lazy\" decoding=\"async\" alt=\"YouTube video\" width=\"480\" height=\"360\" data-pin-nopin=\"true\" nopin=\"nopin\" class=\"perfmatters-lazy\" src=\"https:\/\/i.ytimg.com\/vi\/0h_9Y4j_-1s\/hqdefault.jpg\"\/><img loading=\"lazy\" decoding=\"async\" src=\"https:\/\/i.ytimg.com\/vi\/0h_9Y4j_-1s\/hqdefault.jpg\" alt=\"YouTube video\" width=\"480\" height=\"360\" data-pin-nopin=\"true\" nopin=\"nopin\"\/><\/div>\n<\/div>\n<p><noscript><iframe title=\"Moraes coloca Fernando Collor em pris\u00e3o domiciliar\" width=\"800\" height=\"450\" src=\"https:\/\/www.youtube.com\/embed\/0h_9Y4j_-1s?feature=oembed\" frameborder=\"0\" allow=\"accelerometer; autoplay; clipboard-write; encrypted-media; gyroscope; picture-in-picture; web-share\" referrerpolicy=\"strict-origin-when-cross-origin\" allowfullscreen><\/iframe><\/noscript>\n<\/div>\n<\/figure>\n<p><strong>+ Leia mais not\u00edcias de Pol\u00edtica em Oeste<\/strong><\/p>\n<\/p><\/div>\n<p><br \/>\n<br \/>Fonte: <a href=\"https:\/\/revistaoeste.com\/politica\/cobertura-de-luxo-onde-collor-cumpre-pena-e-penhorada\/\">Ag\u00eancia Brasil<\/a><\/p>\n","protected":false},"excerpt":{"rendered":"<p>A cobertura duplex em que o ex-presidente Fernando Collor cumpre pena em Macei\u00f3 (AL), no edif\u00edcio Residencial Chateau Larousse, est\u00e1 penhorada pela Justi\u00e7a do Trabalho. Avaliado em R$ 9 milh\u00f5es, o im\u00f3vel fica \u00e0 beira-mar na praia de Jati\u00faca. O pol\u00edtico foi preso em 24 de abril. A penhora do im\u00f3vel \u00e9 garantia de pagamento [&hellip;]<\/p>\n","protected":false},"author":5,"featured_media":17374,"comment_status":"open","ping_status":"open","sticky":false,"template":"","format":"standard","meta":{"_seopress_robots_primary_cat":"","_seopress_titles_title":"","_seopress_titles_desc":"","_seopress_robots_index":"","footnotes":""},"categories":[47,1],"tags":[],"class_list":["post-17761","post","type-post","status-publish","format-standard","has-post-thumbnail","hentry","category-politica","category-ultimas-noticias"],"_links":{"self":[{"href":"https:\/\/mussicom.com\/noticias\/wp-json\/wp\/v2\/posts\/17761","targetHints":{"allow":["GET"]}}],"collection":[{"href":"https:\/\/mussicom.com\/noticias\/wp-json\/wp\/v2\/posts"}],"about":[{"href":"https:\/\/mussicom.com\/noticias\/wp-json\/wp\/v2\/types\/post"}],"author":[{"embeddable":true,"href":"https:\/\/mussicom.com\/noticias\/wp-json\/wp\/v2\/users\/5"}],"replies":[{"embeddable":true,"href":"https:\/\/mussicom.com\/noticias\/wp-json\/wp\/v2\/comments?post=17761"}],"version-history":[{"count":0,"href":"https:\/\/mussicom.com\/noticias\/wp-json\/wp\/v2\/posts\/17761\/revisions"}],"wp:featuredmedia":[{"embeddable":true,"href":"https:\/\/mussicom.com\/noticias\/wp-json\/wp\/v2\/media\/17374"}],"wp:attachment":[{"href":"https:\/\/mussicom.com\/noticias\/wp-json\/wp\/v2\/media?parent=17761"}],"wp:term":[{"taxonomy":"category","embeddable":true,"href":"https:\/\/mussicom.com\/noticias\/wp-json\/wp\/v2\/categories?post=17761"},{"taxonomy":"post_tag","embeddable":true,"href":"https:\/\/mussicom.com\/noticias\/wp-json\/wp\/v2\/tags?post=17761"}],"curies":[{"name":"wp","href":"https:\/\/api.w.org\/{rel}","templated":true}]}}