{"id":17702,"date":"2025-05-03T19:09:41","date_gmt":"2025-05-03T22:09:41","guid":{"rendered":"https:\/\/mussicom.com\/semana-da-compostagem-tera-oficinas-e-feira-organica-em-santos\/"},"modified":"2025-05-03T19:09:41","modified_gmt":"2025-05-03T22:09:41","slug":"semana-da-compostagem-tera-oficinas-e-feira-organica-em-santos","status":"publish","type":"post","link":"https:\/\/mussicom.com\/noticias\/semana-da-compostagem-tera-oficinas-e-feira-organica-em-santos\/","title":{"rendered":"Semana da Compostagem ter\u00e1 oficinas e feira org\u00e2nica\u00a0em Santos"},"content":{"rendered":"<p> <br \/>\n<\/p>\n<div>\n<p><strong>Neste domingo (4), inicia a 5\u00aa Semana da Compostagem, que ocorre at\u00e9 o dia 10 de maio em diversos pontos de Santos<\/strong><\/p>\n<p>A iniciativa que traz para a popula\u00e7\u00e3o o conhecimento sobre os diferentes trabalhos de compostagem em Santos est\u00e1 de volta. Neste domingo (4), inicia a 5\u00aa Semana da Compostagem, que ocorre at\u00e9 o dia 10 de maio em diversos pontos da Cidade com feira de produtos org\u00e2nicos, rodas de conversa, oficinas e muito mais.<\/p>\n<p>O destaque do primeiro dia \u00e9 o evento gratuito Composta Show, que ser\u00e1 realizado na Pra\u00e7a Luiz la Scala (em frente ao Aqu\u00e1rio), na Ponta da Praia, das 15h30 \u00e0s 17h30. Al\u00e9m da exposi\u00e7\u00e3o sobre a etapa que transforma a mat\u00e9ria org\u00e2nica encontrada no lixo em adubo natural, ser\u00e3o apresentados diversos modelos de composteiras, diferentes n\u00edveis do processo de sustentabilidade, al\u00e9m de dicas de como compostar em casa.<\/p>\n<p>Est\u00e3o previstas, ainda, atividades l\u00fadicas, mostra de feira org\u00e2nica, jogos ecol\u00f3gicos e apresenta\u00e7\u00e3o de esquetes teatrais. A programa\u00e7\u00e3o completa da semana pode ser conferida aqui<\/p>\n<p><strong>SOBRE O EVENTO<\/strong><\/p>\n<p>Evento foi inspirado na Semana Internacional de Conscientiza\u00e7\u00e3o sobre Compostagem, que tem como objetivo sensibilizar o p\u00fablico sobre a import\u00e2ncia de reciclar os res\u00edduos org\u00e2nicos e utilizar o material gerado a partir da a\u00e7\u00e3o de sustentabilidade. Este ano, o tema proposto internacionalmente \u00e9 \u2018Comunidades Sustent\u00e1veis Come\u00e7am Com Composto\u2019.<\/p>\n<p>A iniciativa \u00e9 da Secretaria de Meio Ambiente, Desenvolvimento Urbano e Sustentabilidade (Semam), com parceria do Projeto Muda-Unifesp, Universidade Cat\u00f3lica de Santos, Coordenadoria de Assist\u00eancia T\u00e9cnica Integral \u2013 Regional Santos, Col\u00e9gio \u00d4mega, Composta &amp; Cultiva, Concidadania, Horta Comunit\u00e1ria Bons Frutos, Col\u00e9gio Jean Piaget e G. Pierotti Ship Supplier Ltda.<\/p>\n<\/div>\n<p><br \/>\n<br \/>Fonte: <a href=\"https:\/\/jornaldaorla.com.br\/noticias\/semana-da-compostagem-tera-oficinas-e-feira-organica\/\">Jornal Da Orla<\/a><\/p>\n","protected":false},"excerpt":{"rendered":"<p>Neste domingo (4), inicia a 5\u00aa Semana da Compostagem, que ocorre at\u00e9 o dia 10 de maio em diversos pontos de Santos A iniciativa que traz para a popula\u00e7\u00e3o o conhecimento sobre os diferentes trabalhos de compostagem em Santos est\u00e1 de volta. Neste domingo (4), inicia a 5\u00aa Semana da Compostagem, que ocorre at\u00e9 o [&hellip;]<\/p>\n","protected":false},"author":5,"featured_media":17703,"comment_status":"open","ping_status":"open","sticky":false,"template":"","format":"standard","meta":{"_seopress_robots_primary_cat":"","_seopress_titles_title":"","_seopress_titles_desc":"","_seopress_robots_index":"","footnotes":""},"categories":[52],"tags":[],"class_list":["post-17702","post","type-post","status-publish","format-standard","has-post-thumbnail","hentry","category-santoseregiao"],"_links":{"self":[{"href":"https:\/\/mussicom.com\/noticias\/wp-json\/wp\/v2\/posts\/17702","targetHints":{"allow":["GET"]}}],"collection":[{"href":"https:\/\/mussicom.com\/noticias\/wp-json\/wp\/v2\/posts"}],"about":[{"href":"https:\/\/mussicom.com\/noticias\/wp-json\/wp\/v2\/types\/post"}],"author":[{"embeddable":true,"href":"https:\/\/mussicom.com\/noticias\/wp-json\/wp\/v2\/users\/5"}],"replies":[{"embeddable":true,"href":"https:\/\/mussicom.com\/noticias\/wp-json\/wp\/v2\/comments?post=17702"}],"version-history":[{"count":0,"href":"https:\/\/mussicom.com\/noticias\/wp-json\/wp\/v2\/posts\/17702\/revisions"}],"wp:featuredmedia":[{"embeddable":true,"href":"https:\/\/mussicom.com\/noticias\/wp-json\/wp\/v2\/media\/17703"}],"wp:attachment":[{"href":"https:\/\/mussicom.com\/noticias\/wp-json\/wp\/v2\/media?parent=17702"}],"wp:term":[{"taxonomy":"category","embeddable":true,"href":"https:\/\/mussicom.com\/noticias\/wp-json\/wp\/v2\/categories?post=17702"},{"taxonomy":"post_tag","embeddable":true,"href":"https:\/\/mussicom.com\/noticias\/wp-json\/wp\/v2\/tags?post=17702"}],"curies":[{"name":"wp","href":"https:\/\/api.w.org\/{rel}","templated":true}]}}