{"id":17697,"date":"2025-05-03T18:42:55","date_gmt":"2025-05-03T21:42:55","guid":{"rendered":"https:\/\/mussicom.com\/sostenes-pede-o-afastamento-do-novo-ministro-da-previdencia\/"},"modified":"2025-05-03T18:42:55","modified_gmt":"2025-05-03T21:42:55","slug":"sostenes-pede-o-afastamento-do-novo-ministro-da-previdencia","status":"publish","type":"post","link":"https:\/\/mussicom.com\/noticias\/sostenes-pede-o-afastamento-do-novo-ministro-da-previdencia\/","title":{"rendered":"S\u00f3stenes pede o afastamento do novo ministro da Previd\u00eancia"},"content":{"rendered":"<p> <br \/>\n<\/p>\n<div id=\"hd80s9wa1h892edh8192\">\n<p>O l\u00edder do PL na C\u00e2mara, deputado S\u00f3stenes Cavalcante (RJ), protocolou neste s\u00e1bado, 3, um pedido formal \u00e0 Procuradoria-Geral da Rep\u00fablica (PGR). O parlamentar pede o afastamento do novo ministro da Previd\u00eancia Social, Wolney Queiroz.\u00a0<\/p>\n<p><strong>+ Lupi \u00e9 demitido do governo Lula<\/strong><\/p>\n<p>S\u00f3stenes tamb\u00e9m requer a abertura de investiga\u00e7\u00e3o contra Wolney Queiroz por suposta omiss\u00e3o diante das den\u00fancias sobre o esquema bilion\u00e1rio de descontos irregulares em aposentadorias do INSS. Ele assumiu o Minist\u00e9rio da Previd\u00eancia Social depois da demiss\u00e3o de Carlos Lupi na sexta-feira 2.<\/p>\n<p>No documento enviado \u00e0 PGR neste s\u00e1bado, o l\u00edder afirmou que \u201cWolney Queiroz, participou ativamente de reuni\u00f5es no ano de 2023 nas quais foram apresentados relat\u00f3rios t\u00e9cnicos detalhados e alertas inequ\u00edvocos sobre a exist\u00eancia de um esquema fraudulento de propor\u00e7\u00f5es bilion\u00e1rias no \u00e2mbito do INSS\u201d.<\/p>\n<p><strong>+ Novo ministro de Lula se reuniu com suspeitos do esc\u00e2ndalo do INSS<\/strong><\/p>\n<p>\u201cWolney Queiroz quedou-se inerte, abstendo-se de adotar qualquer medida administrativa eficaz para a imediata cessa\u00e7\u00e3o das fraudes, a responsabiliza\u00e7\u00e3o dos envolvidos e a comunica\u00e7\u00e3o aos \u00f3rg\u00e3os de controle competentes\u201d, justificou S\u00f3stenes.<\/p>\n<p>Entre os epis\u00f3dios citados est\u00e1 uma reuni\u00e3o realizada em 12 de junho de 2023, durante a qual a conselheira Tonia Galleti, do Conselho Nacional da Previd\u00eancia Social, alertou formalmente sobre os descontos indevidos aplicados em benef\u00edcios previdenci\u00e1rios. A den\u00fancia consta em ata oficial do colegiado.<\/p>\n<p><strong>+ O problema do n\u00famero 2 de Lupi<\/strong><\/p>\n<figure class=\"wp-block-image aligncenter size-full\"><picture><source data-srcset=\"https:\/\/medias.revistaoeste.com\/wp-content\/uploads\/2025\/05\/Wolney-Queiroz-novo-ministro-da-Previdencia-indicado-por-Lula-depois-de-fraude-no-INSS.jpg.webp 1440w, https:\/\/medias.revistaoeste.com\/wp-content\/uploads\/2025\/05\/Wolney-Queiroz-novo-ministro-da-Previdencia-indicado-por-Lula-depois-de-fraude-no-INSS-300x173.jpg.webp 300w, https:\/\/medias.revistaoeste.com\/wp-content\/uploads\/2025\/05\/Wolney-Queiroz-novo-ministro-da-Previdencia-indicado-por-Lula-depois-de-fraude-no-INSS-150x86.jpg.webp 150w\" data-sizes=\"(max-width: 1440px) 100vw, 1440px\" type=\"image\/webp\"><img fetchpriority=\"high\" decoding=\"async\" width=\"1440\" height=\"828\" src=\"https:\/\/medias.revistaoeste.com\/wp-content\/uploads\/2025\/05\/Wolney-Queiroz-novo-ministro-da-Previdencia-indicado-por-Lula-depois-de-fraude-no-INSS.jpg\" alt=\"Wolney Queiroz, novo ministro da Previd\u00eancia, indicado por Lula depois de fraude no INSS\" class=\"wp-image-1980774\" srcset=\"https:\/\/medias.revistaoeste.com\/wp-content\/uploads\/2025\/05\/Wolney-Queiroz-novo-ministro-da-Previdencia-indicado-por-Lula-depois-de-fraude-no-INSS.jpg 1440w, https:\/\/medias.revistaoeste.com\/wp-content\/uploads\/2025\/05\/Wolney-Queiroz-novo-ministro-da-Previdencia-indicado-por-Lula-depois-de-fraude-no-INSS-300x173.jpg 300w, https:\/\/medias.revistaoeste.com\/wp-content\/uploads\/2025\/05\/Wolney-Queiroz-novo-ministro-da-Previdencia-indicado-por-Lula-depois-de-fraude-no-INSS-150x86.jpg 150w\" sizes=\"(max-width: 1440px) 100vw, 1440px\" data-eio=\"p\"\/><\/source><\/picture><figcaption class=\"wp-element-caption\">Wolney Queiroz, novo ministro da Previd\u00eancia, indicado por Lula depois de fraude no INSS | Foto: Reprodu\u00e7\u00e3o\/Instagram<\/figcaption><\/figure>\n<h2 class=\"wp-block-heading\"><strong>Novo ministro da Previd\u00eancia adotou uma postura de \u201comiss\u00e3o deliberada\u201d<\/strong><\/h2>\n<p>Ainda no pedido enviado \u00e0 PGR, S\u00f3stenes afirmou que \u201ca omiss\u00e3o deliberada, por parte de um agente p\u00fablico com poder decis\u00f3rio e o dever de agir, revela, prima facie, conduta dolosa e neglig\u00eancia grave no cumprimento de suas atribui\u00e7\u00f5es ou ainda o que levanta ind\u00edcios de coniv\u00eancia institucional e desvio de finalidade\u201d.<\/p>\n<p>O l\u00edder argumentou que a nomea\u00e7\u00e3o de Wolney Queiroz \u201cn\u00e3o apenas fragiliza a necess\u00e1ria apura\u00e7\u00e3o isenta dos fatos, mas tamb\u00e9m configura um atentado aos princ\u00edpios da moralidade e da probidade administrativa\u201d.<\/p>\n<figure class=\"wp-block-embed is-type-video is-provider-youtube wp-block-embed-youtube wp-embed-aspect-16-9 wp-has-aspect-ratio\">\n<div class=\"wp-block-embed__wrapper\">\n<div class=\"perfmatters-lazy-youtube\" data-src=\"https:\/\/www.youtube.com\/embed\/dIh0y0WtdMo\" data-id=\"dIh0y0WtdMo\" data-query=\"feature=oembed\" onclick=\"perfmattersLazyLoadYouTube(this);\">\n<div><img decoding=\"async\" alt=\"YouTube video\" width=\"480\" height=\"360\" data-pin-nopin=\"true\" nopin=\"nopin\" class=\"perfmatters-lazy\" src=\"https:\/\/i.ytimg.com\/vi\/dIh0y0WtdMo\/hqdefault.jpg\"\/><img decoding=\"async\" src=\"https:\/\/i.ytimg.com\/vi\/dIh0y0WtdMo\/hqdefault.jpg\" alt=\"YouTube video\" width=\"480\" height=\"360\" data-pin-nopin=\"true\" nopin=\"nopin\"\/><\/div>\n<\/div>\n<p><noscript><iframe title=\"Lula tenta abafar esc\u00e2ndalo do INSS com nomea\u00e7\u00e3o de novo presidente\" width=\"800\" height=\"450\" src=\"https:\/\/www.youtube.com\/embed\/dIh0y0WtdMo?feature=oembed\" frameborder=\"0\" allow=\"accelerometer; autoplay; clipboard-write; encrypted-media; gyroscope; picture-in-picture; web-share\" referrerpolicy=\"strict-origin-when-cross-origin\" allowfullscreen><\/iframe><\/noscript>\n<\/div>\n<\/figure>\n<p>S\u00f3stenes alertou que a atua\u00e7\u00e3o de Wolney Queiroz pode se enquadrar nos seguintes crimes:<\/p>\n<ul>\n<li><strong>Prevarica\u00e7\u00e3o<\/strong> \u2013 \u201cao retardar ou omitir ato de of\u00edcio, contrariando dever funcional\u201d;<\/li>\n<li><strong>Improbidade administrativa<\/strong> \u2013 \u201cpor viola\u00e7\u00e3o dos princ\u00edpios da legalidade, moralidade e efici\u00eancia\u201d;<\/li>\n<li><strong>Desvio de finalidade e afronta \u00e0 moralidade administrativa<\/strong> \u2013 \u201cao ser nomeado para liderar uma pasta sobre a qual j\u00e1 demonstrou omiss\u00e3o grave, ferindo o interesse p\u00fablico e a \u00e9tica administrativa\u201d.<\/li>\n<\/ul>\n<p>+ <strong>Leia mais not\u00edcias de\u00a0Pol\u00edtica\u00a0em Oeste<\/strong><\/p>\n<p>Nesse sentido, S\u00f3stenes solicita: \u201cA imediata instaura\u00e7\u00e3o de investiga\u00e7\u00e3o para apurar a conduta do ministro da Previd\u00eancia Social, Wolney Queiroz, em rela\u00e7\u00e3o \u00e0 sua omiss\u00e3o diante das den\u00fancias formais de fraude bilion\u00e1ria no INSS, investigando sua responsabilidade administrativa, c\u00edvel e criminal\u201d.<\/p>\n<blockquote class=\"wp-block-quote is-layout-flow wp-block-quote-is-layout-flow\">\n<p>\u201cQue, diante dos fortes ind\u00edcios de omiss\u00e3o dolosa, prevarica\u00e7\u00e3o e coniv\u00eancia, a Procuradoria-Geral da Rep\u00fablica requeira ao Supremo Tribunal Federal o afastamento cautelar de Wolney Queiroz do cargo de ministro da Previd\u00eancia Social, com fundamento no poder geral de cautela e na necessidade de garantir a imparcialidade das investiga\u00e7\u00f5es, a lisura da administra\u00e7\u00e3o p\u00fablica e a prote\u00e7\u00e3o dos direitos dos benefici\u00e1rios da previd\u00eancia social, evitando qualquer possibilidade de influ\u00eancia na apura\u00e7\u00e3o dos fatos ou de obstru\u00e7\u00e3o da justi\u00e7a\u201d, destacou o l\u00edder.<\/p>\n<\/blockquote>\n<figure class=\"wp-block-embed is-type-video is-provider-youtube wp-block-embed-youtube wp-embed-aspect-16-9 wp-has-aspect-ratio\">\n<div class=\"wp-block-embed__wrapper\">\n<div class=\"perfmatters-lazy-youtube\" data-src=\"https:\/\/www.youtube.com\/embed\/wVtjC4hGgik\" data-id=\"wVtjC4hGgik\" data-query=\"feature=oembed\" onclick=\"perfmattersLazyLoadYouTube(this);\">\n<div><img loading=\"lazy\" decoding=\"async\" alt=\"YouTube video\" width=\"480\" height=\"360\" data-pin-nopin=\"true\" nopin=\"nopin\" class=\"perfmatters-lazy\" src=\"https:\/\/i.ytimg.com\/vi\/wVtjC4hGgik\/hqdefault.jpg\"\/><img loading=\"lazy\" decoding=\"async\" src=\"https:\/\/i.ytimg.com\/vi\/wVtjC4hGgik\/hqdefault.jpg\" alt=\"YouTube video\" width=\"480\" height=\"360\" data-pin-nopin=\"true\" nopin=\"nopin\"\/><\/div>\n<\/div>\n<p><noscript><iframe title=\"Repasses do INSS a sindicato liderado por irm\u00e3o de Lula aumentam 564%\" width=\"800\" height=\"450\" src=\"https:\/\/www.youtube.com\/embed\/wVtjC4hGgik?feature=oembed\" frameborder=\"0\" allow=\"accelerometer; autoplay; clipboard-write; encrypted-media; gyroscope; picture-in-picture; web-share\" referrerpolicy=\"strict-origin-when-cross-origin\" allowfullscreen><\/iframe><\/noscript>\n<\/div>\n<\/figure><\/div>\n<p><br \/>\n<br \/>Fonte: <a href=\"https:\/\/revistaoeste.com\/politica\/sostenes-pede-o-afastamento-do-novo-ministro-da-previdencia\/\">Ag\u00eancia Brasil<\/a><\/p>\n","protected":false},"excerpt":{"rendered":"<p>O l\u00edder do PL na C\u00e2mara, deputado S\u00f3stenes Cavalcante (RJ), protocolou neste s\u00e1bado, 3, um pedido formal \u00e0 Procuradoria-Geral da Rep\u00fablica (PGR). O parlamentar pede o afastamento do novo ministro da Previd\u00eancia Social, Wolney Queiroz.\u00a0 + Lupi \u00e9 demitido do governo Lula S\u00f3stenes tamb\u00e9m requer a abertura de investiga\u00e7\u00e3o contra Wolney Queiroz por suposta omiss\u00e3o [&hellip;]<\/p>\n","protected":false},"author":5,"featured_media":17698,"comment_status":"open","ping_status":"open","sticky":false,"template":"","format":"standard","meta":{"_seopress_robots_primary_cat":"","_seopress_titles_title":"","_seopress_titles_desc":"","_seopress_robots_index":"","footnotes":""},"categories":[47,1],"tags":[],"class_list":["post-17697","post","type-post","status-publish","format-standard","has-post-thumbnail","hentry","category-politica","category-ultimas-noticias"],"_links":{"self":[{"href":"https:\/\/mussicom.com\/noticias\/wp-json\/wp\/v2\/posts\/17697","targetHints":{"allow":["GET"]}}],"collection":[{"href":"https:\/\/mussicom.com\/noticias\/wp-json\/wp\/v2\/posts"}],"about":[{"href":"https:\/\/mussicom.com\/noticias\/wp-json\/wp\/v2\/types\/post"}],"author":[{"embeddable":true,"href":"https:\/\/mussicom.com\/noticias\/wp-json\/wp\/v2\/users\/5"}],"replies":[{"embeddable":true,"href":"https:\/\/mussicom.com\/noticias\/wp-json\/wp\/v2\/comments?post=17697"}],"version-history":[{"count":0,"href":"https:\/\/mussicom.com\/noticias\/wp-json\/wp\/v2\/posts\/17697\/revisions"}],"wp:featuredmedia":[{"embeddable":true,"href":"https:\/\/mussicom.com\/noticias\/wp-json\/wp\/v2\/media\/17698"}],"wp:attachment":[{"href":"https:\/\/mussicom.com\/noticias\/wp-json\/wp\/v2\/media?parent=17697"}],"wp:term":[{"taxonomy":"category","embeddable":true,"href":"https:\/\/mussicom.com\/noticias\/wp-json\/wp\/v2\/categories?post=17697"},{"taxonomy":"post_tag","embeddable":true,"href":"https:\/\/mussicom.com\/noticias\/wp-json\/wp\/v2\/tags?post=17697"}],"curies":[{"name":"wp","href":"https:\/\/api.w.org\/{rel}","templated":true}]}}