{"id":17598,"date":"2025-05-03T08:36:42","date_gmt":"2025-05-03T11:36:42","guid":{"rendered":"https:\/\/mussicom.com\/fundacao-caixa-a-nova-caixa-preta-fiscal-do-governo-lula\/"},"modified":"2025-05-03T08:36:42","modified_gmt":"2025-05-03T11:36:42","slug":"fundacao-caixa-a-nova-caixa-preta-fiscal-do-governo-lula","status":"publish","type":"post","link":"https:\/\/mussicom.com\/noticias\/fundacao-caixa-a-nova-caixa-preta-fiscal-do-governo-lula\/","title":{"rendered":"Funda\u00e7\u00e3o Caixa: a nova caixa-preta fiscal do governo Lula"},"content":{"rendered":"<p> <br \/>\n<\/p>\n<div><\/p>\n<div>A proposta que cria a Funda\u00e7\u00e3o Caixa ainda omite qualquer estudo de impacto fiscal sobre a ren\u00fancia de receitas da Uni\u00e3o.<\/div>\n<\/div>\n<p><br \/>\n<br \/>Fonte: <a href=\"https:\/\/www.gazetadopovo.com.br\/opiniao\/artigos\/fundacao-caixa-a-nova-caixa-preta-fiscal-do-governo-lula\/\">Revista Oeste<\/a><\/p>\n","protected":false},"excerpt":{"rendered":"<p>A proposta que cria a Funda\u00e7\u00e3o Caixa ainda omite qualquer estudo de impacto fiscal sobre a ren\u00fancia de receitas da Uni\u00e3o. Fonte: Revista Oeste<\/p>\n","protected":false},"author":5,"featured_media":17599,"comment_status":"open","ping_status":"open","sticky":false,"template":"","format":"standard","meta":{"_seopress_robots_primary_cat":"","_seopress_titles_title":"","_seopress_titles_desc":"","_seopress_robots_index":"","footnotes":""},"categories":[1],"tags":[],"class_list":["post-17598","post","type-post","status-publish","format-standard","has-post-thumbnail","hentry","category-ultimas-noticias"],"_links":{"self":[{"href":"https:\/\/mussicom.com\/noticias\/wp-json\/wp\/v2\/posts\/17598","targetHints":{"allow":["GET"]}}],"collection":[{"href":"https:\/\/mussicom.com\/noticias\/wp-json\/wp\/v2\/posts"}],"about":[{"href":"https:\/\/mussicom.com\/noticias\/wp-json\/wp\/v2\/types\/post"}],"author":[{"embeddable":true,"href":"https:\/\/mussicom.com\/noticias\/wp-json\/wp\/v2\/users\/5"}],"replies":[{"embeddable":true,"href":"https:\/\/mussicom.com\/noticias\/wp-json\/wp\/v2\/comments?post=17598"}],"version-history":[{"count":0,"href":"https:\/\/mussicom.com\/noticias\/wp-json\/wp\/v2\/posts\/17598\/revisions"}],"wp:featuredmedia":[{"embeddable":true,"href":"https:\/\/mussicom.com\/noticias\/wp-json\/wp\/v2\/media\/17599"}],"wp:attachment":[{"href":"https:\/\/mussicom.com\/noticias\/wp-json\/wp\/v2\/media?parent=17598"}],"wp:term":[{"taxonomy":"category","embeddable":true,"href":"https:\/\/mussicom.com\/noticias\/wp-json\/wp\/v2\/categories?post=17598"},{"taxonomy":"post_tag","embeddable":true,"href":"https:\/\/mussicom.com\/noticias\/wp-json\/wp\/v2\/tags?post=17598"}],"curies":[{"name":"wp","href":"https:\/\/api.w.org\/{rel}","templated":true}]}}