{"id":17596,"date":"2025-05-03T08:33:17","date_gmt":"2025-05-03T11:33:17","guid":{"rendered":"https:\/\/mussicom.com\/ministro-de-lula-vai-a-camara-falar-sobre-o-preco-dos-alimentos\/"},"modified":"2025-05-03T08:33:17","modified_gmt":"2025-05-03T11:33:17","slug":"ministro-de-lula-vai-a-camara-falar-sobre-o-preco-dos-alimentos","status":"publish","type":"post","link":"https:\/\/mussicom.com\/noticias\/ministro-de-lula-vai-a-camara-falar-sobre-o-preco-dos-alimentos\/","title":{"rendered":"Ministro de Lula vai \u00e0 C\u00e2mara falar sobre o pre\u00e7o dos alimentos"},"content":{"rendered":"<p> <br \/>\n<\/p>\n<div id=\"hd80s9wa1h892edh8192\">\n<p>O ministro da Agricultura, Paulo Teixeira, foi convidado para ir, na pr\u00f3xima ter\u00e7a-feira, 6, \u00e0 Comiss\u00e3o de Agricultura da C\u00e2mara para prestar esclarecimentos sobre a alta do pre\u00e7o dos alimentos. Os deputados querem que o integrante do alto escal\u00e3o informe as medidas adotadas pelo governo Lula para enfrentar a situa\u00e7\u00e3o.<\/p>\n<p>Ao todo, cinco requerimentos de convite para o ministro de Lula foram aprovados. Desses, tr\u00eas s\u00e3o de deputados de oposi\u00e7\u00e3o e, os demais, de parlamentares da base petista.<\/p>\n<p><strong>+ Marina Silva vai ter de explicar participa\u00e7\u00e3o no Acampamento Terra Livre<\/strong><\/p>\n<p>No requerimento do deputado Albuquerque (Republicanos-RR), \u00e9 solicitada a ida do ministro para \u201cpara analisar o aumento de pre\u00e7os dos alimentos, suas causas e as medidas adotadas pelo governo para enfrentar a situa\u00e7\u00e3o\u201d.<\/p>\n<p>\u201cEm especial, apresentar os esfor\u00e7os adotados para amenizar a infla\u00e7\u00e3o relativa aos produtos da cesta b\u00e1sica e como este parlamento pode contribuir para enfrentar este desafio\u201d, justificou Albuquerque no documento.<\/p>\n<figure class=\"wp-block-image aligncenter size-full\"><picture><source data-srcset=\"https:\/\/medias.revistaoeste.com\/wp-content\/uploads\/2025\/04\/Rodolfo-Nogueira.jpg.webp 1000w, https:\/\/medias.revistaoeste.com\/wp-content\/uploads\/2025\/04\/Rodolfo-Nogueira-300x185.jpg.webp 300w, https:\/\/medias.revistaoeste.com\/wp-content\/uploads\/2025\/04\/Rodolfo-Nogueira-150x92.jpg.webp 150w\" data-sizes=\"(max-width: 1000px) 100vw, 1000px\" type=\"image\/webp\"><img fetchpriority=\"high\" decoding=\"async\" width=\"1000\" height=\"616\" src=\"https:\/\/medias.revistaoeste.com\/wp-content\/uploads\/2025\/04\/Rodolfo-Nogueira.jpg\" alt=\"Rodolfo Nogueira\" class=\"wp-image-1943380\" srcset=\"https:\/\/medias.revistaoeste.com\/wp-content\/uploads\/2025\/04\/Rodolfo-Nogueira.jpg 1000w, https:\/\/medias.revistaoeste.com\/wp-content\/uploads\/2025\/04\/Rodolfo-Nogueira-300x185.jpg 300w, https:\/\/medias.revistaoeste.com\/wp-content\/uploads\/2025\/04\/Rodolfo-Nogueira-150x92.jpg 150w\" sizes=\"(max-width: 1000px) 100vw, 1000px\" data-eio=\"p\"\/><\/source><\/picture><figcaption class=\"wp-element-caption\">O presidente da Comiss\u00e3o de Agricultura, deputado Rodolfo Nogueira (PL-MS) | Foto: Claudio Reis\/C\u00e2mara dos Deputados<\/figcaption><\/figure>\n<h2 class=\"wp-block-heading\"><strong>Deputados querem explica\u00e7\u00f5es sobre invas\u00f5es de terra sob o governo Lula<\/strong><\/h2>\n<p>Outros dois requerimentos de convite foram apresentados pelos deputados Evair de Melo (PP-ES) e Coronel Fernanda (PL-MT). Os parlamentares querem explica\u00e7\u00f5es em rela\u00e7\u00e3o \u00e0s invas\u00f5es de terra promovidas no Abril Vermelho do MST.<\/p>\n<p>Evair de Melo diz que Paulo Teixeira precisa dar \u201cexplica\u00e7\u00f5es urgentes sobre a omiss\u00e3o do governo federal diante dos crimes abertamente anunciados por movimentos sociais no chamado Abril Vermelho\u201d.<\/p>\n<figure class=\"wp-block-image aligncenter size-full\"><picture><source data-srcset=\"https:\/\/medias.revistaoeste.com\/wp-content\/uploads\/2024\/12\/Correios-1.jpg.webp 650w, https:\/\/medias.revistaoeste.com\/wp-content\/uploads\/2024\/12\/Correios-1-300x192.jpg.webp 300w, https:\/\/medias.revistaoeste.com\/wp-content\/uploads\/2024\/12\/Correios-1-150x96.jpg.webp 150w\" data-sizes=\"(max-width: 650px) 100vw, 650px\" type=\"image\/webp\"><img decoding=\"async\" width=\"650\" height=\"415\" alt=\"O deputado federal Evair de Melo (PP-ES) protocolou no Tribunal de Contas da Uni\u00e3o (TCU) uma solicita\u00e7\u00e3o que busca esclarecimentos sobre a administra\u00e7\u00e3o dos Correios | Foto: Divulga\u00e7\u00e3o\/Evair de Melo\" class=\"wp-image-1782158 perfmatters-lazy\" data-eio=\"p\" src=\"https:\/\/medias.revistaoeste.com\/wp-content\/uploads\/2024\/12\/Correios-1.jpg\" srcset=\"https:\/\/medias.revistaoeste.com\/wp-content\/uploads\/2024\/12\/Correios-1.jpg 650w, https:\/\/medias.revistaoeste.com\/wp-content\/uploads\/2024\/12\/Correios-1-300x192.jpg 300w, https:\/\/medias.revistaoeste.com\/wp-content\/uploads\/2024\/12\/Correios-1-150x96.jpg 150w\" data-sizes=\"(max-width: 650px) 100vw, 650px\"\/><img decoding=\"async\" width=\"650\" height=\"415\" src=\"https:\/\/medias.revistaoeste.com\/wp-content\/uploads\/2024\/12\/Correios-1.jpg\" alt=\"O deputado federal Evair de Melo (PP-ES) protocolou no Tribunal de Contas da Uni\u00e3o (TCU) uma solicita\u00e7\u00e3o que busca esclarecimentos sobre a administra\u00e7\u00e3o dos Correios | Foto: Divulga\u00e7\u00e3o\/Evair de Melo\" class=\"wp-image-1782158\" srcset=\"https:\/\/medias.revistaoeste.com\/wp-content\/uploads\/2024\/12\/Correios-1.jpg 650w, https:\/\/medias.revistaoeste.com\/wp-content\/uploads\/2024\/12\/Correios-1-300x192.jpg 300w, https:\/\/medias.revistaoeste.com\/wp-content\/uploads\/2024\/12\/Correios-1-150x96.jpg 150w\" sizes=\"(max-width: 650px) 100vw, 650px\" data-eio=\"p\"\/><\/source><\/picture><figcaption class=\"wp-element-caption\">O deputado federal Evair de Melo (PP-ES) | Foto: Divulga\u00e7\u00e3o\/Evair de Melo<\/figcaption><\/figure>\n<blockquote class=\"wp-block-quote is-layout-flow wp-block-quote-is-layout-flow\">\n<p>\u201cTrata-se de movimento organizado, com m\u00e9todos criminosos e expl\u00edcita hostilidade \u00e0 Constitui\u00e7\u00e3o Federal, que despreza o direito de propriedade, atenta contra a paz social e coloca em risco a seguran\u00e7a de produtores, trabalhadores e da popula\u00e7\u00e3o em geral\u201d, justificou. \u201cNeste ano, o MST ampliou sua escalada de viol\u00eancia.\u201d<\/p>\n<\/blockquote>\n<p>O parlamentar alegou que o \u201cmais grave\u201d nas invas\u00f5es \u00e9 \u201ca postura c\u00famplice e conivente do governo federal\u201d: \u201cEm vez de repudiar tais pr\u00e1ticas antidemocr\u00e1ticas, o presidente Lula recebe lideran\u00e7as do MST no Pal\u00e1cio do Planalto, conferindo legitimidade institucional a quem afronta a Constitui\u00e7\u00e3o\u201d.<\/p>\n<figure class=\"wp-block-image aligncenter size-full\"><picture><source data-srcset=\"https:\/\/medias.revistaoeste.com\/wp-content\/uploads\/2025\/05\/coronel-fernanda.jpg.webp 768w, https:\/\/medias.revistaoeste.com\/wp-content\/uploads\/2025\/05\/coronel-fernanda-300x185.jpg.webp 300w, https:\/\/medias.revistaoeste.com\/wp-content\/uploads\/2025\/05\/coronel-fernanda-150x92.jpg.webp 150w\" data-sizes=\"(max-width: 768px) 100vw, 768px\" type=\"image\/webp\"><img loading=\"lazy\" decoding=\"async\" width=\"768\" height=\"473\" alt=\"coronel fernanda\" class=\"wp-image-1980559 perfmatters-lazy\" data-eio=\"p\" src=\"https:\/\/medias.revistaoeste.com\/wp-content\/uploads\/2025\/05\/coronel-fernanda.jpg\" srcset=\"https:\/\/medias.revistaoeste.com\/wp-content\/uploads\/2025\/05\/coronel-fernanda.jpg 768w, https:\/\/medias.revistaoeste.com\/wp-content\/uploads\/2025\/05\/coronel-fernanda-300x185.jpg 300w, https:\/\/medias.revistaoeste.com\/wp-content\/uploads\/2025\/05\/coronel-fernanda-150x92.jpg 150w\" data-sizes=\"(max-width: 768px) 100vw, 768px\"\/><img loading=\"lazy\" decoding=\"async\" width=\"768\" height=\"473\" src=\"https:\/\/medias.revistaoeste.com\/wp-content\/uploads\/2025\/05\/coronel-fernanda.jpg\" alt=\"coronel fernanda\" class=\"wp-image-1980559\" srcset=\"https:\/\/medias.revistaoeste.com\/wp-content\/uploads\/2025\/05\/coronel-fernanda.jpg 768w, https:\/\/medias.revistaoeste.com\/wp-content\/uploads\/2025\/05\/coronel-fernanda-300x185.jpg 300w, https:\/\/medias.revistaoeste.com\/wp-content\/uploads\/2025\/05\/coronel-fernanda-150x92.jpg 150w\" sizes=\"(max-width: 768px) 100vw, 768px\" data-eio=\"p\"\/><\/source><\/picture><figcaption class=\"wp-element-caption\">A deputada Coronel Fernanda tamb\u00e9m pediu a ida do ministro de Lula ao colegiado | Foto: Renato Ara\u00fajo\/C\u00e2mara dos Deputados<br \/>\n<\/figcaption><\/figure>\n<p>Coronel Fernanda sinalizou, no seu requerimento, que Paulo Teixeira \u201cesclarecimentos acerca das medidas tomadas pelo minist\u00e9rio com rela\u00e7\u00e3o ao processo de regulariza\u00e7\u00e3o fundi\u00e1ria no pa\u00eds, bem como das a\u00e7\u00f5es do governo para solucionar a inseguran\u00e7a e os conflitos no campo\u201d.<\/p>\n<blockquote class=\"wp-block-quote is-layout-flow wp-block-quote-is-layout-flow\">\n<p>\u201cA aus\u00eancia de estruturas de propriedade claras facilita a apropria\u00e7\u00e3o ilegal, dificulta o combate ao desmatamento ilegal e frequentemente leva a violentos conflitos de terra\u201d, afirmou. \u201cAl\u00e9m disso, a incerteza jur\u00eddica prejudica a implementa\u00e7\u00e3o de medidas de prote\u00e7\u00e3o da floresta no longo prazo, como o estabelecimento de unidades de conserva\u00e7\u00e3o, territ\u00f3rios coletivos e o fortalecimento das cadeias produtivas da regi\u00e3o.\u201d<\/p>\n<\/blockquote>\n<p><strong>+ Leia mais not\u00edcias de Pol\u00edtica em Oeste<\/strong><\/p>\n<\/p><\/div>\n<p><br \/>\n<br \/>Fonte: <a href=\"https:\/\/revistaoeste.com\/politica\/ministro-de-lula-deve-ir-a-camara-falar-sobre-a-alta-do-preco-dos-alimentos\/\">Ag\u00eancia Brasil<\/a><\/p>\n","protected":false},"excerpt":{"rendered":"<p>O ministro da Agricultura, Paulo Teixeira, foi convidado para ir, na pr\u00f3xima ter\u00e7a-feira, 6, \u00e0 Comiss\u00e3o de Agricultura da C\u00e2mara para prestar esclarecimentos sobre a alta do pre\u00e7o dos alimentos. Os deputados querem que o integrante do alto escal\u00e3o informe as medidas adotadas pelo governo Lula para enfrentar a situa\u00e7\u00e3o. Ao todo, cinco requerimentos de [&hellip;]<\/p>\n","protected":false},"author":5,"featured_media":17597,"comment_status":"open","ping_status":"open","sticky":false,"template":"","format":"standard","meta":{"_seopress_robots_primary_cat":"","_seopress_titles_title":"","_seopress_titles_desc":"","_seopress_robots_index":"","footnotes":""},"categories":[47,1],"tags":[],"class_list":["post-17596","post","type-post","status-publish","format-standard","has-post-thumbnail","hentry","category-politica","category-ultimas-noticias"],"_links":{"self":[{"href":"https:\/\/mussicom.com\/noticias\/wp-json\/wp\/v2\/posts\/17596","targetHints":{"allow":["GET"]}}],"collection":[{"href":"https:\/\/mussicom.com\/noticias\/wp-json\/wp\/v2\/posts"}],"about":[{"href":"https:\/\/mussicom.com\/noticias\/wp-json\/wp\/v2\/types\/post"}],"author":[{"embeddable":true,"href":"https:\/\/mussicom.com\/noticias\/wp-json\/wp\/v2\/users\/5"}],"replies":[{"embeddable":true,"href":"https:\/\/mussicom.com\/noticias\/wp-json\/wp\/v2\/comments?post=17596"}],"version-history":[{"count":0,"href":"https:\/\/mussicom.com\/noticias\/wp-json\/wp\/v2\/posts\/17596\/revisions"}],"wp:featuredmedia":[{"embeddable":true,"href":"https:\/\/mussicom.com\/noticias\/wp-json\/wp\/v2\/media\/17597"}],"wp:attachment":[{"href":"https:\/\/mussicom.com\/noticias\/wp-json\/wp\/v2\/media?parent=17596"}],"wp:term":[{"taxonomy":"category","embeddable":true,"href":"https:\/\/mussicom.com\/noticias\/wp-json\/wp\/v2\/categories?post=17596"},{"taxonomy":"post_tag","embeddable":true,"href":"https:\/\/mussicom.com\/noticias\/wp-json\/wp\/v2\/tags?post=17596"}],"curies":[{"name":"wp","href":"https:\/\/api.w.org\/{rel}","templated":true}]}}