{"id":17401,"date":"2025-05-02T15:15:02","date_gmt":"2025-05-02T18:15:02","guid":{"rendered":"https:\/\/mussicom.com\/chile-ordena-desocupacao-de-regiao-depois-de-forte-terremoto\/"},"modified":"2025-05-02T15:15:02","modified_gmt":"2025-05-02T18:15:02","slug":"chile-ordena-desocupacao-de-regiao-depois-de-forte-terremoto","status":"publish","type":"post","link":"https:\/\/mussicom.com\/noticias\/chile-ordena-desocupacao-de-regiao-depois-de-forte-terremoto\/","title":{"rendered":"Chile ordena desocupa\u00e7\u00e3o de regi\u00e3o depois de forte terremoto"},"content":{"rendered":"<p> <br \/>\n<\/p>\n<div id=\"hd80s9wa1h892edh8192\">\n<p>A amea\u00e7a de um poss\u00edvel tsunami levou o Servi\u00e7o Nacional de Preven\u00e7\u00e3o e Resposta a Desastres (Senapred) do Chile a ordenar, nesta sexta-feira, 2, a evacua\u00e7\u00e3o imediata das \u00e1reas costeiras da Regi\u00e3o de Magallanes, no extremo sul do pa\u00eds.<\/p>\n<p>O alerta foi divulgado por meio das redes sociais e refor\u00e7ado com o envio de mensagens via Sistema de Alerta de Emerg\u00eancia (SAE) para a popula\u00e7\u00e3o local, al\u00e9m da republica\u00e7\u00e3o por parte do presidente do pa\u00eds, Gabriel Boric.<\/p>\n<p><strong>+ Leia mais not\u00edcias de\u00a0Mundo\u00a0em Oeste<\/strong><\/p>\n<p>\u201cAten\u00e7\u00e3o! O Senapred, devido a amea\u00e7a de tsunami, solicita a evacua\u00e7\u00e3o da faixa litor\u00e2nea da Regi\u00e3o de Magallanes\u201d, informou o \u00f3rg\u00e3o em sua conta oficial no X. A mensagem tamb\u00e9m enfatiza a import\u00e2ncia de manter a calma e seguir rigorosamente as orienta\u00e7\u00f5es das autoridades e equipes de emerg\u00eancia.<\/p>\n<p>Segundo o comunicado, a ativa\u00e7\u00e3o do SAE tem como objetivo refor\u00e7ar a a\u00e7\u00e3o dos organismos t\u00e9cnicos respons\u00e1veis pela evacua\u00e7\u00e3o em campo e garantir que a popula\u00e7\u00e3o seja devidamente orientada e conduzida a locais seguros.<\/p>\n<p><related-posts class=\"border-y border-gray-300 py-5\"><\/p>\n<h2 class=\"!text-2xl text-black font-primary font-semibold leading-none mb-3\">\n    Leia mais:<br \/>\n  <\/h2>\n<p><\/related-posts><\/p>\n<h2 class=\"wp-block-heading\">Terremoto atingiu regi\u00e3o entre Chile e Argentina<\/h2>\n<p>Um terremoto de magnitude 7,4 sacudiu a Passagem de Drake nesta sexta-feira, 2. O tremor ocorreu a 10 quil\u00f4metros de profundidade, segundo o Servi\u00e7o Geol\u00f3gico dos Estados Unidos. A regi\u00e3o afetada fica <strong>entre o sul do Chile e a Ant\u00e1rtida<\/strong>, considerada uma das mais inst\u00e1veis do mundo em termos tect\u00f4nicos.<\/p>\n<p>Na Argentina, o temor se espalhou. Autoridades de Ushuaia, no extremo sul do pa\u00eds, j\u00e1 come\u00e7aram a retirada de moradores. O aviso de ondas anormais mobilizou equipes de defesa civil e ativou os protocolos de emerg\u00eancia. A <strong>Passagem de Drake<\/strong> conecta os oceanos Atl\u00e2ntico e Pac\u00edfico e serve de rota para navios comerciais e miss\u00f5es cient\u00edficas que seguem rumo \u00e0 Ant\u00e1rtida.<\/p>\n<figure class=\"wp-block-image aligncenter size-full is-resized\"><picture><source data-srcset=\"https:\/\/medias.revistaoeste.com\/wp-content\/uploads\/2025\/05\/Captura-de-Tela-2025-05-02-as-11.44.07.jpg.webp 1880w, https:\/\/medias.revistaoeste.com\/wp-content\/uploads\/2025\/05\/Captura-de-Tela-2025-05-02-as-11.44.07-300x168.jpg.webp 300w, https:\/\/medias.revistaoeste.com\/wp-content\/uploads\/2025\/05\/Captura-de-Tela-2025-05-02-as-11.44.07-400x225.jpg.webp 400w, https:\/\/medias.revistaoeste.com\/wp-content\/uploads\/2025\/05\/Captura-de-Tela-2025-05-02-as-11.44.07-216x121.jpg.webp 216w, https:\/\/medias.revistaoeste.com\/wp-content\/uploads\/2025\/05\/Captura-de-Tela-2025-05-02-as-11.44.07-150x84.jpg.webp 150w\" data-sizes=\"(max-width: 1880px) 100vw, 1880px\" type=\"image\/webp\"><img fetchpriority=\"high\" decoding=\"async\" width=\"1880\" height=\"1052\" src=\"https:\/\/medias.revistaoeste.com\/wp-content\/uploads\/2025\/05\/Captura-de-Tela-2025-05-02-as-11.44.07.jpg\" alt=\"Terremoto atingiu Chile e Argentina | Foto: Reprodu\u00e7\u00e3o\/USG\" class=\"wp-image-1979593\" style=\"width:768px;height:auto\" srcset=\"https:\/\/medias.revistaoeste.com\/wp-content\/uploads\/2025\/05\/Captura-de-Tela-2025-05-02-as-11.44.07.jpg 1880w, https:\/\/medias.revistaoeste.com\/wp-content\/uploads\/2025\/05\/Captura-de-Tela-2025-05-02-as-11.44.07-300x168.jpg 300w, https:\/\/medias.revistaoeste.com\/wp-content\/uploads\/2025\/05\/Captura-de-Tela-2025-05-02-as-11.44.07-400x225.jpg 400w, https:\/\/medias.revistaoeste.com\/wp-content\/uploads\/2025\/05\/Captura-de-Tela-2025-05-02-as-11.44.07-216x121.jpg 216w, https:\/\/medias.revistaoeste.com\/wp-content\/uploads\/2025\/05\/Captura-de-Tela-2025-05-02-as-11.44.07-150x84.jpg 150w\" sizes=\"(max-width: 1880px) 100vw, 1880px\" data-eio=\"p\"\/><\/source><\/picture><figcaption class=\"wp-element-caption\">Terremoto atingiu Chile e Argentina | Foto: Reprodu\u00e7\u00e3o\/USG<\/figcaption><\/figure>\n<p>O governo chileno reagiu com rapidez e ordenou a evacua\u00e7\u00e3o imediata das \u00e1reas costeiras da Regi\u00e3o de Magallanes. T\u00e9cnicos alertaram para o risco de tsunami e pediram que a popula\u00e7\u00e3o deixasse as zonas litor\u00e2neas.<\/p>\n<p>Embora n\u00e3o haja registro de feridos, o terremoto causou susto entre os moradores e chegou a provocar o balan\u00e7o de pr\u00e9dios altos da Prov\u00edncia de C\u00f3rdoba, conforme o jornal argentino <em>Clar\u00edn<\/em>. Na cidade de Campanas, localizada junto da Serra do Famatina, moradores relataram momentos de tens\u00e3o.<\/p>\n<p><strong>Leia tamb\u00e9m:\u00a0\u201cMoscou \u00e9 uma festa\u201d, artigo de Augusto Nunes publicado na Edi\u00e7\u00e3o 250 da Revista Oeste<\/strong><\/p>\n<\/p><\/div>\n<p><br \/>\n<br \/>Fonte: <a href=\"https:\/\/revistaoeste.com\/mundo\/chile-ordena-desocupacao-de-regiao-depois-de-forte-terremoto-e-risco-de-tsunami\/\">Revista Oeste<\/a><\/p>\n","protected":false},"excerpt":{"rendered":"<p>A amea\u00e7a de um poss\u00edvel tsunami levou o Servi\u00e7o Nacional de Preven\u00e7\u00e3o e Resposta a Desastres (Senapred) do Chile a ordenar, nesta sexta-feira, 2, a evacua\u00e7\u00e3o imediata das \u00e1reas costeiras da Regi\u00e3o de Magallanes, no extremo sul do pa\u00eds. O alerta foi divulgado por meio das redes sociais e refor\u00e7ado com o envio de mensagens [&hellip;]<\/p>\n","protected":false},"author":5,"featured_media":17402,"comment_status":"open","ping_status":"open","sticky":false,"template":"","format":"standard","meta":{"_seopress_robots_primary_cat":"","_seopress_titles_title":"","_seopress_titles_desc":"","_seopress_robots_index":"","footnotes":""},"categories":[48],"tags":[],"class_list":["post-17401","post","type-post","status-publish","format-standard","has-post-thumbnail","hentry","category-internacional"],"_links":{"self":[{"href":"https:\/\/mussicom.com\/noticias\/wp-json\/wp\/v2\/posts\/17401","targetHints":{"allow":["GET"]}}],"collection":[{"href":"https:\/\/mussicom.com\/noticias\/wp-json\/wp\/v2\/posts"}],"about":[{"href":"https:\/\/mussicom.com\/noticias\/wp-json\/wp\/v2\/types\/post"}],"author":[{"embeddable":true,"href":"https:\/\/mussicom.com\/noticias\/wp-json\/wp\/v2\/users\/5"}],"replies":[{"embeddable":true,"href":"https:\/\/mussicom.com\/noticias\/wp-json\/wp\/v2\/comments?post=17401"}],"version-history":[{"count":0,"href":"https:\/\/mussicom.com\/noticias\/wp-json\/wp\/v2\/posts\/17401\/revisions"}],"wp:featuredmedia":[{"embeddable":true,"href":"https:\/\/mussicom.com\/noticias\/wp-json\/wp\/v2\/media\/17402"}],"wp:attachment":[{"href":"https:\/\/mussicom.com\/noticias\/wp-json\/wp\/v2\/media?parent=17401"}],"wp:term":[{"taxonomy":"category","embeddable":true,"href":"https:\/\/mussicom.com\/noticias\/wp-json\/wp\/v2\/categories?post=17401"},{"taxonomy":"post_tag","embeddable":true,"href":"https:\/\/mussicom.com\/noticias\/wp-json\/wp\/v2\/tags?post=17401"}],"curies":[{"name":"wp","href":"https:\/\/api.w.org\/{rel}","templated":true}]}}