{"id":17288,"date":"2025-05-02T04:48:35","date_gmt":"2025-05-02T07:48:35","guid":{"rendered":"https:\/\/mussicom.com\/prodesan-aprova-criacao-de-comite-de-auditoria-estatutaria\/"},"modified":"2025-05-02T04:48:35","modified_gmt":"2025-05-02T07:48:35","slug":"prodesan-aprova-criacao-de-comite-de-auditoria-estatutaria","status":"publish","type":"post","link":"https:\/\/mussicom.com\/noticias\/prodesan-aprova-criacao-de-comite-de-auditoria-estatutaria\/","title":{"rendered":"Prodesan aprova cria\u00e7\u00e3o de Comit\u00ea de Auditoria Estatut\u00e1ria"},"content":{"rendered":"<p> <br \/>\n<\/p>\n<div id=\"texto\">\n<p><strong>Nova estrutura<\/strong><br \/>&#13;<br \/>\nEm assembleia realizada no \u00faltimo dia 24, a Prodesan aprovou a cria\u00e7\u00e3o do Comit\u00ea de Auditoria Estatut\u00e1ria. Entre as responsabilidades desse novo \u00f3rg\u00e3o est\u00e3o a supervis\u00e3o das atividades desenvolvidas nas \u00e1reas de controle interno, a elabora\u00e7\u00e3o de demonstra\u00e7\u00f5es financeiras, o acompanhamento das atividades dos auditores independentes e a solicita\u00e7\u00e3o de informa\u00e7\u00f5es detalhadas sobre o uso de ativos, os gastos realizados e a remunera\u00e7\u00e3o da administra\u00e7\u00e3o.<\/p>\n<p><strong>Indefini\u00e7\u00f5es<\/strong><br \/>&#13;<br \/>\nAinda n\u00e3o h\u00e1 uma data definida para o in\u00edcio das atividades do comit\u00ea. O primeiro passo ser\u00e1 a nomea\u00e7\u00e3o de tr\u00eas membros independentes para compor o colegiado. Eles ser\u00e3o remunerados, mas o valor a ser pago ainda n\u00e3o foi estabelecido.<\/p>\n<p><strong>Crit\u00e9rios<\/strong><br \/>&#13;<br \/>\nPara participar do Comit\u00ea de Auditoria Estatut\u00e1ria, \u00e9 necess\u00e1rio atender a crit\u00e9rios espec\u00edficos, como n\u00e3o ter sido, nos 12 meses anteriores \u00e0 nomea\u00e7\u00e3o, diretor, empregado ou membro do conselho fiscal da empresa, assim como integrante com fun\u00e7\u00e3o de ger\u00eancia na equipe envolvida nos trabalhos de auditoria da Prodesan. Al\u00e9m disso, a pessoa n\u00e3o pode receber remunera\u00e7\u00e3o de empresa p\u00fablica que n\u00e3o seja aquela relativa \u00e0 fun\u00e7\u00e3o. Ao menos um dos integrantes deve ter reconhecida experi\u00eancia em assuntos de contabilidade societ\u00e1ria.<\/p>\n<p><strong>Cumprimento da lei<\/strong><br \/>&#13;<br \/>\nA cria\u00e7\u00e3o desse grupo atende \u00e0 exig\u00eancia da Lei Federal 13.303\/2016, que determina que empresas p\u00fablicas e sociedades de economia mista com receita bruta operacional superior a R$ 90 milh\u00f5es devem instituir esse \u00f3rg\u00e3o. Em 2024, a Prodesan superou esse limite, registrando receita bruta de R$ 113,4 milh\u00f5es.<\/p>\n<p><strong>Novo apoio<\/strong><br \/>&#13;<br \/>\nEm reuni\u00e3o realizada na noite da \u00faltima quarta-feira, o MDB de Mongagu\u00e1 decidiu apoiar a candidatura ao Executivo de Cristina Wiazowski (PP). A discuss\u00e3o sobre o tema ocorreu na casa do presidente da legenda na Cidade, o ex-vereador Ant\u00f4nio Eduardo dos Santos, o Baianinho.<\/p>\n<p><strong>Mudan\u00e7a de lado<\/strong><br \/>&#13;<br \/>\nNas elei\u00e7\u00f5es do ano passado, Baianinho foi o vice de Rodrigo Casa Branca (Uni\u00e3o), que sair\u00e1 candidato a prefeito mais uma vez. Al\u00e9m do integrante do MDB, outra lideran\u00e7a do Uni\u00e3o j\u00e1 anunciou apoio \u00e0 Cristina: o prefeito interino Luiz Berbiz de Oliveira, o Tubar\u00e3o. \u00a0\u00a0<\/p>\n<p><strong>Primeira parada<\/strong><br \/>&#13;<br \/>\nSob a lideran\u00e7a do deputado federal e presidente da Frente Parlamentar de Portos e Aeroportos, Paulo Alexandre Barbosa (PSDB), a miss\u00e3o internacional para trazer mais investimentos ao Porto de Santos teve o primeiro compromisso ontem. Em Genebra (Su\u00ed\u00e7a), o legislador e o prefeito de Santos, Rog\u00e9rio Santos (Republicanos), foram recebidos pelo presidente executivo da MSC Cruzeiros, Pierfrancesco Vago, e pelo vice-presidente mundial da companhia, Gianluca Suprani.<\/p>\n<p><strong>Inspira\u00e7\u00e3o<\/strong><br \/>&#13;<br \/>\nNos pr\u00f3ximos dias, o grupo participar\u00e1 de visitas t\u00e9cnicas e reuni\u00f5es na Alemanha e na Dinamarca para conhecer as obras do t\u00fanel submerso Fehmarnbelt, que ligar\u00e1 os dois pa\u00edses. A t\u00e9cnica de constru\u00e7\u00e3o ser\u00e1 a mesma da liga\u00e7\u00e3o seca Santos-Guaruj\u00e1. Or\u00e7ado em R$ 46,7 bilh\u00f5es, esse t\u00fanel europeu ter\u00e1 18 quil\u00f4metros de extens\u00e3o e dever\u00e1 ser entregue em 2029.\u00a0<br \/>&#13;<br \/>\n\u00a0<br \/>&#13;<br \/>\n<strong>Focinheira obrigat\u00f3ria<\/strong><br \/>&#13;<br \/>\nO vereador de Cubat\u00e3o Marcos Roberto Silva, o Tinho (PSD), apresentou o projeto de lei que obriga o uso de coleira, guia curta e focinheira por c\u00e3es de grande porte e\/ou de ra\u00e7as potencialmente perigosas em parques, pra\u00e7as, vias p\u00fablicas e locais de grande circula\u00e7\u00e3o do Munic\u00edpio. Fazem parte dessa lista as seguintes ra\u00e7as: Pit Bull Terrier, Rottweiler, Fila Brasileiro, American Staffordshire Terrier, Doberman, Bull Terrier, American Bully, Dogo Argentino, Mastim Napolitano, Pastor Alem\u00e3o, Akita Inu e Boxer.<\/p>\n<p><strong>San\u00e7\u00f5es previstas<\/strong><br \/>&#13;<br \/>\nA proposta se aplica a c\u00e3es com mais de 25 quilos, comportamento agressivo ou hist\u00f3rico de ataque a pessoas e outros animais, especialmente quando conduzidos por indiv\u00edduos sem capacidade f\u00edsica de cont\u00ea-los. Em caso de descumprimento, os cidad\u00e3os que estiverem com os animais estar\u00e3o sujeitos a penalidades que incluem: advert\u00eancia verbal, notifica\u00e7\u00e3o por escrito, multa de 15 Ufesp&#8217;s (R$ 550,30) e, em caso de reincid\u00eancia, san\u00e7\u00e3o em dobro.<br \/>&#13;<br \/>\n\u00a0<\/p>\n<\/p><\/div>\n<p><script async defer crossorigin=\"anonymous\" src=\"https:\/\/connect.facebook.net\/pt_BR\/sdk.js#xfbml=1&#038;version=v12.0&#038;appId=&#038;autoLogAppEvents=1\" nonce=\"ou0fI1lo\"><\/script><br \/>\n<br \/><br \/>\n<br \/>Fonte: <a href=\"https:\/\/www.bs9.com.br\/politica\/prodesan-aprova-criacao-de-comite-de-auditoria-estatutaria\/31384\/\">BS9<\/a><\/p>\n","protected":false},"excerpt":{"rendered":"<p>Nova estrutura&#13; Em assembleia realizada no \u00faltimo dia 24, a Prodesan aprovou a cria\u00e7\u00e3o do Comit\u00ea de Auditoria Estatut\u00e1ria. Entre as responsabilidades desse novo \u00f3rg\u00e3o est\u00e3o a supervis\u00e3o das atividades desenvolvidas nas \u00e1reas de controle interno, a elabora\u00e7\u00e3o de demonstra\u00e7\u00f5es financeiras, o acompanhamento das atividades dos auditores independentes e a solicita\u00e7\u00e3o de informa\u00e7\u00f5es detalhadas sobre [&hellip;]<\/p>\n","protected":false},"author":5,"featured_media":13096,"comment_status":"open","ping_status":"open","sticky":false,"template":"","format":"standard","meta":{"_seopress_robots_primary_cat":"","_seopress_titles_title":"","_seopress_titles_desc":"","_seopress_robots_index":"","footnotes":""},"categories":[52],"tags":[],"class_list":["post-17288","post","type-post","status-publish","format-standard","has-post-thumbnail","hentry","category-santoseregiao"],"_links":{"self":[{"href":"https:\/\/mussicom.com\/noticias\/wp-json\/wp\/v2\/posts\/17288","targetHints":{"allow":["GET"]}}],"collection":[{"href":"https:\/\/mussicom.com\/noticias\/wp-json\/wp\/v2\/posts"}],"about":[{"href":"https:\/\/mussicom.com\/noticias\/wp-json\/wp\/v2\/types\/post"}],"author":[{"embeddable":true,"href":"https:\/\/mussicom.com\/noticias\/wp-json\/wp\/v2\/users\/5"}],"replies":[{"embeddable":true,"href":"https:\/\/mussicom.com\/noticias\/wp-json\/wp\/v2\/comments?post=17288"}],"version-history":[{"count":0,"href":"https:\/\/mussicom.com\/noticias\/wp-json\/wp\/v2\/posts\/17288\/revisions"}],"wp:featuredmedia":[{"embeddable":true,"href":"https:\/\/mussicom.com\/noticias\/wp-json\/wp\/v2\/media\/13096"}],"wp:attachment":[{"href":"https:\/\/mussicom.com\/noticias\/wp-json\/wp\/v2\/media?parent=17288"}],"wp:term":[{"taxonomy":"category","embeddable":true,"href":"https:\/\/mussicom.com\/noticias\/wp-json\/wp\/v2\/categories?post=17288"},{"taxonomy":"post_tag","embeddable":true,"href":"https:\/\/mussicom.com\/noticias\/wp-json\/wp\/v2\/tags?post=17288"}],"curies":[{"name":"wp","href":"https:\/\/api.w.org\/{rel}","templated":true}]}}