{"id":17217,"date":"2025-05-01T21:57:29","date_gmt":"2025-05-02T00:57:29","guid":{"rendered":"https:\/\/mussicom.com\/cop30-ja-e-marcada-por-bizarrices\/"},"modified":"2025-05-01T21:57:29","modified_gmt":"2025-05-02T00:57:29","slug":"cop30-ja-e-marcada-por-bizarrices","status":"publish","type":"post","link":"https:\/\/mussicom.com\/noticias\/cop30-ja-e-marcada-por-bizarrices\/","title":{"rendered":"COP30 j\u00e1 \u00e9 marcada por bizarrices"},"content":{"rendered":"<p> <br \/>\n<\/p>\n<div id=\"hd80s9wa1h892edh8192\">\n<p>Nas \u00faltimas semanas, ve\u00edculos de imprensa t\u00eam destacado os altos gastos envolvidos na prepara\u00e7\u00e3o para a <strong>COP30<\/strong>, confer\u00eancia clim\u00e1tica da Organiza\u00e7\u00e3o das Na\u00e7\u00f5es Unidas (ONU), marcada para novembro, em Bel\u00e9m (PA).<\/p>\n<p><strong>Not\u00edcias recentes mostram o \u201cinvestimento\u201d de R$ 263 milh\u00f5es para a compra de leitos em navios de cruzeiro<\/strong>, uma das medidas encontradas pelo governo Luiz In\u00e1cio Lula da Silva para atender \u00e0 demanda de hospedagens para o evento. <\/p>\n<p>Por\u00e9m, a compra de leitos n\u00e3o \u00e9 o \u00fanico absurdo. A COP30 j\u00e1 \u00e9 marcada por bizarrices. Entre elas, obras financiadas com dinheiro do BNDES e da Itaipu Binacional que s\u00f3 devem ficar prontas em 2027 \u2014 dois anos depois da confer\u00eancia. E, para completar a ironia, medidas que impactam diretamente o meio ambiente j\u00e1 est\u00e3o sendo colocadas em pr\u00e1tica para viabilizar justamente um evento clim\u00e1tico.<\/p>\n<ul>\n<li><strong>Rodovia com desmatamento na Amaz\u00f4nia:<\/strong> para melhorar o tr\u00e1fego durante a COP30, o governo vai cortar 13 quil\u00f4metros de floresta para construir uma nova rodovia \u201csustent\u00e1vel\u201d, projeto antes rejeitado sob a justificativa de impactos ambientais. Com a proximidade do evento, propostas de \u201cmelhorias\u201d s\u00e3o aprovadas com velocidade.<\/li>\n<\/ul>\n<ul>\n<li><strong>\u00c1rvores artificiais viram \u201cjardins suspensos\u201d:<\/strong> em meio \u00e0 Amaz\u00f4nia, estruturas met\u00e1licas com trepadeiras foram instaladas em Bel\u00e9m para simular \u00e1rvores durante a COP30. Elas s\u00e3o inspiradas nas <em>Supertrees<\/em> de Singapura \u2014 mas n\u00e3o oferecem nenhum dos recursos ecol\u00f3gicos ou tecnol\u00f3gicos do modelo original.<\/li>\n<\/ul>\n<p>Na Edi\u00e7\u00e3o 266 da Revista <strong>Oeste<\/strong>, Carlo Cauti e Rachel D\u00edaz discorrem sobre as pol\u00eamicas em torno da confer\u00eancia, <strong>que j\u00e1 \u00e9 classificada como \u201cca\u00f3tica\u201d pela imprensa internacional<\/strong>.<\/p>\n<h2 class=\"wp-block-heading\">Leia um trecho do artigo de Carlo Cauti e Rachel D\u00edaz sobre os absurdos da COP30<\/h2>\n<p>\u201c<em>Apesar das \u00e1rvores artificiais e do super-hotel para as lideran\u00e7as, enquanto discursava em um evento em 13 de fevereiro, o presidente Lula afirmou que, mesmo com os problemas de Bel\u00e9m, ele n\u00e3o \u201cenfeitaria\u201d a cidade e tampouco tiraria a popula\u00e7\u00e3o pobre das ruas.<\/em><\/p>\n<p><em>Alguns dias depois, no fim de fevereiro, o governo Lula decidiu entregar para a Organiza\u00e7\u00e3o dos Estados Ibero-Americanos (OEI) o direito de preparar a COP de Bel\u00e9m. Sem licita\u00e7\u00e3o. Sem tr\u00e2mite legal. Sem justificativa. Sem nada.\u00a0<\/em><\/p>\n<p><em>Um contrato de quase R$ 480 milh\u00f5es que, em teoria, n\u00e3o poderia ser investigado pelo Tribunal de Contas da Uni\u00e3o (TCU), j\u00e1 que a OEI \u00e9 uma entidade internacional. Sobre a qual, em tese, o tribunal n\u00e3o teria jurisdi\u00e7\u00e3o.<\/em><\/p>\n<p><em>Al\u00e9m do valor j\u00e1 reservado \u00e0 OEI, o governo Lula fez doa\u00e7\u00f5es volunt\u00e1rias que somam cerca de R$ 100 milh\u00f5es. Os repasses vieram de diversos minist\u00e9rios \u2014 principalmente Educa\u00e7\u00e3o, Empreendedorismo, Igualdade Racial e Secretaria-Geral da Presid\u00eancia. Em compara\u00e7\u00e3o com a combina\u00e7\u00e3o do que foi doado durante os governos Dilma, Temer e Bolsonaro, o valor representa um aumento de aproximadamente 390%.<\/em><\/p>\n<p><iframe title=\"Doa\u00e7\u00f5es volunt\u00e1rias feitas \u00e0 OEI\" aria-label=\"Grouped Bars\" id=\"datawrapper-chart-3msud\" scrolling=\"no\" frameborder=\"0\" style=\"width: 0; min-width: 100% !important; border: none;\" height=\"326\" data-external=\"1\" class=\"perfmatters-lazy\" data-src=\"https:\/\/datawrapper.dwcdn.net\/3msud\/3\/\"><\/iframe><noscript><iframe title=\"Doa\u00e7\u00f5es volunt\u00e1rias feitas \u00e0 OEI\" aria-label=\"Grouped Bars\" id=\"datawrapper-chart-3msud\" src=\"https:\/\/datawrapper.dwcdn.net\/3msud\/3\/\" scrolling=\"no\" frameborder=\"0\" style=\"width: 0; min-width: 100% !important; border: none;\" height=\"326\" data-external=\"1\"><\/iframe><\/noscript><\/p>\n<p><em>O governo s\u00f3 p\u00f4de entregar o megacontrato para a OEI sem passar pelos canais licitat\u00f3rios normais gra\u00e7as a uma s\u00e9rie de decretos assinados pelo presidente Lula entre mar\u00e7o e setembro de 2024. Que, de brinde, aumentaram de 5% para 10% os ganhos da organiza\u00e7\u00e3o com taxas de administra\u00e7\u00e3o. At\u00e9 mesmo o aval da Ag\u00eancia Brasileira de Coopera\u00e7\u00e3o (ABC) foi eliminado, para favorecer a celeridade do processo.<\/em><\/p>\n<p><em>Uma atitude que seria estranha por si s\u00f3. Mas \u00e9 ainda mais esquisita considerando que, no in\u00edcio de 2023, logo no come\u00e7o do mandato presidencial do petista, a OEI criou um cargo especialmente para a primeira-dama, Janja da Silva.<\/em>\u201c<\/p>\n<figure class=\"wp-block-image aligncenter size-full is-resized\"><picture><source data-srcset=\"https:\/\/medias.revistaoeste.com\/wp-content\/uploads\/2025\/04\/poligono-cop30-belem.jpg.webp 1280w, https:\/\/medias.revistaoeste.com\/wp-content\/uploads\/2025\/04\/poligono-cop30-belem-300x169.jpg.webp 300w, https:\/\/medias.revistaoeste.com\/wp-content\/uploads\/2025\/04\/poligono-cop30-belem-400x225.jpg.webp 400w, https:\/\/medias.revistaoeste.com\/wp-content\/uploads\/2025\/04\/poligono-cop30-belem-216x121.jpg.webp 216w, https:\/\/medias.revistaoeste.com\/wp-content\/uploads\/2025\/04\/poligono-cop30-belem-150x84.jpg.webp 150w\" data-sizes=\"(max-width: 1280px) 100vw, 1280px\" type=\"image\/webp\"><img fetchpriority=\"high\" decoding=\"async\" width=\"1280\" height=\"720\" src=\"https:\/\/medias.revistaoeste.com\/wp-content\/uploads\/2025\/04\/poligono-cop30-belem.jpg\" alt=\"Pol\u00edgono da COP30 em Bel\u00e9m, no Par\u00e1 | Foto: Augusto Miranda\/Ag\u00eancia Par\u00e1\" class=\"wp-image-1945047\" style=\"width:656px;height:auto\" srcset=\"https:\/\/medias.revistaoeste.com\/wp-content\/uploads\/2025\/04\/poligono-cop30-belem.jpg 1280w, https:\/\/medias.revistaoeste.com\/wp-content\/uploads\/2025\/04\/poligono-cop30-belem-300x169.jpg 300w, https:\/\/medias.revistaoeste.com\/wp-content\/uploads\/2025\/04\/poligono-cop30-belem-400x225.jpg 400w, https:\/\/medias.revistaoeste.com\/wp-content\/uploads\/2025\/04\/poligono-cop30-belem-216x121.jpg 216w, https:\/\/medias.revistaoeste.com\/wp-content\/uploads\/2025\/04\/poligono-cop30-belem-150x84.jpg 150w\" sizes=\"(max-width: 1280px) 100vw, 1280px\" data-eio=\"p\"\/><\/source><\/picture><figcaption class=\"wp-element-caption\">Pol\u00edgono da COP30 em Bel\u00e9m, no Par\u00e1 | Foto:<br \/>\nAugusto Miranda\/Ag\u00eancia Par\u00e1 <\/figcaption><\/figure>\n<p>A reportagem <strong>\u201cA<\/strong><strong> COP dos absurdos\u201d<\/strong> est\u00e1 dispon\u00edvel a todos os mais de 100 mil assinantes da Revista <strong>Oeste<\/strong>. Gostou? D\u00ea uma olhada no conte\u00fado abaixo.<\/p>\n<h2 class=\"wp-block-heading\">Revista Oeste<\/h2>\n<p>A Edi\u00e7\u00e3o 266 da Revista <strong>Oeste <\/strong>vai al\u00e9m do texto de Carlo Cauti e Rachel D\u00edaz. A publica\u00e7\u00e3o digital conta com reportagens especiais e artigos de J.R. Guzzo, Tiago Pavinatto, Alexandre Garcia, Guilherme Fiuza, Ana Paula Henkel, Silvio Navarro, Uiliam Grizafis, Sarah Peres, Ubiratan Jorge Iorio, Anderson Scardoelli, Adalberto Piotto, Roberto Motta, Dagomir Marquezi, Tom Slater e Daniela Giorno.<\/p>\n<p><em>Startup<\/em> de jornalismo on-line, a Revista <strong>Oeste<\/strong> est\u00e1 no ar desde mar\u00e7o de 2020. Sem aceitar an\u00fancios de \u00f3rg\u00e3os p\u00fablicos, o projeto \u00e9 financiado diretamente por seus assinantes. Para fazer parte da comunidade que apoia a publica\u00e7\u00e3o digital que defende a liberdade e o liberalismo econ\u00f4mico, basta <strong>clicar aqui<\/strong>, escolher o plano e seguir os passos indicados.<\/p>\n<\/p><\/div>\n<p><br \/>\n<br \/>Fonte: <a href=\"https:\/\/www.revistaoeste.com\/politica\/cop30-ja-e-marcada-por-bizarrices\/\">Ag\u00eancia Brasil<\/a><\/p>\n","protected":false},"excerpt":{"rendered":"<p>Nas \u00faltimas semanas, ve\u00edculos de imprensa t\u00eam destacado os altos gastos envolvidos na prepara\u00e7\u00e3o para a COP30, confer\u00eancia clim\u00e1tica da Organiza\u00e7\u00e3o das Na\u00e7\u00f5es Unidas (ONU), marcada para novembro, em Bel\u00e9m (PA). Not\u00edcias recentes mostram o \u201cinvestimento\u201d de R$ 263 milh\u00f5es para a compra de leitos em navios de cruzeiro, uma das medidas encontradas pelo governo [&hellip;]<\/p>\n","protected":false},"author":5,"featured_media":17218,"comment_status":"open","ping_status":"open","sticky":false,"template":"","format":"standard","meta":{"_seopress_robots_primary_cat":"","_seopress_titles_title":"","_seopress_titles_desc":"","_seopress_robots_index":"","footnotes":""},"categories":[47,1],"tags":[],"class_list":["post-17217","post","type-post","status-publish","format-standard","has-post-thumbnail","hentry","category-politica","category-ultimas-noticias"],"_links":{"self":[{"href":"https:\/\/mussicom.com\/noticias\/wp-json\/wp\/v2\/posts\/17217","targetHints":{"allow":["GET"]}}],"collection":[{"href":"https:\/\/mussicom.com\/noticias\/wp-json\/wp\/v2\/posts"}],"about":[{"href":"https:\/\/mussicom.com\/noticias\/wp-json\/wp\/v2\/types\/post"}],"author":[{"embeddable":true,"href":"https:\/\/mussicom.com\/noticias\/wp-json\/wp\/v2\/users\/5"}],"replies":[{"embeddable":true,"href":"https:\/\/mussicom.com\/noticias\/wp-json\/wp\/v2\/comments?post=17217"}],"version-history":[{"count":0,"href":"https:\/\/mussicom.com\/noticias\/wp-json\/wp\/v2\/posts\/17217\/revisions"}],"wp:featuredmedia":[{"embeddable":true,"href":"https:\/\/mussicom.com\/noticias\/wp-json\/wp\/v2\/media\/17218"}],"wp:attachment":[{"href":"https:\/\/mussicom.com\/noticias\/wp-json\/wp\/v2\/media?parent=17217"}],"wp:term":[{"taxonomy":"category","embeddable":true,"href":"https:\/\/mussicom.com\/noticias\/wp-json\/wp\/v2\/categories?post=17217"},{"taxonomy":"post_tag","embeddable":true,"href":"https:\/\/mussicom.com\/noticias\/wp-json\/wp\/v2\/tags?post=17217"}],"curies":[{"name":"wp","href":"https:\/\/api.w.org\/{rel}","templated":true}]}}