{"id":17176,"date":"2025-05-01T18:54:18","date_gmt":"2025-05-01T21:54:18","guid":{"rendered":"https:\/\/mussicom.com\/stf-restabelece-prisao-de-ex-chefe-da-policia-civil-do-rj\/"},"modified":"2025-05-01T18:54:18","modified_gmt":"2025-05-01T21:54:18","slug":"stf-restabelece-prisao-de-ex-chefe-da-policia-civil-do-rj","status":"publish","type":"post","link":"https:\/\/mussicom.com\/noticias\/stf-restabelece-prisao-de-ex-chefe-da-policia-civil-do-rj\/","title":{"rendered":"STF restabelece pris\u00e3o de ex-chefe da Pol\u00edcia Civil do RJ"},"content":{"rendered":"<p> <br \/>\n<\/p>\n<div id=\"hd80s9wa1h892edh8192\">\n<p>A Segunda Turma do <strong>Supremo Tribunal Federal (STF)<\/strong> restabeleceu a pris\u00e3o preventiva do delegado Allan Turnowski, ex-secret\u00e1rio de Pol\u00edcia Civil do Rio de Janeiro. Em setembro de 2022, o ministro Kassio Nunes Marques havia concedido liminar que o colocou em liberdade.<\/p>\n<p>R\u00e9u por organiza\u00e7\u00e3o criminosa, Turnowski teria envolvimento com o jogo do bicho. O Minist\u00e9rio P\u00fablico (MP) do Estado do Rio de Janeiro afirma que ele agia como agente duplo em favor dos bicheiros Rog\u00e9rio de Andrade e Fernando Iggn\u00e1cio, morto em 2020, e que recebia propina.<\/p>\n<p><strong>Leia mais: \u201cMoraes autoriza pris\u00e3o domiciliar para Collor e manda colocar tornozeleira eletr\u00f4nica\u201d<\/strong><\/p>\n<p>De acordo com a den\u00fancia, o delegado tamb\u00e9m teria se envolvido em um suposto plano para matar Andrade, que n\u00e3o se concluiu.<\/p>\n<p><strong>A pris\u00e3o do ex-secret\u00e1rio ocorreu em setembro de 2022<\/strong>, por agentes do Grupo de Atua\u00e7\u00e3o Especial no Combate ao Crime Organizado (Gaeco) do MP. Um m\u00eas antes, Turnowski gravou v\u00eddeo em que dizia ser v\u00edtima de persegui\u00e7\u00e3o pol\u00edtica.<\/p>\n<figure class=\"wp-block-embed is-type-video is-provider-youtube wp-block-embed-youtube wp-embed-aspect-16-9 wp-has-aspect-ratio\">\n<div class=\"wp-block-embed__wrapper\">\n<div class=\"perfmatters-lazy-youtube\" data-src=\"https:\/\/www.youtube.com\/embed\/utRqg7205ak\" data-id=\"utRqg7205ak\" data-query=\"feature=oembed\" onclick=\"perfmattersLazyLoadYouTube(this);\">\n<div><img fetchpriority=\"high\" decoding=\"async\" src=\"https:\/\/i.ytimg.com\/vi\/utRqg7205ak\/hqdefault.jpg\" alt=\"YouTube video\" width=\"480\" height=\"360\" data-pin-nopin=\"true\" nopin=\"nopin\"\/><\/div>\n<\/div>\n<p><noscript><iframe title=\"Ana Paula Henkel desmente fake news de Dino sobre atua\u00e7\u00e3o do &#039;STF americano&#039;\" width=\"800\" height=\"450\" src=\"https:\/\/www.youtube.com\/embed\/utRqg7205ak?feature=oembed\" frameborder=\"0\" allow=\"accelerometer; autoplay; clipboard-write; encrypted-media; gyroscope; picture-in-picture; web-share\" referrerpolicy=\"strict-origin-when-cross-origin\" allowfullscreen><\/iframe><\/noscript>\n<\/div>\n<\/figure>\n<p>Ele foi candidato a deputado federal pelo PL. No entanto, Turnowski deixou a cadeia poucos dias antes do pleito e n\u00e3o conseguiu se eleger. No total, recebeu pouco mais de 18 mil votos.<\/p>\n<p>A promotoria alega que ele repassava informa\u00e7\u00f5es obtidas com aliados de Andrade para o grupo rival. A acusa\u00e7\u00e3o se baseia em mensagens atribu\u00eddas ao delegado Maur\u00edcio Dem\u00e9trio, segundo as quais Turnowski tinha conhecimento do plano criminoso.<\/p>\n<h2 class=\"wp-block-heading\"><strong>Defesa diz que vai pedir novo <em>habeas corpus<\/em> ao STF<\/strong><\/h2>\n<p>A defesa anunciou que vai recorrer da decis\u00e3o. Em nota, afirmou que \u201cvai interpor embargos de declara\u00e7\u00e3o no pr\u00f3prio STF e novo habeas corpus\u201d.<\/p>\n<p><strong>+ Leia mais not\u00edcias de Pol\u00edtica em Oeste<\/strong><\/p>\n<p>\u201cAlguns temas foram omitidos, especialmente o fato de o processo estar paralisado h\u00e1 quase um ano em dilig\u00eancia requerida pelo Minist\u00e9rio P\u00fablico\u201d, argumentou o advogado Daniel Bialski. \u201cE, o mais importante, todas as medidas alternativas foram cumpridas na integralidade, inocorrendo qualquer incidente.\u201d<\/p>\n<figure class=\"wp-block-image aligncenter size-full\"><picture><source data-srcset=\"https:\/\/medias.revistaoeste.com\/wp-content\/uploads\/2025\/05\/IMAGE-2025-05-01-173736.jpg.webp 888w, https:\/\/medias.revistaoeste.com\/wp-content\/uploads\/2025\/05\/IMAGE-2025-05-01-173736-300x165.jpg.webp 300w, https:\/\/medias.revistaoeste.com\/wp-content\/uploads\/2025\/05\/IMAGE-2025-05-01-173736-150x83.jpg.webp 150w\" data-sizes=\"(max-width: 888px) 100vw, 888px\" type=\"image\/webp\"><img decoding=\"async\" width=\"888\" height=\"489\" alt=\"Allan Turnowski e o governador do Rio de Janeiro, Claudio Castro (PL)\" class=\"wp-image-1978691 perfmatters-lazy\" data-eio=\"p\" src=\"https:\/\/medias.revistaoeste.com\/wp-content\/uploads\/2025\/05\/IMAGE-2025-05-01-173736.jpg\" srcset=\"https:\/\/medias.revistaoeste.com\/wp-content\/uploads\/2025\/05\/IMAGE-2025-05-01-173736.jpg 888w, https:\/\/medias.revistaoeste.com\/wp-content\/uploads\/2025\/05\/IMAGE-2025-05-01-173736-300x165.jpg 300w, https:\/\/medias.revistaoeste.com\/wp-content\/uploads\/2025\/05\/IMAGE-2025-05-01-173736-150x83.jpg 150w\" data-sizes=\"(max-width: 888px) 100vw, 888px\"\/><img decoding=\"async\" width=\"888\" height=\"489\" src=\"https:\/\/medias.revistaoeste.com\/wp-content\/uploads\/2025\/05\/IMAGE-2025-05-01-173736.jpg\" alt=\"Allan Turnowski e o governador do Rio de Janeiro, Claudio Castro (PL)\" class=\"wp-image-1978691\" srcset=\"https:\/\/medias.revistaoeste.com\/wp-content\/uploads\/2025\/05\/IMAGE-2025-05-01-173736.jpg 888w, https:\/\/medias.revistaoeste.com\/wp-content\/uploads\/2025\/05\/IMAGE-2025-05-01-173736-300x165.jpg 300w, https:\/\/medias.revistaoeste.com\/wp-content\/uploads\/2025\/05\/IMAGE-2025-05-01-173736-150x83.jpg 150w\" sizes=\"(max-width: 888px) 100vw, 888px\" data-eio=\"p\"\/><\/source><\/picture><figcaption class=\"wp-element-caption\">Allan Turnowski e o governador do Rio de Janeiro, Claudio Castro (PL) | Foto: Reprodu\u00e7\u00e3o\/ Redes sociais<\/figcaption><\/figure>\n<p>O delegado foi chefe da Pol\u00edcia Civil entre 2010 e 2011, no governo S\u00e9rgio Cabral. Depois, Turnowski reassumiu a chefia da corpora\u00e7\u00e3o em setembro de 2020, durante o governo Cl\u00e1udio Castro. <\/p>\n<p><related-posts class=\"border-y border-gray-300 py-5\"><\/p>\n<h2 class=\"!text-2xl text-black font-primary font-semibold leading-none mb-3\">\n    Leia tamb\u00e9m:<br \/>\n  <\/h2>\n<p><\/related-posts><\/p><\/div>\n<p><br \/>\n<br \/>Fonte: <a href=\"https:\/\/revistaoeste.com\/politica\/stf-restabelece-prisao-preventiva-de-ex-chefe-da-policia-civil-do-rio-de-janeiro\/\">Ag\u00eancia Brasil<\/a><\/p>\n","protected":false},"excerpt":{"rendered":"<p>A Segunda Turma do Supremo Tribunal Federal (STF) restabeleceu a pris\u00e3o preventiva do delegado Allan Turnowski, ex-secret\u00e1rio de Pol\u00edcia Civil do Rio de Janeiro. Em setembro de 2022, o ministro Kassio Nunes Marques havia concedido liminar que o colocou em liberdade. R\u00e9u por organiza\u00e7\u00e3o criminosa, Turnowski teria envolvimento com o jogo do bicho. O Minist\u00e9rio [&hellip;]<\/p>\n","protected":false},"author":5,"featured_media":17177,"comment_status":"open","ping_status":"open","sticky":false,"template":"","format":"standard","meta":{"_seopress_robots_primary_cat":"","_seopress_titles_title":"","_seopress_titles_desc":"","_seopress_robots_index":"","footnotes":""},"categories":[47,1],"tags":[],"class_list":["post-17176","post","type-post","status-publish","format-standard","has-post-thumbnail","hentry","category-politica","category-ultimas-noticias"],"_links":{"self":[{"href":"https:\/\/mussicom.com\/noticias\/wp-json\/wp\/v2\/posts\/17176","targetHints":{"allow":["GET"]}}],"collection":[{"href":"https:\/\/mussicom.com\/noticias\/wp-json\/wp\/v2\/posts"}],"about":[{"href":"https:\/\/mussicom.com\/noticias\/wp-json\/wp\/v2\/types\/post"}],"author":[{"embeddable":true,"href":"https:\/\/mussicom.com\/noticias\/wp-json\/wp\/v2\/users\/5"}],"replies":[{"embeddable":true,"href":"https:\/\/mussicom.com\/noticias\/wp-json\/wp\/v2\/comments?post=17176"}],"version-history":[{"count":0,"href":"https:\/\/mussicom.com\/noticias\/wp-json\/wp\/v2\/posts\/17176\/revisions"}],"wp:featuredmedia":[{"embeddable":true,"href":"https:\/\/mussicom.com\/noticias\/wp-json\/wp\/v2\/media\/17177"}],"wp:attachment":[{"href":"https:\/\/mussicom.com\/noticias\/wp-json\/wp\/v2\/media?parent=17176"}],"wp:term":[{"taxonomy":"category","embeddable":true,"href":"https:\/\/mussicom.com\/noticias\/wp-json\/wp\/v2\/categories?post=17176"},{"taxonomy":"post_tag","embeddable":true,"href":"https:\/\/mussicom.com\/noticias\/wp-json\/wp\/v2\/tags?post=17176"}],"curies":[{"name":"wp","href":"https:\/\/api.w.org\/{rel}","templated":true}]}}