{"id":17123,"date":"2025-05-01T15:21:50","date_gmt":"2025-05-01T18:21:50","guid":{"rendered":"https:\/\/mussicom.com\/a-reacao-de-robert-de-niro-apos-sua-filha-se-assumir-como-mulher-trans\/"},"modified":"2025-05-01T15:21:50","modified_gmt":"2025-05-01T18:21:50","slug":"a-reacao-de-robert-de-niro-apos-sua-filha-se-assumir-como-mulher-trans","status":"publish","type":"post","link":"https:\/\/mussicom.com\/noticias\/a-reacao-de-robert-de-niro-apos-sua-filha-se-assumir-como-mulher-trans\/","title":{"rendered":"A rea\u00e7\u00e3o de Robert De Niro ap\u00f3s sua filha se assumir como mulher trans"},"content":{"rendered":"<p> <br \/>\n<\/p>\n<div>\n<p><strong>Robert De Niro<\/strong> mostrou seu &#8220;amor e apoio&#8221; \u00e0 filha <strong>Airyn De Niro<\/strong>, que recentemente se abriu publicamente sobre sua identidade. &#8220;Eu amei e apoiei <strong>Aaron<\/strong> como meu filho, e agora eu amo e apoio <strong>Airyn<\/strong> como minha filha&#8221;, disse o ator em uma declara\u00e7\u00e3o ao <em>Deadline<\/em>. &#8220;Eu n\u00e3o sei qual \u00e9 o grande problema&#8230; Eu amo todos os meus filhos.&#8221;<\/p>\n<p>Em uma mat\u00e9ria da revista <em>Them<\/em> publicada na ter\u00e7a-feira, 29 de abril, a filha do ator com a modelo <strong>Toukie Smith<\/strong> discutiu a aceita\u00e7\u00e3o de sua identidade e o impacto que as mulheres negras tiveram ao longo de sua jornada.<\/p>\n<blockquote class=\"citacao\"><p>Acho que uma parte importante da [minha transi\u00e7\u00e3o] tamb\u00e9m \u00e9 a influ\u00eancia que as mulheres negras tiveram sobre mim. Acho que ao adotar essa nova identidade, enquanto me orgulho mais da minha negritude, me faz sentir mais pr\u00f3xima delas de alguma forma.&#8221;<\/p><\/blockquote>\n<p>No in\u00edcio deste ano, tabloides repercutiram uma foto de paparazzi de <strong>Airyn<\/strong> visitando seu pai no Greenwich Hotel, com manchetes chamando-a de &#8220;filho nepobaby de <strong>Robert De Niro<\/strong>&#8221; e questionando suas tran\u00e7as rosas e o traje feminino.<\/p>\n<p>&#8220;N\u00e3o s\u00f3 erraram informa\u00e7\u00f5es sobre mim&#8230; Eles apenas me lembraram que as pessoas realmente n\u00e3o sabem nada sobre quem eu sou&#8221;, disse ela. Nenhum dos ve\u00edculos, apontou <strong>Airyn<\/strong>, entrou em contato com ela antes das hist\u00f3rias serem publicadas \u2014 parte da raz\u00e3o pela qual decidiu falar publicamente sobre sua identidade. &#8220;Eu gostaria de ser uma inspira\u00e7\u00e3o para pelo menos mais uma pessoa como eu que \u00e9 negra, que \u00e9 queer, que n\u00e3o usa tamanho extra pequeno&#8221;, disse a jovem de 29 anos \u00e0 <em>Them<\/em>.<\/p>\n<blockquote class=\"citacao\"><p>&#8220;Eu gostaria de ver mais mulheres trans, mais mulheres negras que talvez tenham corpos maiores ou n\u00e3o se encaixem no molde de super magras. Uma parte de mim sempre quis ser modelo e meio que seguir os passos da minha m\u00e3e. Honestamente, se eu pudesse estar na capa da <em>Vogue<\/em> com ela ou recriando uma das fotos dela, isso seria um sonho realizado.&#8221;<\/p><\/blockquote>\n<p><em>Artigo publicado em 1\u00ba de maio de 2025 na Rolling Stone. Para ler o original em ingl\u00eas, clique aqui.<\/em><\/p>\n<p><strong>+++LEIA MAIS: Filha de Robert De Niro se assume como mulher trans e rebate r\u00f3tulo de &#8216;nepo baby&#8217;<\/strong><\/p>\n<p><strong>+++ LEIA MAIS: Dia Zero, novo sucesso da Netflix com Robert De Niro, e\u0301 baseado em fatos reais?<\/strong><\/p>\n<\/div>\n<p><br \/>\n<br \/>Fonte: <a href=\"https:\/\/rollingstone.com.br\/diversos\/a-reacao-de-robert-de-niro-apos-sua-filha-se-assumir-como-mulher-trans\/\">rollingstone.com.br<\/a><\/p>\n","protected":false},"excerpt":{"rendered":"<p>Robert De Niro mostrou seu &#8220;amor e apoio&#8221; \u00e0 filha Airyn De Niro, que recentemente se abriu publicamente sobre sua identidade. &#8220;Eu amei e apoiei Aaron como meu filho, e agora eu amo e apoio Airyn como minha filha&#8221;, disse o ator em uma declara\u00e7\u00e3o ao Deadline. &#8220;Eu n\u00e3o sei qual \u00e9 o grande problema&#8230; [&hellip;]<\/p>\n","protected":false},"author":5,"featured_media":17124,"comment_status":"open","ping_status":"open","sticky":false,"template":"","format":"standard","meta":{"_seopress_robots_primary_cat":"","_seopress_titles_title":"","_seopress_titles_desc":"","_seopress_robots_index":"","footnotes":""},"categories":[51],"tags":[],"class_list":["post-17123","post","type-post","status-publish","format-standard","has-post-thumbnail","hentry","category-musica"],"_links":{"self":[{"href":"https:\/\/mussicom.com\/noticias\/wp-json\/wp\/v2\/posts\/17123","targetHints":{"allow":["GET"]}}],"collection":[{"href":"https:\/\/mussicom.com\/noticias\/wp-json\/wp\/v2\/posts"}],"about":[{"href":"https:\/\/mussicom.com\/noticias\/wp-json\/wp\/v2\/types\/post"}],"author":[{"embeddable":true,"href":"https:\/\/mussicom.com\/noticias\/wp-json\/wp\/v2\/users\/5"}],"replies":[{"embeddable":true,"href":"https:\/\/mussicom.com\/noticias\/wp-json\/wp\/v2\/comments?post=17123"}],"version-history":[{"count":0,"href":"https:\/\/mussicom.com\/noticias\/wp-json\/wp\/v2\/posts\/17123\/revisions"}],"wp:featuredmedia":[{"embeddable":true,"href":"https:\/\/mussicom.com\/noticias\/wp-json\/wp\/v2\/media\/17124"}],"wp:attachment":[{"href":"https:\/\/mussicom.com\/noticias\/wp-json\/wp\/v2\/media?parent=17123"}],"wp:term":[{"taxonomy":"category","embeddable":true,"href":"https:\/\/mussicom.com\/noticias\/wp-json\/wp\/v2\/categories?post=17123"},{"taxonomy":"post_tag","embeddable":true,"href":"https:\/\/mussicom.com\/noticias\/wp-json\/wp\/v2\/tags?post=17123"}],"curies":[{"name":"wp","href":"https:\/\/api.w.org\/{rel}","templated":true}]}}