{"id":17093,"date":"2025-05-01T13:33:58","date_gmt":"2025-05-01T16:33:58","guid":{"rendered":"https:\/\/mussicom.com\/quatro-dias-de-cultura-fe-gastronomia-e-musica-a-beira-mar-acontece-em-sao-vicente\/"},"modified":"2025-05-01T13:33:58","modified_gmt":"2025-05-01T16:33:58","slug":"quatro-dias-de-cultura-fe-gastronomia-e-musica-a-beira-mar-acontece-em-sao-vicente","status":"publish","type":"post","link":"https:\/\/mussicom.com\/noticias\/quatro-dias-de-cultura-fe-gastronomia-e-musica-a-beira-mar-acontece-em-sao-vicente\/","title":{"rendered":"Quatro dias de cultura, f\u00e9, gastronomia e m\u00fasica \u00e0 beira-mar acontece em S\u00e3o Vicente"},"content":{"rendered":"<p> <br \/>\n<\/p>\n<div id=\"texto\">\n<p>S\u00e3o Vicente entra no clima do feriado prolongado com uma agenda repleta de atra\u00e7\u00f5es para todos os gostos. De quinta-feira (1\u00ba) a domingo (4), a cidade promove eventos que v\u00e3o da tradicional Corrida Maria dos Rem\u00e9dios \u00e0 6\u00aa Carreata de Ogum, passando por apresenta\u00e7\u00f5es teatrais, atividades infantis, oficinas culturais e dezenas de shows em bares e espa\u00e7os gastron\u00f4micos espalhados por diversos pontos tur\u00edsticos, como o centro hist\u00f3rico e a \u00a0Orla da Praia.<br \/>&#13;<br \/>\n\u00a0<\/p>\n<p>Na sexta e no s\u00e1bado, o Parque Cultural Vila de S\u00e3o Vicente recebe a releitura circense da pe\u00e7a &#8220;Rua da Amargura \u2013 A Paix\u00e3o de Cristo&#8221;, com entrada gratuita. J\u00e1 no domingo, o espa\u00e7o tamb\u00e9m abriga o Circuito Sesc de Artes, com oficinas de estamparia, biblioteca itinerante, realidade virtual e apresenta\u00e7\u00f5es musicais.<br \/>&#13;<br \/>\n\u00a0<\/p>\n<p>Entre os destaques est\u00e3o nomes como Mr. Dan, Felipe Streparava, Banda Netuno e Kamila Castro. A agenda ainda conta com feijoadas com m\u00fasica ao vivo, DJs, pagode, sertanejo, pop rock e MPB, em ambientes que v\u00e3o do despojado ao sofisticado, com vista para o mar.<\/p>\n<p>\u00a0<\/p>\n<p><strong>Segue a programa\u00e7\u00e3o completa:<\/strong><\/p>\n<p><strong>Quinta-feira (01\/05)<\/strong><\/p>\n<p><strong>Banda O \u00faltimo banco do Bar (ac\u00fastico).<\/strong><br \/>&#13;<br \/>\nEndere\u00e7o: Vila de S\u00e3o Vicente.<br \/>&#13;<br \/>\nHor\u00e1rio: \u00c0s 19h.<\/p>\n<p><strong>Corrida Maria dos Rem\u00e9dios<\/strong><br \/>&#13;<br \/>\nConcentra\u00e7\u00e3o: 6h30.<br \/>&#13;<br \/>\nLargada: 7h30.<br \/>&#13;<br \/>\nLocal: Ilha Porchat, S\u00e3o Vicente.<br \/>&#13;<br \/>\nPercursos: 5 km (corrida) | 3 km (caminhada)<\/p>\n<p><strong>6\u00aa Carreata de Ogum<\/strong><br \/>&#13;<br \/>\nCom cantos, dan\u00e7as, comidas t\u00edpicas e vestimentas tradicionais, a Carreata celebra a religiosidade e a resist\u00eancia dos povos de terreiro.<br \/>&#13;<br \/>\nConcentra\u00e7\u00e3o:Rua Rosinha Garcia de Siqueira Viegas, 1130.<br \/>&#13;<br \/>\nPercurso: Pra\u00e7a dos Ambientalistas, no Jardim Rio Branco.<br \/>&#13;<br \/>\nHor\u00e1rio: Das 9h \u00e0s 20h.<\/p>\n<p><strong>Burning Fest<\/strong><br \/>&#13;<br \/>\nEndere\u00e7o: \u00a0Pra\u00e7a 22 de Janeiro.<br \/>&#13;<br \/>\nHor\u00e1rio:A partir das 12h.<\/p>\n<p>\u00a0<\/p>\n<p><strong>Sexta-feira (02\/05)\u00a0<\/strong><\/p>\n<p><strong>Burning Fest<\/strong><br \/>&#13;<br \/>\nEndere\u00e7o: \u00a0Pra\u00e7a 22 de Janeiro.<br \/>&#13;<br \/>\nHor\u00e1rio:A partir das 12h.<\/p>\n<p><strong>&#8220;Rua da Amargura \u2013 A Paix\u00e3o de Cristo&#8221; \u2013 Parque Cultural Vila de S\u00e3o Vicente (Centro).<\/strong><br \/>&#13;<br \/>\nCom linguagem circense e enredo original, a pe\u00e7a do Coletivo de Artes de S\u00e3o Vicente traz 70 artistas e nova leitura da hist\u00f3ria b\u00edblica. Entrada gratuita.<br \/>&#13;<br \/>\nEndere\u00e7o: Parque Cultural Vila de S\u00e3o Vicente &#8211; Pra\u00e7a Jo\u00e3o, \u00a0s\/n\u00b0 &#8211; Centro.<br \/>&#13;<br \/>\nHor\u00e1rio: \u00c0s 20h.<\/p>\n<p><strong>Botecagem Ramalho \u2013 Gonzaguinha<\/strong><br \/>&#13;<br \/>\nPagode do Brian<br \/>&#13;<br \/>\nHor\u00e1rio: A partir das 20h.<br \/>&#13;<br \/>\nEndere\u00e7o: Rua Jo\u00e3o Ramalho, 215.<br \/>&#13;<br \/>\nEntrada: R$ 15.<\/p>\n<p><strong>Quintal Pra\u00e7a Gastron\u00f4mica \u2013 Centro<\/strong><br \/>&#13;<br \/>\nAuto Reverse (Pop Rock).<br \/>&#13;<br \/>\nHor\u00e1rio: A partir das 19h30.<br \/>&#13;<br \/>\nEndere\u00e7o: Av. Presidente Wilson, 1470.<br \/>&#13;<br \/>\nEntrada: Gratuita.<\/p>\n<p><strong>Rocket Sea Club \u2013 Japu\u00ed<\/strong><br \/>&#13;<br \/>\nProjeto Batuca A\u00ed (Samba de roda).<br \/>&#13;<br \/>\nHor\u00e1rio: A partir das 17h.<br \/>&#13;<br \/>\nEndere\u00e7o: Av. Tupiniquins, 590.<br \/>&#13;<br \/>\nEntrada: Gratuita.<\/p>\n<p><strong>Lounge Bar Mangute \u2013 Ilha Porchat<\/strong><br \/>&#13;<br \/>\nSamba do Chap\u00e9u<br \/>&#13;<br \/>\nHor\u00e1rio: A partir das 19h.<br \/>&#13;<br \/>\nEndere\u00e7o: Alameda Paulo Gon\u00e7alves, 61.<br \/>&#13;<br \/>\nEntrada: R$ 15 (M) \/ R$ 20 (H).<\/p>\n<p><strong>Terra\u00e7o \u2013 Ilha Porchat<\/strong><br \/>&#13;<br \/>\nKamila Castro, Skasu (Sertanejo e Pop Rock \u2013 Choperia) &#8211; 13h.<br \/>&#13;<br \/>\nOgramme Duo (Pop Rock \u2013 Choperia Sunset) -17h.<br \/>&#13;<br \/>\nEndere\u00e7o: Alameda Ari Barroso, 274.<br \/>&#13;<br \/>\nEntrada: R$ 12.<\/p>\n<p><strong>S\u00e1bado (03\/05)<\/strong><\/p>\n<p><strong>Burning Fest<\/strong><br \/>&#13;<br \/>\nEndere\u00e7o: \u00a0Pra\u00e7a 22 de Janeiro.<br \/>&#13;<br \/>\nHor\u00e1rio: A partir das 12h.<\/p>\n<p><strong>&#8220;Rua da Amargura \u2013 A Paix\u00e3o de Cristo&#8221; \u2013 Parque Cultural Vila de S\u00e3o Vicente (Centro).<\/strong><br \/>&#13;<br \/>\nCom linguagem circense e enredo original, a pe\u00e7a do Coletivo de Artes de S\u00e3o Vicente traz 70 artistas e nova leitura da hist\u00f3ria b\u00edblica. Entrada gratuita.<br \/>&#13;<br \/>\nEndere\u00e7o: Parque Cultural Vila de S\u00e3o Vicente &#8211; Pra\u00e7a Jo\u00e3o, \u00a0s\/n\u00b0 &#8211; Centro.<br \/>&#13;<br \/>\nHor\u00e1rio: \u00c0s 20h.<\/p>\n<p><strong>Botecagem Ramalho \u2013 Gonzaguinha<\/strong><br \/>&#13;<br \/>\nBanda Netuno (Pop Rock).<br \/>&#13;<br \/>\nHor\u00e1rio: A partir das 20h.<br \/>&#13;<br \/>\nEndere\u00e7o: Rua Jo\u00e3o Ramalho, 215.<br \/>&#13;<br \/>\nEntrada: R$ 15.<\/p>\n<p><strong>Quintal Pra\u00e7a Gastron\u00f4mica \u2013 Centro<\/strong><br \/>&#13;<br \/>\nPagode do Kbrito.<br \/>&#13;<br \/>\nHor\u00e1rio: A partir das 19h30.<br \/>&#13;<br \/>\nEndere\u00e7o: Av. Presidente Wilson, 1470.<br \/>&#13;<br \/>\nEntrada: Gratuita.<\/p>\n<p><strong>Rocket Sea Club \u2013 Japu\u00ed<\/strong><br \/>&#13;<br \/>\nFeijoada da Rocket (churrasco \u00e0 vontade).<br \/>&#13;<br \/>\nHor\u00e1rio: A partir das 12h.<br \/>&#13;<br \/>\nEndere\u00e7o: Av. Tupiniquins, 590.<br \/>&#13;<br \/>\nEntrada: R$ 59,99 (churrasco \u00e0 vontade).<\/p>\n<p><strong>Lounge Bar Mangute \u2013 Ilha Porchat<\/strong><br \/>&#13;<br \/>\nTrio de Ferro, Amaral Sena, Donnyan Sales, Pagode, MPB. (Com feijoada).<br \/>&#13;<br \/>\nHor\u00e1rio: A partir das 13h.<br \/>&#13;<br \/>\nEndere\u00e7o: Alameda Paulo Gon\u00e7alves, 61.<br \/>&#13;<br \/>\nEntrada: Mulheres pagam R$ 60,00 e homens pagam R$ 65,00.<\/p>\n<p><strong>Terra\u00e7o \u2013 Ilha Porchat<\/strong><br \/>&#13;<br \/>\nVi Al\u00ea, Tite Franco (Pop Rock \u2013 Choperia) -13h.<br \/>&#13;<br \/>\nGibi &amp; Andy (Pop Rock \u2013 Choperia Sunset) &#8211; 17h.<br \/>&#13;<br \/>\nLuiz Ten\u00f3rio (Voz e Viol\u00e3o \u2013 Restaurante) \u00a0&#8211; \u00a013h.<br \/>&#13;<br \/>\nEndere\u00e7o: Alameda Ari Barroso, 274.<br \/>&#13;<br \/>\nEntrada: R$ 12.<\/p>\n<p>\u00a0<\/p>\n<p><strong>Domingo (04\/05)<\/strong><\/p>\n<p><strong>Burning Fest<\/strong><br \/>&#13;<br \/>\nEndere\u00e7o: \u00a0Pra\u00e7a 22 de Janeiro.<br \/>&#13;<br \/>\nHor\u00e1rio: A partir das 12h.<\/p>\n<p><strong>Circuito Sesc de Artes<\/strong><br \/>&#13;<br \/>\nEstamparia com Adinkras (Cia. Amoras).<br \/>&#13;<br \/>\nMostra de Realidade Virtual &#8211; Sonhos, Suspiros e Burbujas (Cia. Laguz Circo).<br \/>&#13;<br \/>\nBiblioteca Viajante &#8211; Abya Yala! (Cajulo Viajante).<br \/>&#13;<br \/>\nBanda Baleia Canta Bahia.<br \/>&#13;<br \/>\nDJ Pensanuvem.<br \/>&#13;<br \/>\nHor\u00e1rio: Das 15h \u00e0s 19h.<br \/>&#13;<br \/>\nEndere\u00e7o: Parque Cultural Vila de S\u00e3o Vicente &#8211; Pra\u00e7a Jo\u00e3o Pessoa, s\/n &#8211; Centro).<br \/>&#13;<br \/>\nEntrada: Gratuita.<\/p>\n<p><strong>Festival sinf\u00f4nico<\/strong><br \/>&#13;<br \/>\nRecep\u00e7\u00e3o dos alunos de todas as modalidades &#8211; 14h.<br \/>&#13;<br \/>\nOficinas Iniciantes e Intermedi\u00e1rios &#8211; 14h30 \u00e0s 16h30.<br \/>&#13;<br \/>\nAula Magna &#8211; Emmanuele Baldini &#8211; 16h30 \u00e0s 18h30.<br \/>&#13;<br \/>\nConcerto de Encerramento &#8211; 19h30.<br \/>&#13;<br \/>\nEndere\u00e7o: Sest Senat &#8211; Pra\u00e7a Adalberto Panzan, 151 &#8211; Cidade N\u00e1utica.<\/p>\n<p><strong>Quintal Pra\u00e7a Gastron\u00f4mica \u2013 Centro<\/strong><br \/>&#13;<br \/>\nFelipe Streparava (Sertanejo).<br \/>&#13;<br \/>\nHor\u00e1rio: A partir das 19h30.<br \/>&#13;<br \/>\nEndere\u00e7o: Av. Presidente Wilson, 1470.<br \/>&#13;<br \/>\nEntrada: Gratuita.<\/p>\n<p><strong>Rocket Sea Club \u2013 Japu\u00ed<\/strong><br \/>&#13;<br \/>\nFeijoada da Rocket (feijoada \u00e0 vontade).<br \/>&#13;<br \/>\nHor\u00e1rio: A partir das 12h.<br \/>&#13;<br \/>\nEndere\u00e7o: Av. Tupiniquins, 590.<br \/>&#13;<br \/>\nEntrada: R$ 59,99.<\/p>\n<p><strong>Rocket Sea Club \u2013 Japu\u00ed<\/strong><br \/>&#13;<br \/>\nShow com Mr. Dan.<br \/>&#13;<br \/>\nHor\u00e1rio: A partir das 21h.<br \/>&#13;<br \/>\nEntrada: 1\u00b0 lote R$ 30.<\/p>\n<p><strong>Lounge Bar Mangute \u2013 Ilha Porchat<\/strong><br \/>&#13;<br \/>\nEx &amp; Ex (Pagode).<br \/>&#13;<br \/>\nHor\u00e1rio: A partir das 17h.<br \/>&#13;<br \/>\nEndere\u00e7o: Alameda Paulo Gon\u00e7alves, 61.<br \/>&#13;<br \/>\nEntrada: R$ 15 (M) \/ R$ 20 (H).<\/p>\n<p><strong>Terra\u00e7o \u2013 Ilha Porchat<\/strong><br \/>&#13;<br \/>\nLuizinho Mastellari, Anne Marie (Voz e Viol\u00e3o \u2013 Restaurante) -13h.<br \/>&#13;<br \/>\nTribun (Pop Rock \u2013 Choperia Sunset) &#8211; 17h.<br \/>&#13;<br \/>\nAlexandre Birket &amp; Nathan Valente (Voz e Viol\u00e3o \u2013 Restaurante) -13h.<br \/>&#13;<br \/>\nEndere\u00e7o: Alameda Ari Barroso, 274.<br \/>&#13;<br \/>\nEntrada: R$ 12.<\/p>\n<p>&#13;<br \/>\n<strong>Atra\u00e7\u00f5es fixas na Cidade:<\/strong><\/p>\n<p><strong>Fonte das Crian\u00e7as:<\/strong><br \/>&#13;<br \/>\nEspa\u00e7o l\u00fadico e interativo para o p\u00fablico infantil.<br \/>&#13;<br \/>\nHor\u00e1rios: S\u00e1bado e domingo \u2013 10h \u00e0s 12h, 14h \u00e0s 16h, 18h \u00e0s 20h.<\/p>\n<p><strong>Telef\u00e9rico de S\u00e3o Vicente:<\/strong><br \/>&#13;<br \/>\nUma vista de tirar o f\u00f4lego entre a Praia do Itarar\u00e9 e o Morro do Voturu\u00e1.<br \/>&#13;<br \/>\nFuncionamento: Todos os dias, das 10h \u00e0s 17h<br \/>&#13;<br \/>\nEndere\u00e7o: Av. Ayrton Senna, 500 \u2013 Praia do Itarar\u00e9.<br \/>&#13;<br \/>\nContato: WhatsApp (13) 99770-0022.<\/p>\n<\/p><\/div>\n<p><script async defer crossorigin=\"anonymous\" src=\"https:\/\/connect.facebook.net\/pt_BR\/sdk.js#xfbml=1&#038;version=v12.0&#038;appId=&#038;autoLogAppEvents=1\" nonce=\"ou0fI1lo\"><\/script><br \/>\n<br \/><br \/>\n<br \/>Fonte: <a href=\"https:\/\/www.bs9.com.br\/litoral\/quatro-dias-de-cultura-fe-gastronomia-e-musica-a-beira-mar-acontece\/31381\/\">BS9<\/a><\/p>\n","protected":false},"excerpt":{"rendered":"<p>S\u00e3o Vicente entra no clima do feriado prolongado com uma agenda repleta de atra\u00e7\u00f5es para todos os gostos. De quinta-feira (1\u00ba) a domingo (4), a cidade promove eventos que v\u00e3o da tradicional Corrida Maria dos Rem\u00e9dios \u00e0 6\u00aa Carreata de Ogum, passando por apresenta\u00e7\u00f5es teatrais, atividades infantis, oficinas culturais e dezenas de shows em bares [&hellip;]<\/p>\n","protected":false},"author":5,"featured_media":17094,"comment_status":"open","ping_status":"open","sticky":false,"template":"","format":"standard","meta":{"_seopress_robots_primary_cat":"","_seopress_titles_title":"","_seopress_titles_desc":"","_seopress_robots_index":"","footnotes":""},"categories":[52],"tags":[],"class_list":["post-17093","post","type-post","status-publish","format-standard","has-post-thumbnail","hentry","category-santoseregiao"],"_links":{"self":[{"href":"https:\/\/mussicom.com\/noticias\/wp-json\/wp\/v2\/posts\/17093","targetHints":{"allow":["GET"]}}],"collection":[{"href":"https:\/\/mussicom.com\/noticias\/wp-json\/wp\/v2\/posts"}],"about":[{"href":"https:\/\/mussicom.com\/noticias\/wp-json\/wp\/v2\/types\/post"}],"author":[{"embeddable":true,"href":"https:\/\/mussicom.com\/noticias\/wp-json\/wp\/v2\/users\/5"}],"replies":[{"embeddable":true,"href":"https:\/\/mussicom.com\/noticias\/wp-json\/wp\/v2\/comments?post=17093"}],"version-history":[{"count":0,"href":"https:\/\/mussicom.com\/noticias\/wp-json\/wp\/v2\/posts\/17093\/revisions"}],"wp:featuredmedia":[{"embeddable":true,"href":"https:\/\/mussicom.com\/noticias\/wp-json\/wp\/v2\/media\/17094"}],"wp:attachment":[{"href":"https:\/\/mussicom.com\/noticias\/wp-json\/wp\/v2\/media?parent=17093"}],"wp:term":[{"taxonomy":"category","embeddable":true,"href":"https:\/\/mussicom.com\/noticias\/wp-json\/wp\/v2\/categories?post=17093"},{"taxonomy":"post_tag","embeddable":true,"href":"https:\/\/mussicom.com\/noticias\/wp-json\/wp\/v2\/tags?post=17093"}],"curies":[{"name":"wp","href":"https:\/\/api.w.org\/{rel}","templated":true}]}}