{"id":16986,"date":"2025-05-01T03:37:03","date_gmt":"2025-05-01T06:37:03","guid":{"rendered":"https:\/\/mussicom.com\/fachin-defende-urgencia-na-regulamentacao-das-redes-sociais\/"},"modified":"2025-05-01T03:37:03","modified_gmt":"2025-05-01T06:37:03","slug":"fachin-defende-urgencia-na-regulamentacao-das-redes-sociais","status":"publish","type":"post","link":"https:\/\/mussicom.com\/noticias\/fachin-defende-urgencia-na-regulamentacao-das-redes-sociais\/","title":{"rendered":"Fachin defende urg\u00eancia na regulamenta\u00e7\u00e3o das redes sociais"},"content":{"rendered":"<p> <br \/>\n<\/p>\n<div id=\"hd80s9wa1h892edh8192\">\n<p>O vice-presidente do Supremo Tribunal Federal (STF), <strong>ministro Edson Fachin<\/strong>, defendeu nesta ter\u00e7a-feira, 29, que o Congresso Nacional avance com urg\u00eancia principalmente na <strong>regulamenta\u00e7\u00e3o das redes sociais<\/strong> no Brasil. Para ele, \u00e9 essencial criar \u201cmecanismos de conten\u00e7\u00e3o democr\u00e1tica\u201d diante dos efeitos da desinforma\u00e7\u00e3o e de um modelo de neg\u00f3cios que, segundo afirmou, prospera na aus\u00eancia de regras claras.<\/p>\n<p>O Supremo j\u00e1 analisa a responsabilidade das plataformas digitais pelo conte\u00fado postado por seus usu\u00e1rios, em uma a\u00e7\u00e3o atualmente suspensa depois de pedido de vista do ministro Andr\u00e9 Mendon\u00e7a.<\/p>\n<h2 class=\"wp-block-heading\"><strong>Para Fachin, fake news amea\u00e7a a democracia<\/strong><\/h2>\n<p>Durante participa\u00e7\u00e3o em um evento do jornal <em>O Estado de S. Paulo<\/em>, em Bras\u00edlia, Fachin ressaltou que o Legislativo tem o dever de enfrentar o tema. \u201c[O Congresso] \u00e9 hoje interpelado a discutir a regulamenta\u00e7\u00e3o de tais plataformas. Por consequ\u00eancia, a criar leg\u00edtimos mecanismos de conten\u00e7\u00e3o democr\u00e1tica dos impactos danosos das fake news\u201d.<\/p>\n<p>A fala do ministro se insere assim no contexto de crescente cobran\u00e7a por parte de autoridades e institui\u00e7\u00f5es. Essas correntes apontam as redes sociais como vetores da dissemina\u00e7\u00e3o de not\u00edcias falsas e ataques \u00e0 democracia. Fachin tamb\u00e9m criticou o que chamou de \u201cpopulismo digital autorit\u00e1rio\u201d.<\/p>\n<figure class=\"wp-block-embed is-type-video is-provider-youtube wp-block-embed-youtube wp-embed-aspect-16-9 wp-has-aspect-ratio\">\n<div class=\"wp-block-embed__wrapper\">\n<div class=\"perfmatters-lazy-youtube\" data-src=\"https:\/\/www.youtube.com\/embed\/-G93qXjmEHE\" data-id=\"-G93qXjmEHE\" data-query=\"feature=oembed\" onclick=\"perfmattersLazyLoadYouTube(this);\">\n<div><img fetchpriority=\"high\" decoding=\"async\" src=\"https:\/\/i.ytimg.com\/vi\/-G93qXjmEHE\/hqdefault.jpg\" alt=\"YouTube video\" width=\"480\" height=\"360\" data-pin-nopin=\"true\" nopin=\"nopin\"\/><\/div>\n<\/div>\n<p><noscript><iframe title=\"Fachin recebe ju\u00edzes do &#039;STF chin\u00eas&#039; e cita coopera\u00e7\u00e3o entre os pa\u00edses\" width=\"800\" height=\"450\" src=\"https:\/\/www.youtube.com\/embed\/-G93qXjmEHE?feature=oembed\" frameborder=\"0\" allow=\"accelerometer; autoplay; clipboard-write; encrypted-media; gyroscope; picture-in-picture; web-share\" referrerpolicy=\"strict-origin-when-cross-origin\" allowfullscreen><\/iframe><\/noscript>\n<\/div>\n<\/figure>\n<p>Conforme o ministro, esse tipo de populismo representa uma amea\u00e7a \u00e0s democracias ocidentais e aos valores fundamentais da liberdade. \u201cDesenvolve-se o populismo digital autorit\u00e1rio, cujo tsunami est\u00e1 prestes a afogar as democracias ocidentais e as cl\u00e1ssicas conquistas das liberdades. O \u00f3dio, infelizmente, vende bem mais que a solidariedade\u201d.<\/p>\n<p>Fachin ainda alertou que n\u00e3o se deve confundir a liberdade de express\u00e3o com a aus\u00eancia total de controle. Para ele, \u00e9 preciso enfrentar os interesses econ\u00f4micos por tr\u00e1s da l\u00f3gica das redes sociais, que lucrariam com a falta de regula\u00e7\u00e3o. \u201cAcres\u00e7a-se a essa nova esfera p\u00fablica uma esp\u00e9cie de modelo de neg\u00f3cios que tem lucrado com esse estado de coisas e a defesa de todas as liberdades, sem quaisquer limites, nem mesmo para proteger a pr\u00f3pria liberdade\u201d.<\/p>\n<p>+ <strong>Leia mais not\u00edcias de <\/strong><strong>Pol\u00edtica<\/strong><strong> na Oeste<\/strong><\/p>\n<\/p><\/div>\n<p><br \/>\n<br \/>Fonte: <a href=\"https:\/\/revistaoeste.com\/politica\/fachin-defende-urgencia-no-controle-das-redes-sociais\/\">Ag\u00eancia Brasil<\/a><\/p>\n","protected":false},"excerpt":{"rendered":"<p>O vice-presidente do Supremo Tribunal Federal (STF), ministro Edson Fachin, defendeu nesta ter\u00e7a-feira, 29, que o Congresso Nacional avance com urg\u00eancia principalmente na regulamenta\u00e7\u00e3o das redes sociais no Brasil. Para ele, \u00e9 essencial criar \u201cmecanismos de conten\u00e7\u00e3o democr\u00e1tica\u201d diante dos efeitos da desinforma\u00e7\u00e3o e de um modelo de neg\u00f3cios que, segundo afirmou, prospera na aus\u00eancia [&hellip;]<\/p>\n","protected":false},"author":5,"featured_media":16987,"comment_status":"open","ping_status":"open","sticky":false,"template":"","format":"standard","meta":{"_seopress_robots_primary_cat":"","_seopress_titles_title":"","_seopress_titles_desc":"","_seopress_robots_index":"","footnotes":""},"categories":[47,1],"tags":[],"class_list":["post-16986","post","type-post","status-publish","format-standard","has-post-thumbnail","hentry","category-politica","category-ultimas-noticias"],"_links":{"self":[{"href":"https:\/\/mussicom.com\/noticias\/wp-json\/wp\/v2\/posts\/16986","targetHints":{"allow":["GET"]}}],"collection":[{"href":"https:\/\/mussicom.com\/noticias\/wp-json\/wp\/v2\/posts"}],"about":[{"href":"https:\/\/mussicom.com\/noticias\/wp-json\/wp\/v2\/types\/post"}],"author":[{"embeddable":true,"href":"https:\/\/mussicom.com\/noticias\/wp-json\/wp\/v2\/users\/5"}],"replies":[{"embeddable":true,"href":"https:\/\/mussicom.com\/noticias\/wp-json\/wp\/v2\/comments?post=16986"}],"version-history":[{"count":0,"href":"https:\/\/mussicom.com\/noticias\/wp-json\/wp\/v2\/posts\/16986\/revisions"}],"wp:featuredmedia":[{"embeddable":true,"href":"https:\/\/mussicom.com\/noticias\/wp-json\/wp\/v2\/media\/16987"}],"wp:attachment":[{"href":"https:\/\/mussicom.com\/noticias\/wp-json\/wp\/v2\/media?parent=16986"}],"wp:term":[{"taxonomy":"category","embeddable":true,"href":"https:\/\/mussicom.com\/noticias\/wp-json\/wp\/v2\/categories?post=16986"},{"taxonomy":"post_tag","embeddable":true,"href":"https:\/\/mussicom.com\/noticias\/wp-json\/wp\/v2\/tags?post=16986"}],"curies":[{"name":"wp","href":"https:\/\/api.w.org\/{rel}","templated":true}]}}