{"id":16956,"date":"2025-05-01T00:33:35","date_gmt":"2025-05-01T03:33:35","guid":{"rendered":"https:\/\/mussicom.com\/lula-nomeia-procurador-federal-como-novo-presidente-do-inss\/"},"modified":"2025-05-01T00:33:35","modified_gmt":"2025-05-01T03:33:35","slug":"lula-nomeia-procurador-federal-como-novo-presidente-do-inss","status":"publish","type":"post","link":"https:\/\/mussicom.com\/noticias\/lula-nomeia-procurador-federal-como-novo-presidente-do-inss\/","title":{"rendered":"Lula nomeia procurador federal como novo presidente do INSS"},"content":{"rendered":"<p> <br \/>\n<\/p>\n<div id=\"hd80s9wa1h892edh8192\">\n<p>O presidente Luiz In\u00e1cio Lula da Silva nomeou o procurador federal Gilberto Waller J\u00fanior como o novo presidente do Instituto Nacional do Seguro Social (INSS). O ato ser\u00e1 publicado em edi\u00e7\u00e3o extraordin\u00e1ria do <em>Di\u00e1rio Oficial da Uni\u00e3o<\/em>.<\/p>\n<p>A nomea\u00e7\u00e3o foi assinada pela ministra-chefe substituta da Casa Civil, Miriam Belchior. Tradicionalmente, a nomea\u00e7\u00e3o do presidente do INSS cabe ao ministro da Previd\u00eancia Social, cargo hoje ocupado por Carlos Lupi.<\/p>\n<p><strong>+ Leia mais not\u00edcias de\u00a0Pol\u00edtica\u00a0em Oeste<\/strong><\/p>\n<p>Bacharel em Ci\u00eancias Jur\u00eddicas e Sociais, Waller J\u00fanior tem p\u00f3s-gradua\u00e7\u00e3o em Combate \u00e0 Corrup\u00e7\u00e3o e Lavagem de Dinheiro. Ele entrou no INSS como procurador em 1998 e ocupou os cargos de corregedor-geral de 2001 a 2004 e subprocurador-geral de 2007 a 2008.<\/p>\n<p>Waller tamb\u00e9m trabalhou na Controladoria-Geral da Uni\u00e3o (CGU), onde ocupou o cargo de ouvidor-geral da Uni\u00e3o de 2016 a 2023. Atualmente, \u00e9 corregedor da <strong>Procuradoria-Geral Federal<\/strong>, \u00f3rg\u00e3o da Advocacia-Geral da Uni\u00e3o (AGU).<\/p>\n<p><related-posts class=\"border-y border-gray-300 py-5\"><\/p>\n<h2 class=\"!text-2xl text-black font-primary font-semibold leading-none mb-3\">\n    Leia mais:<br \/>\n  <\/h2>\n<p><\/related-posts><\/p>\n<h2 class=\"wp-block-heading\">Pol\u00edcia Federal revelou fraudes no INSS<\/h2>\n<p>O procurador federal assumir\u00e1 o posto de Alessandro Stefanutto, demitido do cargo depois de uma opera\u00e7\u00e3o da Pol\u00edcia Federal revelar a exist\u00eancia de um esquema de fraudes no \u00f3rg\u00e3o entre 2019 e 2024, que descontou indevidamente contribui\u00e7\u00f5es de aposentados e pensionistas a entidades e organiza\u00e7\u00f5es sociais.<\/p>\n<p>No mesmo dia da opera\u00e7\u00e3o, a Justi\u00e7a Federal determinou o afastamento do diretor por omiss\u00e3o diante de den\u00fancias de fraudes nos repasses \u00e0s entidades. O presidente Lula <strong>determinou sua exonera\u00e7\u00e3o<\/strong> na mesma noite.<\/p>\n<figure class=\"wp-block-image aligncenter size-full is-resized\"><picture><source data-srcset=\"https:\/\/medias.revistaoeste.com\/wp-content\/uploads\/2025\/04\/Operacao-PF_3.jpg.webp 1280w, https:\/\/medias.revistaoeste.com\/wp-content\/uploads\/2025\/04\/Operacao-PF_3-300x169.jpg.webp 300w, https:\/\/medias.revistaoeste.com\/wp-content\/uploads\/2025\/04\/Operacao-PF_3-400x225.jpg.webp 400w, https:\/\/medias.revistaoeste.com\/wp-content\/uploads\/2025\/04\/Operacao-PF_3-216x121.jpg.webp 216w, https:\/\/medias.revistaoeste.com\/wp-content\/uploads\/2025\/04\/Operacao-PF_3-150x84.jpg.webp 150w\" data-sizes=\"(max-width: 1280px) 100vw, 1280px\" type=\"image\/webp\"><img fetchpriority=\"high\" decoding=\"async\" width=\"1280\" height=\"720\" src=\"https:\/\/medias.revistaoeste.com\/wp-content\/uploads\/2025\/04\/Operacao-PF_3.jpg\" alt=\"Operac\u0327a\u0303o PF_3; inss\" class=\"wp-image-1974579\" style=\"width:766px;height:auto\" srcset=\"https:\/\/medias.revistaoeste.com\/wp-content\/uploads\/2025\/04\/Operacao-PF_3.jpg 1280w, https:\/\/medias.revistaoeste.com\/wp-content\/uploads\/2025\/04\/Operacao-PF_3-300x169.jpg 300w, https:\/\/medias.revistaoeste.com\/wp-content\/uploads\/2025\/04\/Operacao-PF_3-400x225.jpg 400w, https:\/\/medias.revistaoeste.com\/wp-content\/uploads\/2025\/04\/Operacao-PF_3-216x121.jpg 216w, https:\/\/medias.revistaoeste.com\/wp-content\/uploads\/2025\/04\/Operacao-PF_3-150x84.jpg 150w\" sizes=\"(max-width: 1280px) 100vw, 1280px\" data-eio=\"p\"\/><\/source><\/picture><figcaption class=\"wp-element-caption\">Fraude causou demiss\u00e3o de presidente do INSS | Foto: Rafa Neddermeyer\/ Ag\u00eancia Brasil<\/figcaption><\/figure>\n<p>Desde a \u00faltima quinta-feira, 24, a diretora de Or\u00e7amento, Finan\u00e7as e Log\u00edstica do INSS, D\u00e9bora Aparecida Floriano, ocupava a presid\u00eancia interina da autarquia. Al\u00e9m de Stefanutto, a Justi\u00e7a determinou o afastamento de cinco servidores do \u00f3rg\u00e3o, que tamb\u00e9m foram demitidos.<\/p>\n<p>Na ter\u00e7a-feira, 29, o juiz Frederico Botelho de Barros Viana, da 15\u00aa Vara Federal Criminal de Bras\u00edlia, autorizou a quebra de sigilo telem\u00e1tico de Stefanutto. Segundo o magistrado, o fim do sigilo permite o aprofundamento das investiga\u00e7\u00f5es do esquema de descontos em aposentadorias e pens\u00f5es.<\/p>\n<p><strong>Leia tamb\u00e9m:\u00a0\u201cDitadura escancarada\u201d, reportagem de Cristyan Costa publicada na Edi\u00e7\u00e3o 230 da Revista Oeste<\/strong><\/p>\n<\/p><\/div>\n<p><br \/>\n<br \/>Fonte: <a href=\"https:\/\/revistaoeste.com\/politica\/lula-nomeia-procurador-federal-como-novo-presidente-do-inss\/\">Ag\u00eancia Brasil<\/a><\/p>\n","protected":false},"excerpt":{"rendered":"<p>O presidente Luiz In\u00e1cio Lula da Silva nomeou o procurador federal Gilberto Waller J\u00fanior como o novo presidente do Instituto Nacional do Seguro Social (INSS). O ato ser\u00e1 publicado em edi\u00e7\u00e3o extraordin\u00e1ria do Di\u00e1rio Oficial da Uni\u00e3o. A nomea\u00e7\u00e3o foi assinada pela ministra-chefe substituta da Casa Civil, Miriam Belchior. Tradicionalmente, a nomea\u00e7\u00e3o do presidente do [&hellip;]<\/p>\n","protected":false},"author":5,"featured_media":16957,"comment_status":"open","ping_status":"open","sticky":false,"template":"","format":"standard","meta":{"_seopress_robots_primary_cat":"","_seopress_titles_title":"","_seopress_titles_desc":"","_seopress_robots_index":"","footnotes":""},"categories":[47,1],"tags":[],"class_list":["post-16956","post","type-post","status-publish","format-standard","has-post-thumbnail","hentry","category-politica","category-ultimas-noticias"],"_links":{"self":[{"href":"https:\/\/mussicom.com\/noticias\/wp-json\/wp\/v2\/posts\/16956","targetHints":{"allow":["GET"]}}],"collection":[{"href":"https:\/\/mussicom.com\/noticias\/wp-json\/wp\/v2\/posts"}],"about":[{"href":"https:\/\/mussicom.com\/noticias\/wp-json\/wp\/v2\/types\/post"}],"author":[{"embeddable":true,"href":"https:\/\/mussicom.com\/noticias\/wp-json\/wp\/v2\/users\/5"}],"replies":[{"embeddable":true,"href":"https:\/\/mussicom.com\/noticias\/wp-json\/wp\/v2\/comments?post=16956"}],"version-history":[{"count":0,"href":"https:\/\/mussicom.com\/noticias\/wp-json\/wp\/v2\/posts\/16956\/revisions"}],"wp:featuredmedia":[{"embeddable":true,"href":"https:\/\/mussicom.com\/noticias\/wp-json\/wp\/v2\/media\/16957"}],"wp:attachment":[{"href":"https:\/\/mussicom.com\/noticias\/wp-json\/wp\/v2\/media?parent=16956"}],"wp:term":[{"taxonomy":"category","embeddable":true,"href":"https:\/\/mussicom.com\/noticias\/wp-json\/wp\/v2\/categories?post=16956"},{"taxonomy":"post_tag","embeddable":true,"href":"https:\/\/mussicom.com\/noticias\/wp-json\/wp\/v2\/tags?post=16956"}],"curies":[{"name":"wp","href":"https:\/\/api.w.org\/{rel}","templated":true}]}}