{"id":16944,"date":"2025-04-30T23:52:08","date_gmt":"2025-05-01T02:52:08","guid":{"rendered":"https:\/\/mussicom.com\/sao-paulo-recebera-novo-torneio-da-elite-do-tenis-feminino-em-setembro\/"},"modified":"2025-04-30T23:52:08","modified_gmt":"2025-05-01T02:52:08","slug":"sao-paulo-recebera-novo-torneio-da-elite-do-tenis-feminino-em-setembro","status":"publish","type":"post","link":"https:\/\/mussicom.com\/noticias\/sao-paulo-recebera-novo-torneio-da-elite-do-tenis-feminino-em-setembro\/","title":{"rendered":"S\u00e3o Paulo receber\u00e1 novo torneio da elite do t\u00eanis feminino em setembro"},"content":{"rendered":"<p> <br \/>\n<\/p>\n<div>\n<p>Ap\u00f3s hiato de nove anos, o Brasil est\u00e1 de volta ao calend\u00e1rio oficial da elite do t\u00eanis feminino. Nesta quarta-feira (30), a cidade de S\u00e3o Paulo foi confirmada como sede da competi\u00e7\u00e3o WTA 250, entre os dias 6 e 14 de setembro. O torneio SP Open ser\u00e1 disputado em quadra r\u00e1pida, no Parque Villa-Lobos, na zona oeste da capital. Desde 2020 a metr\u00f3pole paulista n\u00e3o sediava um evento da Associa\u00e7\u00e3o de T\u00eanis Feminino (WTA, na sigla em ingl\u00eas).<img decoding=\"async\" src=\"https:\/\/agenciabrasil.ebc.com.br\/ebc.gif?id=1641172&amp;o=node\" style=\"width:1px; height:1px; display:inline;\"\/><\/p>\n<p>A chave principal do SP Open reunir\u00e1 32 tenistas, o qualifying 24 participantes e a disputa de duplas contar\u00e1 com 16 parcerias. O qualifying do torneio ocorrer\u00e1 nos dias 6 e 7 de\u00a0setembro, e competi\u00e7\u00e3o da chave de simples seguir\u00e1 de 8 a 14 de setembro.<\/p>\n<blockquote class=\"instagram-media\" data-instgrm-captioned=\"\" data-instgrm-permalink=\"https:\/\/www.instagram.com\/p\/DJEk3stMeVc\/?utm_source=ig_embed&amp;utm_campaign=loading\" data-instgrm-version=\"14\" style=\" background:#FFF; border:0; border-radius:3px; box-shadow:0 0 1px 0 rgba(0,0,0,0.5),0 1px 10px 0 rgba(0,0,0,0.15); margin: 1px; max-width:540px; min-width:326px; padding:0; width:99.375%; width:-webkit-calc(100% - 2px); width:calc(100% - 2px);\">\n<\/blockquote>\n<p>\u201cAl\u00e9m de lazer de qualidade, o SP Open vai proporcionar outros benef\u00edcios diretos e indiretos para toda popula\u00e7\u00e3o. A presen\u00e7a de grandes atletas, com certeza, vai estimular a pr\u00e1tica do t\u00eanis, contribuindo para o surgimento de novos campe\u00f5es\u201d, afirmou Ricardo Nunes, prefeito de S\u00e3o Paulo, ap\u00f3s a confirma\u00e7\u00e3o do torneio pela empresa IMM, a mesma que organiza o ATP 500 Rio Open.<\/p>\n<p>Desde 2016 o Brasil n\u00e3o recebia um torneio do circuito profissional de t\u00eanis feminino. Os \u00faltimos foram o WTA Florian\u00f3polis e o Rio Open \u2013 este segue ocorrendo anualmente, apenas com disputa masculina.<\/p>\n<p>      <!-- Relacionada --><\/p>\n<p>            <!-- Relacionada -->\n    <\/div>\n<p><script async src=\"\/\/www.instagram.com\/embed.js\"><\/script><br \/>\n<br \/><br \/>\n<br \/>Fonte: <a href=\"https:\/\/agenciabrasil.ebc.com.br\/esportes\/noticia\/2025-04\/sao-paulo-recebera-novo-torneio-da-elite-do-tenis-feminino-em-setembro\">Ag\u00eancia Brasil<\/a><\/p>\n","protected":false},"excerpt":{"rendered":"<p>Ap\u00f3s hiato de nove anos, o Brasil est\u00e1 de volta ao calend\u00e1rio oficial da elite do t\u00eanis feminino. Nesta quarta-feira (30), a cidade de S\u00e3o Paulo foi confirmada como sede da competi\u00e7\u00e3o WTA 250, entre os dias 6 e 14 de setembro. O torneio SP Open ser\u00e1 disputado em quadra r\u00e1pida, no Parque Villa-Lobos, na [&hellip;]<\/p>\n","protected":false},"author":5,"featured_media":16945,"comment_status":"open","ping_status":"open","sticky":false,"template":"","format":"standard","meta":{"_seopress_robots_primary_cat":"","_seopress_titles_title":"","_seopress_titles_desc":"","_seopress_robots_index":"","footnotes":""},"categories":[40],"tags":[],"class_list":["post-16944","post","type-post","status-publish","format-standard","has-post-thumbnail","hentry","category-esportes"],"_links":{"self":[{"href":"https:\/\/mussicom.com\/noticias\/wp-json\/wp\/v2\/posts\/16944","targetHints":{"allow":["GET"]}}],"collection":[{"href":"https:\/\/mussicom.com\/noticias\/wp-json\/wp\/v2\/posts"}],"about":[{"href":"https:\/\/mussicom.com\/noticias\/wp-json\/wp\/v2\/types\/post"}],"author":[{"embeddable":true,"href":"https:\/\/mussicom.com\/noticias\/wp-json\/wp\/v2\/users\/5"}],"replies":[{"embeddable":true,"href":"https:\/\/mussicom.com\/noticias\/wp-json\/wp\/v2\/comments?post=16944"}],"version-history":[{"count":0,"href":"https:\/\/mussicom.com\/noticias\/wp-json\/wp\/v2\/posts\/16944\/revisions"}],"wp:featuredmedia":[{"embeddable":true,"href":"https:\/\/mussicom.com\/noticias\/wp-json\/wp\/v2\/media\/16945"}],"wp:attachment":[{"href":"https:\/\/mussicom.com\/noticias\/wp-json\/wp\/v2\/media?parent=16944"}],"wp:term":[{"taxonomy":"category","embeddable":true,"href":"https:\/\/mussicom.com\/noticias\/wp-json\/wp\/v2\/categories?post=16944"},{"taxonomy":"post_tag","embeddable":true,"href":"https:\/\/mussicom.com\/noticias\/wp-json\/wp\/v2\/tags?post=16944"}],"curies":[{"name":"wp","href":"https:\/\/api.w.org\/{rel}","templated":true}]}}