{"id":16900,"date":"2025-04-30T20:29:38","date_gmt":"2025-04-30T23:29:38","guid":{"rendered":"https:\/\/mussicom.com\/justica-quebra-sigilos-de-ex-dirigentes-do-inss\/"},"modified":"2025-04-30T20:29:38","modified_gmt":"2025-04-30T23:29:38","slug":"justica-quebra-sigilos-de-ex-dirigentes-do-inss","status":"publish","type":"post","link":"https:\/\/mussicom.com\/noticias\/justica-quebra-sigilos-de-ex-dirigentes-do-inss\/","title":{"rendered":"Justi\u00e7a quebra sigilos de ex-dirigentes do INSS"},"content":{"rendered":"<p> <br \/>\n<\/p>\n<div id=\"hd80s9wa1h892edh8192\">\n<p>A <strong>Justi\u00e7a Federal<\/strong> autorizou a quebra dos sigilos de comunica\u00e7\u00f5es pessoais e corporativas de Alessandro Stefanutto, ex-presidente do Instituto Nacional do Seguro Social (INSS), e de outros seis ex-integrantes da c\u00fapula da autarquia. Eles s\u00e3o suspeitos de envolvimento no esquema que causou preju\u00edzo de R$ 6,3 bilh\u00f5es a aposentados.<\/p>\n<figure class=\"wp-block-embed is-type-video is-provider-youtube wp-block-embed-youtube wp-embed-aspect-16-9 wp-has-aspect-ratio\">\n<div class=\"wp-block-embed__wrapper\">\n<div class=\"perfmatters-lazy-youtube\" data-src=\"https:\/\/www.youtube.com\/embed\/fb7qT_12M5Q\" data-id=\"fb7qT_12M5Q\" data-query=\"feature=oembed\" onclick=\"perfmattersLazyLoadYouTube(this);\">\n<div><img fetchpriority=\"high\" decoding=\"async\" src=\"https:\/\/i.ytimg.com\/vi\/fb7qT_12M5Q\/hqdefault.jpg\" alt=\"YouTube video\" width=\"480\" height=\"360\" data-pin-nopin=\"true\" nopin=\"nopin\"\/><\/div>\n<\/div>\n<p><noscript><iframe title=\"Carlos Lupi lamenta exonera\u00e7\u00f5es em meio ao esc\u00e2ndalo do INSS: &#039;Est\u00e1 doendo na carne&#039;\" width=\"800\" height=\"450\" src=\"https:\/\/www.youtube.com\/embed\/fb7qT_12M5Q?feature=oembed\" frameborder=\"0\" allow=\"accelerometer; autoplay; clipboard-write; encrypted-media; gyroscope; picture-in-picture; web-share\" referrerpolicy=\"strict-origin-when-cross-origin\" allowfullscreen><\/iframe><\/noscript>\n<\/div>\n<\/figure>\n<p>A decis\u00e3o alcan\u00e7a e-mails, celulares, mensagens de aplicativos, fotos, contatos, agendas e arquivos em nuvem. O juiz Frederico Botelho de Barros Viana, da 15\u00aa Vara Federal do Distrito Federal, atendeu a um pedido da Pol\u00edcia Federal (PF) no \u00e2mbito da Opera\u00e7\u00e3o Sem Desconto. <\/p>\n<p><strong>Leia mais: \u201cCarlos Lupi nega omiss\u00e3o em esquema de descontos indevidos no INSS\u201d<\/strong><\/p>\n<p>Stefanutto foi demitido depois que o esquema veio \u00e0 tona. J\u00e1 o ministro da <strong>Previd\u00eancia<\/strong>, Carlos Lupi, continua no posto, apesar da press\u00e3o da oposi\u00e7\u00e3o sobre o governo de Luiz In\u00e1cio Lula da Silva. <\/p>\n<h2 class=\"wp-block-heading\">Veja quem s\u00e3o os ex-dirigentes do INSS alvos da medida<\/h2>\n<p>A quebra de sigilo atinge os seguintes ex-servidores:<\/p>\n<ul>\n<li>Alessandro Stefanutto, ex-presidente do INSS;<\/li>\n<li>Andr\u00e9 Paulo Felix Fidelis, ex-diretor de Benef\u00edcios e Relacionamento com o Cidad\u00e3o;<\/li>\n<li>Virg\u00edlio Ant\u00f4nio Ribeiro de Oliveira Filho, ex-chefe da Procuradoria Federal Especializada;<\/li>\n<li>Geovani Batista Spiecker, ex-diretor substituto de Benef\u00edcios;<\/li>\n<li>Reinaldo Carlos Barroso de Almeida, ex-chefe da Divis\u00e3o de Agentes Pagadores;<\/li>\n<li>Vanderlei Barbosa dos Santos, ex-diretor de Benef\u00edcios; e<\/li>\n<li>Jucimar Fonseca da Silva, ex-coordenador-geral de Pagamento de Benef\u00edcios.<\/li>\n<\/ul>\n<p>Na decis\u00e3o, o juiz ordenou ao INSS que compartilhe com a PF todos os arquivos de contas corporativas entre janeiro de 2021 e mar\u00e7o de 2025. Apple, Google e outros provedores ter\u00e3o de entregar dados de aplicativos como WhatsApp e Telegram, al\u00e9m de notas, lembretes, registros de chamadas e backups de e-mail.<\/p>\n<p><strong>+ Leia mais not\u00edcias de Pol\u00edtica em Oeste<\/strong><\/p>\n<p>O juiz considerou a medida \u201cimprescind\u00edvel\u201d para refor\u00e7ar as provas da investiga\u00e7\u00e3o. Al\u00e9m disso, afirmou que a a\u00e7\u00e3o era necess\u00e1ria para identificar \u201cos servidores do INSS que recebem vantagem indevida advinda das entidades associativas e seus operadores financeiros\u201d.<\/p>\n<p><related-posts class=\"border-y border-gray-300 py-5\"><\/p>\n<h2 class=\"!text-2xl text-black font-primary font-semibold leading-none mb-3\">\n    Leia tamb\u00e9m:<br \/>\n  <\/h2>\n<p><\/related-posts><\/p><\/div>\n<p><br \/>\n<br \/>Fonte: <a href=\"https:\/\/www.revistaoeste.com\/politica\/justica-quebra-sigilos-de-ex-dirigentes-do-inss\/\">Ag\u00eancia Brasil<\/a><\/p>\n","protected":false},"excerpt":{"rendered":"<p>A Justi\u00e7a Federal autorizou a quebra dos sigilos de comunica\u00e7\u00f5es pessoais e corporativas de Alessandro Stefanutto, ex-presidente do Instituto Nacional do Seguro Social (INSS), e de outros seis ex-integrantes da c\u00fapula da autarquia. Eles s\u00e3o suspeitos de envolvimento no esquema que causou preju\u00edzo de R$ 6,3 bilh\u00f5es a aposentados. A decis\u00e3o alcan\u00e7a e-mails, celulares, mensagens [&hellip;]<\/p>\n","protected":false},"author":5,"featured_media":16901,"comment_status":"open","ping_status":"open","sticky":false,"template":"","format":"standard","meta":{"_seopress_robots_primary_cat":"","_seopress_titles_title":"","_seopress_titles_desc":"","_seopress_robots_index":"","footnotes":""},"categories":[47,1],"tags":[],"class_list":["post-16900","post","type-post","status-publish","format-standard","has-post-thumbnail","hentry","category-politica","category-ultimas-noticias"],"_links":{"self":[{"href":"https:\/\/mussicom.com\/noticias\/wp-json\/wp\/v2\/posts\/16900","targetHints":{"allow":["GET"]}}],"collection":[{"href":"https:\/\/mussicom.com\/noticias\/wp-json\/wp\/v2\/posts"}],"about":[{"href":"https:\/\/mussicom.com\/noticias\/wp-json\/wp\/v2\/types\/post"}],"author":[{"embeddable":true,"href":"https:\/\/mussicom.com\/noticias\/wp-json\/wp\/v2\/users\/5"}],"replies":[{"embeddable":true,"href":"https:\/\/mussicom.com\/noticias\/wp-json\/wp\/v2\/comments?post=16900"}],"version-history":[{"count":0,"href":"https:\/\/mussicom.com\/noticias\/wp-json\/wp\/v2\/posts\/16900\/revisions"}],"wp:featuredmedia":[{"embeddable":true,"href":"https:\/\/mussicom.com\/noticias\/wp-json\/wp\/v2\/media\/16901"}],"wp:attachment":[{"href":"https:\/\/mussicom.com\/noticias\/wp-json\/wp\/v2\/media?parent=16900"}],"wp:term":[{"taxonomy":"category","embeddable":true,"href":"https:\/\/mussicom.com\/noticias\/wp-json\/wp\/v2\/categories?post=16900"},{"taxonomy":"post_tag","embeddable":true,"href":"https:\/\/mussicom.com\/noticias\/wp-json\/wp\/v2\/tags?post=16900"}],"curies":[{"name":"wp","href":"https:\/\/api.w.org\/{rel}","templated":true}]}}