{"id":16882,"date":"2025-04-30T19:28:36","date_gmt":"2025-04-30T22:28:36","guid":{"rendered":"https:\/\/mussicom.com\/vamos-virar-essa-pagina-diz-luiz-marinho\/"},"modified":"2025-04-30T19:28:36","modified_gmt":"2025-04-30T22:28:36","slug":"vamos-virar-essa-pagina-diz-luiz-marinho","status":"publish","type":"post","link":"https:\/\/mussicom.com\/noticias\/vamos-virar-essa-pagina-diz-luiz-marinho\/","title":{"rendered":"&#8216;Vamos virar essa p\u00e1gina&#8217;, diz Luiz Marinho"},"content":{"rendered":"<p> <br \/>\n<\/p>\n<div id=\"hd80s9wa1h892edh8192\">\n<p>Na v\u00e9spera do Dia do Trabalhador, o ministro do Trabalho e Emprego, Luiz Marinho, abordou a recente opera\u00e7\u00e3o da Pol\u00edcia Federal (PF) contra o Instituto Nacional do Seguro Social (INSS) em entrevista \u00e0 Empresa Brasil de Comunica\u00e7\u00e3o (EBC) nesta quarta-feira, 30.<\/p>\n<p>Sobre a Opera\u00e7\u00e3o Sem Desconto, que revelou irregularidades em descontos indevidos em benef\u00edcios do INSS, Marinho afirmou que o governo agiu com rapidez e que a crise ser\u00e1 superada. \u201cVamos virar essa p\u00e1gina e o INSS vai ser mais forte e mais representativo a partir disso\u201d, declarou.<\/p>\n<p>O ministro ressaltou que o governo federal n\u00e3o compactua com impunidade e que h\u00e1 total liberdade para a investiga\u00e7\u00e3o das fraudes. \u201cO ministro Lewandowski tem afirmado: vamos at\u00e9 as \u00faltimas consequ\u00eancias para punir quem deve ser punido\u201d, afirmou.<\/p>\n<p><strong>+ Leia mais not\u00edcias de\u00a0Pol\u00edtica\u00a0em Oeste<\/strong><\/p>\n<p>Segundo ele, a orienta\u00e7\u00e3o do presidente Lula \u00e9 clara: \u201cautoriza e vamos em cima\u201d. Marinho garantiu que os recursos descontados indevidamente ser\u00e3o devolvidos aos aposentados e pensionistas e que o foco agora \u00e9 separar \u201cas entidades s\u00e9rias\u201d daquelas que se aproveitaram da boa-f\u00e9 da popula\u00e7\u00e3o.<\/p>\n<p>Marinho v\u00ea o atual esc\u00e2ndalo como uma nova oportunidade para <strong>reformar o \u00f3rg\u00e3o<\/strong>. \u201cOs problemas trazem tamb\u00e9m oportunidades para a gente aperfei\u00e7oar\u201d, disse, ao mencionar investimentos em tecnologia e melhorias de gest\u00e3o como caminhos para garantir um INSS mais eficiente e confi\u00e1vel.<\/p>\n<p>O ministro tamb\u00e9m demonstrou preocupa\u00e7\u00e3o com o avan\u00e7o da pejotiza\u00e7\u00e3o e classificou a pr\u00e1tica como \u201cuma burla \u00e0 legisla\u00e7\u00e3o\u201d, ao alertar que sua legitima\u00e7\u00e3o colocaria em risco a Previd\u00eancia Social. \u201cSe validar isso, acaba a Previd\u00eancia\u201d, disse. \u201c\u00c9 uma fraude trabalhista.\u201d<\/p>\n<p><related-posts class=\"border-y border-gray-300 py-5\"><\/p>\n<h2 class=\"!text-2xl text-black font-primary font-semibold leading-none mb-3\">\n    Leia mais:<br \/>\n  <\/h2>\n<p><\/related-posts><\/p>\n<h2 class=\"wp-block-heading\">INSS no olho do furac\u00e3o<\/h2>\n<p>Durante a entrevista, Marinho tamb\u00e9m abordou medidas recentes para ampliar o acesso ao cr\u00e9dito consignado por trabalhadores da iniciativa privada, por meio do programa \u201cCr\u00e9dito do Trabalhador\u201d, que j\u00e1 emprestou quase R$ 9 bilh\u00f5es a mais de 1,6 milh\u00e3o de brasileiros.<\/p>\n<p>A proposta, segundo ele, mira especialmente empregados de baixa renda que antes n\u00e3o conseguiam acessar cr\u00e9dito a juros razo\u00e1veis. \u201c\u00c9 para o trabalhador que ganha um sal\u00e1rio m\u00ednimo, dois sal\u00e1rios m\u00ednimos\u2026 que pagava juros de 10%, at\u00e9 20% com agiota\u201d, explicou.<\/p>\n<p>O ministro ressaltou que uma nova funcionalidade ser\u00e1 lan\u00e7ada em maio: a portabilidade de consignados, que permite aos bancos disputar o cliente com taxas mais baixas, numa esp\u00e9cie de leil\u00e3o de cr\u00e9dito. \u201cO trabalhador tem que ser o protagonista de qual juros que ele vai pagar\u201d, afirmou.<\/p>\n<figure class=\"wp-block-image aligncenter size-full is-resized\"><img fetchpriority=\"high\" decoding=\"async\" width=\"1170\" height=\"700\" src=\"https:\/\/medias.revistaoeste.com\/wp-content\/uploads\/2025\/04\/inss.webp\" alt=\"INSS\" class=\"wp-image-1972070\" style=\"width:770px;height:auto\" srcset=\"https:\/\/medias.revistaoeste.com\/wp-content\/uploads\/2025\/04\/inss.webp 1170w, https:\/\/medias.revistaoeste.com\/wp-content\/uploads\/2025\/04\/inss-300x179.webp 300w, https:\/\/medias.revistaoeste.com\/wp-content\/uploads\/2025\/04\/inss-150x90.webp 150w\" sizes=\"(max-width: 1170px) 100vw, 1170px\"\/><figcaption class=\"wp-element-caption\">De 2016 a 2024, foram feitos quase R$ 8 bilh\u00f5es em descontos irregulares nas aposentadorias | Foto: Rafa Neddermeyer\/ Ag\u00eancia Brasi<\/figcaption><\/figure>\n<p>No entanto, <strong>o programa foi alvo de cr\u00edticas<\/strong> nas redes sociais por suas altas taxas de juros. O servi\u00e7o permite que os trabalhadores acessem empr\u00e9stimos atrav\u00e9s de seu Fundo de Garantia por Tempo de Servi\u00e7o (FGTS) como garantia, com o objetivo de oferecer op\u00e7\u00f5es de cr\u00e9dito mais acess\u00edveis e ajudar na gest\u00e3o de d\u00edvidas.<\/p>\n<p>Uma simula\u00e7\u00e3o publicada pelo jornal <em>O Estado de S.Paulo<\/em> mostrou que, para um empr\u00e9stimo de R$ 1 mil a ser pago em 12 meses, o reembolso total seria de R$ 1,2 mil, o que representa uma taxa de juros mensal de 3,04% e anual de aproximadamente 43,26%.<\/p>\n<p>No entanto, trabalhadores relataram que as taxas podem variar ainda mais. Uma postagem do jornalista Bruno Giovanni, por exemplo, mostra uma simula\u00e7\u00e3o que oferece taxas de at\u00e9 5,5% ao m\u00eas, o que equivale a cerca de 90,12% ao ano.<\/p>\n<p><strong>Leia tamb\u00e9m:\u00a0\u201cDitadura escancarada\u201d, reportagem de Cristyan Costa publicada na Edi\u00e7\u00e3o 230 da Revista Oeste<\/strong><\/p>\n<\/p><\/div>\n<p><br \/>\n<br \/>Fonte: <a href=\"https:\/\/revistaoeste.com\/politica\/fraude-no-inss-vamos-virar-essa-pagina-diz-luiz-marinho\/\">Ag\u00eancia Brasil<\/a><\/p>\n","protected":false},"excerpt":{"rendered":"<p>Na v\u00e9spera do Dia do Trabalhador, o ministro do Trabalho e Emprego, Luiz Marinho, abordou a recente opera\u00e7\u00e3o da Pol\u00edcia Federal (PF) contra o Instituto Nacional do Seguro Social (INSS) em entrevista \u00e0 Empresa Brasil de Comunica\u00e7\u00e3o (EBC) nesta quarta-feira, 30. Sobre a Opera\u00e7\u00e3o Sem Desconto, que revelou irregularidades em descontos indevidos em benef\u00edcios do [&hellip;]<\/p>\n","protected":false},"author":5,"featured_media":16883,"comment_status":"open","ping_status":"open","sticky":false,"template":"","format":"standard","meta":{"_seopress_robots_primary_cat":"","_seopress_titles_title":"","_seopress_titles_desc":"","_seopress_robots_index":"","footnotes":""},"categories":[47,1],"tags":[],"class_list":["post-16882","post","type-post","status-publish","format-standard","has-post-thumbnail","hentry","category-politica","category-ultimas-noticias"],"_links":{"self":[{"href":"https:\/\/mussicom.com\/noticias\/wp-json\/wp\/v2\/posts\/16882","targetHints":{"allow":["GET"]}}],"collection":[{"href":"https:\/\/mussicom.com\/noticias\/wp-json\/wp\/v2\/posts"}],"about":[{"href":"https:\/\/mussicom.com\/noticias\/wp-json\/wp\/v2\/types\/post"}],"author":[{"embeddable":true,"href":"https:\/\/mussicom.com\/noticias\/wp-json\/wp\/v2\/users\/5"}],"replies":[{"embeddable":true,"href":"https:\/\/mussicom.com\/noticias\/wp-json\/wp\/v2\/comments?post=16882"}],"version-history":[{"count":0,"href":"https:\/\/mussicom.com\/noticias\/wp-json\/wp\/v2\/posts\/16882\/revisions"}],"wp:featuredmedia":[{"embeddable":true,"href":"https:\/\/mussicom.com\/noticias\/wp-json\/wp\/v2\/media\/16883"}],"wp:attachment":[{"href":"https:\/\/mussicom.com\/noticias\/wp-json\/wp\/v2\/media?parent=16882"}],"wp:term":[{"taxonomy":"category","embeddable":true,"href":"https:\/\/mussicom.com\/noticias\/wp-json\/wp\/v2\/categories?post=16882"},{"taxonomy":"post_tag","embeddable":true,"href":"https:\/\/mussicom.com\/noticias\/wp-json\/wp\/v2\/tags?post=16882"}],"curies":[{"name":"wp","href":"https:\/\/api.w.org\/{rel}","templated":true}]}}