{"id":16870,"date":"2025-04-30T18:40:30","date_gmt":"2025-04-30T21:40:30","guid":{"rendered":"https:\/\/mussicom.com\/sindicato-rejeita-proposta-e-ameaca-fazer-greve\/"},"modified":"2025-04-30T18:40:30","modified_gmt":"2025-04-30T21:40:30","slug":"sindicato-rejeita-proposta-e-ameaca-fazer-greve","status":"publish","type":"post","link":"https:\/\/mussicom.com\/noticias\/sindicato-rejeita-proposta-e-ameaca-fazer-greve\/","title":{"rendered":"sindicato rejeita proposta e amea\u00e7a fazer greve\u00a0"},"content":{"rendered":"<p> <br \/>\n<\/p>\n<div id=\"hd80s9wa1h892edh8192\">\n<p>O Sindicato dos Metal\u00fargicos de S\u00e3o Jos\u00e9 dos Campos emitiu uma nota na tarde desta ter\u00e7a-feira, 29, em que anuncia a possibilidade de <strong>mobilizar uma greve de funcion\u00e1rios<\/strong> na principal unidade da Embraer no Vale do Para\u00edba. Os sindicalistas reclamam da Participa\u00e7\u00e3o nos Lucros e Resultados (PLR).<\/p>\n<p>Conforme o sindicato, a proposta que a Embraer apresentou atinge, no m\u00e1ximo, 125% do sal\u00e1rio de cada trabalhador. \u201cO percentual, no entanto, \u00e9 definido unilateralmente pela Embraer, sem negocia\u00e7\u00e3o direta com os representantes sindicais\u201d, afirma a nota.\u00a0<\/p>\n<h2 class=\"wp-block-heading\"><strong>Crescimento da Embraer \u00e9 um dos argumentos<\/strong><\/h2>\n<p>Os sindicalistas reconhecem a exist\u00eancia de uma comiss\u00e3o interna para discutir a proposta, por\u00e9m, argumentam que essa comiss\u00e3o est\u00e1 sob controle da \u00e1rea de Recursos Humanos da empresa. Para a entidade, \u201cisso enfraquece a transpar\u00eancia do processo e compromete a legitimidade das decis\u00f5es\u201d.<\/p>\n<p>A mobiliza\u00e7\u00e3o sustenta que a <strong>Embraer registrou em 2024 um desempenho financeiro recorde<\/strong>, com R$ 35,4 bilh\u00f5es em receita. Esse valor corresponderia a um crescimento de 700% no lucro em compara\u00e7\u00e3o com o ano anterior. \u201cApesar dos n\u00fameros expressivos, os funcion\u00e1rios alegam que os valores repassados n\u00e3o refletem o esfor\u00e7o coletivo que contribuiu diretamente para esse desempenho\u201d, afirma o movimento.\u00a0<\/p>\n<figure class=\"wp-block-embed is-type-video is-provider-youtube wp-block-embed-youtube wp-embed-aspect-16-9 wp-has-aspect-ratio\">\n<div class=\"wp-block-embed__wrapper\">\n<div class=\"perfmatters-lazy-youtube\" data-src=\"https:\/\/www.youtube.com\/embed\/66rz69hLtno\" data-id=\"66rz69hLtno\" data-query=\"feature=oembed\" onclick=\"perfmattersLazyLoadYouTube(this);\">\n<div><img fetchpriority=\"high\" decoding=\"async\" src=\"https:\/\/i.ytimg.com\/vi\/66rz69hLtno\/hqdefault.jpg\" alt=\"YouTube video\" width=\"480\" height=\"360\" data-pin-nopin=\"true\" nopin=\"nopin\"\/><\/div>\n<\/div>\n<p><noscript><iframe title=\"Sob Lula, arrecada\u00e7\u00e3o de sindicatos e \u00f3rg\u00e3os associativos via folha do INSS cresceu vertiginosamente\" width=\"800\" height=\"450\" src=\"https:\/\/www.youtube.com\/embed\/66rz69hLtno?feature=oembed\" frameborder=\"0\" allow=\"accelerometer; autoplay; clipboard-write; encrypted-media; gyroscope; picture-in-picture; web-share\" referrerpolicy=\"strict-origin-when-cross-origin\" allowfullscreen><\/iframe><\/noscript>\n<\/div>\n<\/figure>\n<p>Na avalia\u00e7\u00e3o do sindicato, o modelo atual da proposta favorece disparidades e ignora o princ\u00edpio de distribui\u00e7\u00e3o justa. \u201cBatemos todas as metas e, mesmo assim, a empresa insiste em manter uma PLR limitada e desigual. Se apenas 2% da receita fosse destinada a esse pagamento, cada trabalhador poderia receber cerca de R$ 35 mil, de forma igualit\u00e1ria\u201d, diz o diretor do sindicato e funcion\u00e1rio da Embraer, Herbert Claros.<\/p>\n<p>Diante da rejei\u00e7\u00e3o da proposta, o sindicato afirma que ir\u00e1 intensificar a press\u00e3o para que a empresa abra um canal de negocia\u00e7\u00e3o efetivo. Enquanto isso, os trabalhadores permanecem mobilizados e em estado de greve, aguardando um posicionamento da fabricante de aeronaves. Procurada pela reportagem da <strong>Oeste<\/strong>, a Embraer informou por e-mail que \u201ca PLR vem sendo incrementada anualmente, acumulando um aumento de 278% nos \u00faltimos cinco anos\u201d.<\/p>\n<p>+ <strong>Leia mais not\u00edcias de <\/strong><strong>Economia <\/strong><strong>na Oeste<\/strong><\/p>\n<\/p><\/div>\n<p><br \/>\n<br \/>Fonte: <a href=\"https:\/\/revistaoeste.com\/economia\/embraer-sindicato-rejeita-proposta-de-plr-e-ameaca-fazer-greve-no-vale-do-paraiba\/\">Revista oeste<\/a><\/p>\n","protected":false},"excerpt":{"rendered":"<p>O Sindicato dos Metal\u00fargicos de S\u00e3o Jos\u00e9 dos Campos emitiu uma nota na tarde desta ter\u00e7a-feira, 29, em que anuncia a possibilidade de mobilizar uma greve de funcion\u00e1rios na principal unidade da Embraer no Vale do Para\u00edba. Os sindicalistas reclamam da Participa\u00e7\u00e3o nos Lucros e Resultados (PLR). Conforme o sindicato, a proposta que a Embraer [&hellip;]<\/p>\n","protected":false},"author":5,"featured_media":16871,"comment_status":"open","ping_status":"open","sticky":false,"template":"","format":"standard","meta":{"_seopress_robots_primary_cat":"","_seopress_titles_title":"","_seopress_titles_desc":"","_seopress_robots_index":"","footnotes":""},"categories":[45],"tags":[],"class_list":["post-16870","post","type-post","status-publish","format-standard","has-post-thumbnail","hentry","category-economia"],"_links":{"self":[{"href":"https:\/\/mussicom.com\/noticias\/wp-json\/wp\/v2\/posts\/16870","targetHints":{"allow":["GET"]}}],"collection":[{"href":"https:\/\/mussicom.com\/noticias\/wp-json\/wp\/v2\/posts"}],"about":[{"href":"https:\/\/mussicom.com\/noticias\/wp-json\/wp\/v2\/types\/post"}],"author":[{"embeddable":true,"href":"https:\/\/mussicom.com\/noticias\/wp-json\/wp\/v2\/users\/5"}],"replies":[{"embeddable":true,"href":"https:\/\/mussicom.com\/noticias\/wp-json\/wp\/v2\/comments?post=16870"}],"version-history":[{"count":0,"href":"https:\/\/mussicom.com\/noticias\/wp-json\/wp\/v2\/posts\/16870\/revisions"}],"wp:featuredmedia":[{"embeddable":true,"href":"https:\/\/mussicom.com\/noticias\/wp-json\/wp\/v2\/media\/16871"}],"wp:attachment":[{"href":"https:\/\/mussicom.com\/noticias\/wp-json\/wp\/v2\/media?parent=16870"}],"wp:term":[{"taxonomy":"category","embeddable":true,"href":"https:\/\/mussicom.com\/noticias\/wp-json\/wp\/v2\/categories?post=16870"},{"taxonomy":"post_tag","embeddable":true,"href":"https:\/\/mussicom.com\/noticias\/wp-json\/wp\/v2\/tags?post=16870"}],"curies":[{"name":"wp","href":"https:\/\/api.w.org\/{rel}","templated":true}]}}