{"id":16820,"date":"2025-04-30T15:23:37","date_gmt":"2025-04-30T18:23:37","guid":{"rendered":"https:\/\/mussicom.com\/demitida-nisia-trindade-recebe-quarentena-de-r-265-mil\/"},"modified":"2025-04-30T15:23:37","modified_gmt":"2025-04-30T18:23:37","slug":"demitida-nisia-trindade-recebe-quarentena-de-r-265-mil","status":"publish","type":"post","link":"https:\/\/mussicom.com\/noticias\/demitida-nisia-trindade-recebe-quarentena-de-r-265-mil\/","title":{"rendered":"Demitida, N\u00edsia Trindade recebe quarentena de R$ 265 mil"},"content":{"rendered":"<p> <br \/>\n<\/p>\n<div id=\"hd80s9wa1h892edh8192\">\n<p>Depois de ser demitida do <strong>governo Lula<\/strong> em 25 de fevereiro, a ex-ministra da Sa\u00fade <strong>N\u00edsia Trindade<\/strong> recebeu uma quarentena remunerada da <strong>Comiss\u00e3o de \u00c9tica P\u00fablica da Presid\u00eancia da Rep\u00fablica<\/strong>. Durante seis meses, ela continuar\u00e1 a receber seu sal\u00e1rio mensal de R$ 44.008,52, totalizando R$ 265 mil.<\/p>\n<p>A decis\u00e3o foi tomada em uma reuni\u00e3o da comiss\u00e3o na segunda-feira 28. Essa medida visa a evitar conflitos de interesse, impedindo que ex-integrantes do governo utilizem suas influ\u00eancias em fun\u00e7\u00f5es no setor privado.<\/p>\n<p><strong>+ Em despedida do Minist\u00e9rio da Sa\u00fade, N\u00edsia Trindade diz ter sido alvo de \u2018campanha mis\u00f3gina\u2019<\/strong><\/p>\n<p>N\u00edsia Trindade informou ao portal Metr\u00f3poles que retomar\u00e1 suas atividades como pesquisadora na Funda\u00e7\u00e3o Oswaldo Cruz (Fiocruz), onde \u00e9 servidora concursada. <\/p>\n<blockquote class=\"wp-block-quote is-layout-flow wp-block-quote-is-layout-flow\">\n<p>\u201cN\u00e3o h\u00e1 contradi\u00e7\u00e3o entre estar em quarentena, conforme previsto na legisla\u00e7\u00e3o, e retomar minhas atividades como pesquisadora da Fiocruz, o que, a rigor, nunca deixei de exercer\u201d, disse.<\/p>\n<\/blockquote>\n<h2 class=\"wp-block-heading\">Al\u00e9m de N\u00edsia: outros beneficiados pela quarentena remunerada<\/h2>\n<figure class=\"wp-block-image aligncenter size-full is-resized\"><picture><source data-srcset=\"https:\/\/medias.revistaoeste.com\/wp-content\/uploads\/2025\/02\/Janja-scaled.jpg.webp 2560w, https:\/\/medias.revistaoeste.com\/wp-content\/uploads\/2025\/02\/Janja-300x200.jpg.webp 300w, https:\/\/medias.revistaoeste.com\/wp-content\/uploads\/2025\/02\/Janja-150x100.jpg.webp 150w\" data-sizes=\"(max-width: 2560px) 100vw, 2560px\" type=\"image\/webp\"><img fetchpriority=\"high\" decoding=\"async\" width=\"2560\" height=\"1707\" src=\"https:\/\/medias.revistaoeste.com\/wp-content\/uploads\/2025\/02\/Janja-scaled.jpg\" alt=\"Janja tem sido criticada at\u00e9 por integrantes do Pal\u00e1cio do Planalto | Foto: Fernando Fraz\u00e3o\/Ag\u00eancia Brasil\" class=\"wp-image-1896838\" style=\"width:559px;height:auto\" srcset=\"https:\/\/medias.revistaoeste.com\/wp-content\/uploads\/2025\/02\/Janja-scaled.jpg 2560w, https:\/\/medias.revistaoeste.com\/wp-content\/uploads\/2025\/02\/Janja-300x200.jpg 300w, https:\/\/medias.revistaoeste.com\/wp-content\/uploads\/2025\/02\/Janja-150x100.jpg 150w\" sizes=\"(max-width: 2560px) 100vw, 2560px\" data-eio=\"p\"\/><\/source><\/picture><figcaption class=\"wp-element-caption\">N\u00edsia Trindade n\u00e3o \u00e9 a \u00fanica a receber remunera\u00e7\u00e3o depois de demiss\u00e3o; aliada de Janja foi contemplada | Foto: Fernando Fraz\u00e3o\/Ag\u00eancia Brasil<\/figcaption><\/figure>\n<p>Al\u00e9m de N\u00edsia, a ex-secret\u00e1ria de Estrat\u00e9gia e Redes da Secretaria de Comunica\u00e7\u00e3o (Secom), Brunna Rosa Alfaia, tamb\u00e9m foi contemplada com a quarentena remunerada. <\/p>\n<p>Ela foi exonerada em 17 de janeiro, depois da chegada do atual ministro da Secom, Sid\u00f4nio Palmeira. Brunna, que \u00e9 aliada da primeira-dama Janja da Silva, tinha um sal\u00e1rio de R$ 18.469,94.<\/p>\n<p>O objetivo da quarentena \u00e9 evitar o uso indevido de informa\u00e7\u00f5es privilegiadas adquiridas durante o servi\u00e7o p\u00fablico. <\/p>\n<p>A legisla\u00e7\u00e3o vigente, Lei n\u00ba 12.813\/2013, exige que ex-ocupantes de cargos estrat\u00e9gicos notifiquem a Comiss\u00e3o de \u00c9tica P\u00fablica sobre convites recebidos de entidades privadas.<\/p>\n<p>Essa pr\u00e1tica busca garantir a integridade nas transi\u00e7\u00f5es de fun\u00e7\u00f5es para o setor privado, evitando a chamada \u201cporta girat\u00f3ria\u201d.<\/p>\n<p><strong>+ Leia mais not\u00edcias de Pol\u00edtica em Oeste<\/strong><\/p>\n<\/p><\/div>\n<p><br \/>\n<br \/>Fonte: <a href=\"https:\/\/revistaoeste.com\/politica\/demitida-nisia-trindade-recebe-quarentena-remunerada-de-r-265-mil\/\">Ag\u00eancia Brasil<\/a><\/p>\n","protected":false},"excerpt":{"rendered":"<p>Depois de ser demitida do governo Lula em 25 de fevereiro, a ex-ministra da Sa\u00fade N\u00edsia Trindade recebeu uma quarentena remunerada da Comiss\u00e3o de \u00c9tica P\u00fablica da Presid\u00eancia da Rep\u00fablica. Durante seis meses, ela continuar\u00e1 a receber seu sal\u00e1rio mensal de R$ 44.008,52, totalizando R$ 265 mil. A decis\u00e3o foi tomada em uma reuni\u00e3o da [&hellip;]<\/p>\n","protected":false},"author":5,"featured_media":16821,"comment_status":"open","ping_status":"open","sticky":false,"template":"","format":"standard","meta":{"_seopress_robots_primary_cat":"","_seopress_titles_title":"","_seopress_titles_desc":"","_seopress_robots_index":"","footnotes":""},"categories":[47,1],"tags":[],"class_list":["post-16820","post","type-post","status-publish","format-standard","has-post-thumbnail","hentry","category-politica","category-ultimas-noticias"],"_links":{"self":[{"href":"https:\/\/mussicom.com\/noticias\/wp-json\/wp\/v2\/posts\/16820","targetHints":{"allow":["GET"]}}],"collection":[{"href":"https:\/\/mussicom.com\/noticias\/wp-json\/wp\/v2\/posts"}],"about":[{"href":"https:\/\/mussicom.com\/noticias\/wp-json\/wp\/v2\/types\/post"}],"author":[{"embeddable":true,"href":"https:\/\/mussicom.com\/noticias\/wp-json\/wp\/v2\/users\/5"}],"replies":[{"embeddable":true,"href":"https:\/\/mussicom.com\/noticias\/wp-json\/wp\/v2\/comments?post=16820"}],"version-history":[{"count":0,"href":"https:\/\/mussicom.com\/noticias\/wp-json\/wp\/v2\/posts\/16820\/revisions"}],"wp:featuredmedia":[{"embeddable":true,"href":"https:\/\/mussicom.com\/noticias\/wp-json\/wp\/v2\/media\/16821"}],"wp:attachment":[{"href":"https:\/\/mussicom.com\/noticias\/wp-json\/wp\/v2\/media?parent=16820"}],"wp:term":[{"taxonomy":"category","embeddable":true,"href":"https:\/\/mussicom.com\/noticias\/wp-json\/wp\/v2\/categories?post=16820"},{"taxonomy":"post_tag","embeddable":true,"href":"https:\/\/mussicom.com\/noticias\/wp-json\/wp\/v2\/tags?post=16820"}],"curies":[{"name":"wp","href":"https:\/\/api.w.org\/{rel}","templated":true}]}}