{"id":16594,"date":"2025-04-29T19:53:58","date_gmt":"2025-04-29T22:53:58","guid":{"rendered":"https:\/\/mussicom.com\/gear-5-do-brasil-animador-confirma-inspiracao-em-capoeira-para-one-piece\/"},"modified":"2025-04-29T19:53:58","modified_gmt":"2025-04-29T22:53:58","slug":"gear-5-do-brasil-animador-confirma-inspiracao-em-capoeira-para-one-piece","status":"publish","type":"post","link":"https:\/\/mussicom.com\/noticias\/gear-5-do-brasil-animador-confirma-inspiracao-em-capoeira-para-one-piece\/","title":{"rendered":"Gear 5 do Brasil! Animador confirma inspira\u00e7\u00e3o em Capoeira para One Piece"},"content":{"rendered":"<p> <br \/>\n<\/p>\n<div id=\"\">\n<figure class=\"tec--article__image__container\" id=\"js-article-image\"><picture>  <\/picture>\n<p>Imagem: Divulga\u00e7\u00e3o\/Toei Animation<\/p>\n<\/figure>\n<\/div>\n<div>\n<p class=\"MsoNormal\" style=\"text-align:justify\">Lan\u00e7ado no Brasil no dia 27 de abril, o epis\u00f3dio 1127 do anime de One Piece trouxe uma batalha impressionante de Luffy contra Kizaru. Usando o poder concedido pelo Gear 5, o her\u00f3i da hist\u00f3ria mostrou habilidades de luta bastante avan\u00e7adas e livres \u2014 e que tiveram a capoeira brasileira como principal inspira\u00e7\u00e3o.<\/p>\n<p class=\"MsoNormal\" style=\"text-align:justify\">Quem confirmou isso foi o famoso animador Vincent Chansard, que colaborou diretamente no cap\u00edtulo. Em uma s\u00e9rie de publica\u00e7\u00f5es no X, ele compartilhou algumas das anota\u00e7\u00f5es que fez enquanto trabalhava no desenvolvimento da cena que j\u00e1 \u00e9 considerada uma das favoritas entre muitos f\u00e3s.<\/p>\n<h2 class=\"MsoNormal\" style=\"text-align:justify\">Gear 5 de One Piece foi inspirado pela capoeira brasileira<\/h2>\n<p class=\"MsoNormal\" style=\"text-align:justify\">Segundo Chansard, sua escolha pela capoeira est\u00e1 relacionada ao fato de que<strong> Eichiro Oda tamb\u00e9m se inspirou no Brasil <\/strong><strong>na hora de criar Luffy <\/strong><strong>e o Gear 5<\/strong>. Ao assumir esse n\u00edvel de poder, Luffy ganha flexibilidade e durabilidade extremas, al\u00e9m de ter a cor de seu cabelo, sobrancelhas e olhos transformadas.<\/p>\n<div class=\"raw-html-embed\">\n<blockquote class=\"twitter-tweet\">\n<p lang=\"en\" dir=\"ltr\">Capoeira \u2014 because of its connection to Brazil (where Oda took inspiration from) and its ties to the idea of freedom. Plus, it gives Luffy that bouncy, aerial and grounded playful motion that fits Gear 5. 18\/25<\/p>\n<p>\u2014 Chansard Vincent (@Sparkleredpanda) <a href=\"https:\/\/twitter.com\/Sparkleredpanda\/status\/1916752643864822018?ref_src=twsrc%5Etfw\">April 28, 2025<\/a><\/p><\/blockquote>\n<\/div>\n<p class=\"MsoNormal\" style=\"text-align:justify\">Para completar, o ritmo do batimento do cora\u00e7\u00e3o do her\u00f3i muda, fazendo com que ele pare\u00e7a parte de uma m\u00fasica. Segundo o animador, a arte marcial tamb\u00e9m d\u00e1 ao personagem \u201caquele movimento l\u00fadico, a\u00e9reo e terrestre que se encaixa no Gear 5\u201d. Confira outras curiosidades compartilhadas por ele:<\/p>\n<ul>\n<li style=\"text-align:justify\">A luta foi feita para representar a diferen\u00e7a entre a \u201cluz natural\u201d e aquela feita de maneira artificial;<\/li>\n<li style=\"text-align:justify\">O animador considera que o confronto tamb\u00e9m representa o embate entre a ordem e o caos;<\/li>\n<li style=\"text-align:justify\">O estilo de luta de Kizaru, que usa diversos chutes, foi inspirado pelo Tae Kwon Do;<\/li>\n<li style=\"text-align:justify\">A luta serve como uma prova de que o Luffy no Gear 5 n\u00e3o \u00e9 uma melhoria pequena em rela\u00e7\u00e3o ao Gear 4;<\/li>\n<li style=\"text-align:justify\">O Estilo do Punho B\u00eabado de Kung Fu tamb\u00e9m foi usado para criar a maneira como Luffy luta.<\/li>\n<\/ul>\n<h2 class=\"MsoNormal\" style=\"text-align:justify\">Onde acompanhar o anime no Brasil?<\/h2>\n<p class=\"MsoNormal\" style=\"text-align:justify\">Dentro do universo criado por Eichiro Oda, o Gear 5 pode ser considerado como a transforma\u00e7\u00e3o definitiva de Luffy \u2014 ao menos at\u00e9 agora. Ela apareceu pela primeira vez no cap\u00edtulo 1044 do mang\u00e1, publicado em mar\u00e7o de 2022, e no epis\u00f3dio 1071 do anime, que foi ao ar no dia 6 de agosto de 2023.<\/p>\n<p><span><iframe title=\"Luffy vs Kizaru! | One Piece 1127 #egghead\" width=\"800\" height=\"450\" src=\"https:\/\/www.youtube.com\/embed\/AQ3JfGyCuqE?feature=oembed\" frameborder=\"0\" allow=\"accelerometer; autoplay; clipboard-write; encrypted-media; gyroscope; picture-in-picture; web-share\" referrerpolicy=\"strict-origin-when-cross-origin\" allowfullscreen><\/iframe><\/span><\/p>\n<p class=\"MsoNormal\" style=\"text-align:justify\">Ela surge do descobrimento de que a Fruta do Diabo engolida pelo personagem n\u00e3o era a Gomu Gomu no Mi, como se acreditava inicialmente. Na verdade, ele comeu a Hito Hito no Mi, Modelo: Nika, uma fruta m\u00edstica que permite que ele incorpore os poderes de Nika, o Deus do Sol, que \u00e9 conhecido pelas caracter\u00edsticas &#8220;irreverentes&#8221;.<\/p>\n<p class=\"MsoNormal\" style=\"text-align:justify\">No Brasil, One Piece est\u00e1 dispon\u00edvel no streaming pela Netflix, Max e Amazon Prime Video. No entanto, aqueles que desejam ter acesso \u00e0 aventura completa t\u00eam na Crunchyroll como melhor op\u00e7\u00e3o. A plataforma transmite os novos epis\u00f3dios de forma simult\u00e2nea ao Jap\u00e3o e j\u00e1 tem a luta completa entre Lufy e Kizaru em seu cat\u00e1logo.<\/p>\n<p class=\"MsoNormal\" style=\"text-align:justify\"><span style=\"box-sizing:border-box\" data-teams=\"true\">Comente nas redes sociais do Minha S\u00e9rie! Estamos no <\/span><span style=\"box-sizing:border-box\" data-teams=\"true\">Threads<\/span><span style=\"box-sizing:border-box\" data-teams=\"true\">, <\/span><span style=\"box-sizing:border-box\" data-teams=\"true\">Instagram<\/span><span style=\"box-sizing:border-box\" data-teams=\"true\">, <\/span><span style=\"box-sizing:border-box\" data-teams=\"true\">TikTok<\/span><span style=\"box-sizing:border-box\" data-teams=\"true\"> e at\u00e9 mesmo no <\/span><span style=\"box-sizing:border-box\" data-teams=\"true\">WhatsApp.<\/span><span style=\"box-sizing:border-box\" data-teams=\"true\"> Venha acompanhar filmes e s\u00e9ries com a gente!<\/span><\/p>\n<\/div>\n<p><script async src=\"\/\/platform.twitter.com\/widgets.js\" charset=\"utf-8\"><\/script><script async src=\"\/\/www.instagram.com\/embed.js\"><\/script><script async src=\"\/\/www.tiktok.com\/embed.js\"><\/script><br \/>\n<br \/><br \/>\n<br \/>Fonte: <a href=\"https:\/\/www.tecmundo.com.br\/minha-serie\/601184-gear-5-do-brasil-animador-confirma-inspiracao-em-capoeira-para-one-piece.htm\">TecMundo<\/a><\/p>\n","protected":false},"excerpt":{"rendered":"<p>Imagem: Divulga\u00e7\u00e3o\/Toei Animation Lan\u00e7ado no Brasil no dia 27 de abril, o epis\u00f3dio 1127 do anime de One Piece trouxe uma batalha impressionante de Luffy contra Kizaru. Usando o poder concedido pelo Gear 5, o her\u00f3i da hist\u00f3ria mostrou habilidades de luta bastante avan\u00e7adas e livres \u2014 e que tiveram a capoeira brasileira como principal [&hellip;]<\/p>\n","protected":false},"author":5,"featured_media":16595,"comment_status":"open","ping_status":"open","sticky":false,"template":"","format":"standard","meta":{"_seopress_robots_primary_cat":"","_seopress_titles_title":"","_seopress_titles_desc":"","_seopress_robots_index":"","footnotes":""},"categories":[50],"tags":[],"class_list":["post-16594","post","type-post","status-publish","format-standard","has-post-thumbnail","hentry","category-tecnologia"],"_links":{"self":[{"href":"https:\/\/mussicom.com\/noticias\/wp-json\/wp\/v2\/posts\/16594","targetHints":{"allow":["GET"]}}],"collection":[{"href":"https:\/\/mussicom.com\/noticias\/wp-json\/wp\/v2\/posts"}],"about":[{"href":"https:\/\/mussicom.com\/noticias\/wp-json\/wp\/v2\/types\/post"}],"author":[{"embeddable":true,"href":"https:\/\/mussicom.com\/noticias\/wp-json\/wp\/v2\/users\/5"}],"replies":[{"embeddable":true,"href":"https:\/\/mussicom.com\/noticias\/wp-json\/wp\/v2\/comments?post=16594"}],"version-history":[{"count":0,"href":"https:\/\/mussicom.com\/noticias\/wp-json\/wp\/v2\/posts\/16594\/revisions"}],"wp:featuredmedia":[{"embeddable":true,"href":"https:\/\/mussicom.com\/noticias\/wp-json\/wp\/v2\/media\/16595"}],"wp:attachment":[{"href":"https:\/\/mussicom.com\/noticias\/wp-json\/wp\/v2\/media?parent=16594"}],"wp:term":[{"taxonomy":"category","embeddable":true,"href":"https:\/\/mussicom.com\/noticias\/wp-json\/wp\/v2\/categories?post=16594"},{"taxonomy":"post_tag","embeddable":true,"href":"https:\/\/mussicom.com\/noticias\/wp-json\/wp\/v2\/tags?post=16594"}],"curies":[{"name":"wp","href":"https:\/\/api.w.org\/{rel}","templated":true}]}}