{"id":16559,"date":"2025-04-29T16:57:32","date_gmt":"2025-04-29T19:57:32","guid":{"rendered":"https:\/\/mussicom.com\/deputado-propoe-lei-para-vetar-vermelho-em-uniforme-da-selecao\/"},"modified":"2025-04-29T16:57:32","modified_gmt":"2025-04-29T19:57:32","slug":"deputado-propoe-lei-para-vetar-vermelho-em-uniforme-da-selecao","status":"publish","type":"post","link":"https:\/\/mussicom.com\/noticias\/deputado-propoe-lei-para-vetar-vermelho-em-uniforme-da-selecao\/","title":{"rendered":"Deputado prop\u00f5e lei para vetar vermelho em uniforme da Sele\u00e7\u00e3o"},"content":{"rendered":"<p> <br \/>\n<\/p>\n<div id=\"hd80s9wa1h892edh8192\">\n<p>Nesta ter\u00e7a-feira, 29, o deputado federal Z\u00e9 Trov\u00e3o (PL-SC) apresentou na C\u00e2mara dos Deputados o <strong>Projeto de Lei 1.936\/202<\/strong>, que estabelece o uso obrigat\u00f3rio das cores verde, amarelo, azul e branco em entidades que representem oficialmente o Brasil, como a Sele\u00e7\u00e3o Brasileira.<\/p>\n<p><strong>+ Leia mais not\u00edcias de Pol\u00edtica em Oeste<\/strong><\/p>\n<p>Conforme o texto, essas cores, s\u00edmbolos da bandeira nacional, devem constar em uniformes e identidades visuais de entidades p\u00fablicas ou privadas que representem o pa\u00eds.<\/p>\n<p>A Confedera\u00e7\u00e3o Brasileira de Futebol (CBF), que supostamente planeja lan\u00e7ar um uniforme vermelho para a Sele\u00e7\u00e3o junto com a fornecedora de materiais esportivos Nike, seria uma das organiza\u00e7\u00f5es afetadas pela medida. <\/p>\n<blockquote class=\"twitter-tweet\">\n<p lang=\"pt\" dir=\"ltr\">Durante o programa desta segunda-feira (28), Galv\u00e3o e Amigos criticaram a camisa vermelha da Sele\u00e7\u00e3o Brasileira. <a href=\"https:\/\/t.co\/IzqabFEAle\">pic.twitter.com\/IzqabFEAle<\/a><\/p>\n<p>\u2014 Esporte Na Band (@esportenaband) <a href=\"https:\/\/twitter.com\/esportenaband\/status\/1917055585381474337?ref_src=twsrc%5Etfw\">April 29, 2025<\/a><\/p><\/blockquote>\n<p>O projeto se aplica a uniformes, materiais promocionais e identidade institucional de delega\u00e7\u00f5es esportivas, diplom\u00e1ticas, cient\u00edficas e culturais que atuem em nome do Brasil.<\/p>\n<h2 class=\"wp-block-heading\">Detalhes do projeto e implica\u00e7\u00f5es \u00e0 Sele\u00e7\u00e3o Brasileira<\/h2>\n<figure class=\"wp-block-image aligncenter size-full\"><picture><source data-srcset=\"https:\/\/medias.revistaoeste.com\/wp-content\/uploads\/2023\/06\/Embaixada-Portugal-Ameaca-Brasileiros.jpg.webp 811w, https:\/\/medias.revistaoeste.com\/wp-content\/uploads\/2023\/06\/Embaixada-Portugal-Ameaca-Brasileiros-300x229.jpg.webp 300w\" data-sizes=\"(max-width: 811px) 100vw, 811px\" type=\"image\/webp\"><img fetchpriority=\"high\" decoding=\"async\" width=\"811\" height=\"619\" src=\"https:\/\/medias.revistaoeste.com\/wp-content\/uploads\/2023\/06\/Embaixada-Portugal-Ameaca-Brasileiros.jpg\" alt=\"Embaixada Portugal Amea\u00e7a Brasileiros\" class=\"wp-image-959099\" srcset=\"https:\/\/medias.revistaoeste.com\/wp-content\/uploads\/2023\/06\/Embaixada-Portugal-Ameaca-Brasileiros.jpg 811w, https:\/\/medias.revistaoeste.com\/wp-content\/uploads\/2023\/06\/Embaixada-Portugal-Ameaca-Brasileiros-300x229.jpg 300w\" sizes=\"(max-width: 811px) 100vw, 811px\" data-eio=\"p\"\/><\/source><\/picture><figcaption class=\"wp-element-caption\">Atacante da Sele\u00e7\u00e3o Brasileira Vini Jr., com tradicional uniforme amarelo | Foto: Reprodu\u00e7\u00e3o\/Twitter<\/figcaption><\/figure>\n<p>De acordo com o texto, a representa\u00e7\u00e3o oficial abrange participa\u00e7\u00f5es com delega\u00e7\u00e3o, chancela ou financiamento p\u00fablico, total ou parcial. Entre as san\u00e7\u00f5es para o n\u00e3o cumprimento, est\u00e3o advert\u00eancias, suspens\u00e3o de repasses p\u00fablicos e, em casos graves, impedimento de representar o Brasil oficialmente por at\u00e9 dois anos.<\/p>\n<figure class=\"wp-block-embed is-type-video is-provider-youtube wp-block-embed-youtube wp-embed-aspect-16-9 wp-has-aspect-ratio\">\n<div class=\"wp-block-embed__wrapper\">\n<div class=\"perfmatters-lazy-youtube\" data-src=\"https:\/\/www.youtube.com\/embed\/4d2izuam8V0\" data-id=\"4d2izuam8V0\" data-query=\"feature=oembed\" onclick=\"perfmattersLazyLoadYouTube(this);\">\n<div><img decoding=\"async\" alt=\"YouTube video\" width=\"480\" height=\"360\" data-pin-nopin=\"true\" nopin=\"nopin\" class=\"perfmatters-lazy\" src=\"https:\/\/i.ytimg.com\/vi\/4d2izuam8V0\/hqdefault.jpg\"\/><img decoding=\"async\" src=\"https:\/\/i.ytimg.com\/vi\/4d2izuam8V0\/hqdefault.jpg\" alt=\"YouTube video\" width=\"480\" height=\"360\" data-pin-nopin=\"true\" nopin=\"nopin\"\/><\/div>\n<\/div>\n<p><noscript><iframe title=\"Nikolas Ferreira \u00e9 ovacionado durante jogo da sele\u00e7\u00e3o, na presen\u00e7a de ministros do STF\" width=\"800\" height=\"450\" src=\"https:\/\/www.youtube.com\/embed\/4d2izuam8V0?feature=oembed\" frameborder=\"0\" allow=\"accelerometer; autoplay; clipboard-write; encrypted-media; gyroscope; picture-in-picture; web-share\" referrerpolicy=\"strict-origin-when-cross-origin\" allowfullscreen><\/iframe><\/noscript>\n<\/div>\n<\/figure>\n<p>O deputado Z\u00e9 Trov\u00e3o afirma que a proposta visa a fortalecer o orgulho e o pertencimento nacional. \u201cA bandeira nacional \u00e9 o maior s\u00edmbolo de nossa identidade\u201d, afirmou o parlamentar. \u201cSuas cores carregam valores, hist\u00f3ria e a uni\u00e3o do povo brasileiro. \u00c9 essencial que, em todas as representa\u00e7\u00f5es oficiais, essa simbologia esteja presente de forma vis\u00edvel e respeitosa.\u201d<\/p>\n<p>Se aprovada, o Poder Executivo ter\u00e1 90 dias para regulamentar a nova lei e definir padr\u00f5es m\u00ednimos para o uso das cores, de modo a respeitar a identidade visual das entidades. A proposta n\u00e3o busca padronizar forma como as entidades se comunicam, mas garantir a conex\u00e3o com os s\u00edmbolos nacionais.<\/p>\n<p><strong>Leia tamb\u00e9m: \u201cA autogenerosidade da CBF\u201d, reportagem de Eugenio Goussinsky e Lucas Cheiddi publicada na Edi\u00e7\u00e3o 265 da Revista Oeste<\/strong><\/p>\n<p>O projeto de lei agora segue para an\u00e1lise das comiss\u00f5es da C\u00e2mara dos Deputados, onde ser\u00e1 discutido e poder\u00e1 ser alterado. <\/p>\n<\/p><\/div>\n<p><script async src=\"\/\/platform.twitter.com\/widgets.js\" charset=\"utf-8\"><\/script><br \/>\n<br \/><br \/>\n<br \/>Fonte: <a href=\"https:\/\/www.revistaoeste.com\/politica\/deputado-propoe-lei-para-vetar-vermelho-em-uniforme-da-selecao\/\">Ag\u00eancia Brasil<\/a><\/p>\n","protected":false},"excerpt":{"rendered":"<p>Nesta ter\u00e7a-feira, 29, o deputado federal Z\u00e9 Trov\u00e3o (PL-SC) apresentou na C\u00e2mara dos Deputados o Projeto de Lei 1.936\/202, que estabelece o uso obrigat\u00f3rio das cores verde, amarelo, azul e branco em entidades que representem oficialmente o Brasil, como a Sele\u00e7\u00e3o Brasileira. + Leia mais not\u00edcias de Pol\u00edtica em Oeste Conforme o texto, essas cores, [&hellip;]<\/p>\n","protected":false},"author":5,"featured_media":16560,"comment_status":"open","ping_status":"open","sticky":false,"template":"","format":"standard","meta":{"_seopress_robots_primary_cat":"","_seopress_titles_title":"","_seopress_titles_desc":"","_seopress_robots_index":"","footnotes":""},"categories":[47,1],"tags":[],"class_list":["post-16559","post","type-post","status-publish","format-standard","has-post-thumbnail","hentry","category-politica","category-ultimas-noticias"],"_links":{"self":[{"href":"https:\/\/mussicom.com\/noticias\/wp-json\/wp\/v2\/posts\/16559","targetHints":{"allow":["GET"]}}],"collection":[{"href":"https:\/\/mussicom.com\/noticias\/wp-json\/wp\/v2\/posts"}],"about":[{"href":"https:\/\/mussicom.com\/noticias\/wp-json\/wp\/v2\/types\/post"}],"author":[{"embeddable":true,"href":"https:\/\/mussicom.com\/noticias\/wp-json\/wp\/v2\/users\/5"}],"replies":[{"embeddable":true,"href":"https:\/\/mussicom.com\/noticias\/wp-json\/wp\/v2\/comments?post=16559"}],"version-history":[{"count":0,"href":"https:\/\/mussicom.com\/noticias\/wp-json\/wp\/v2\/posts\/16559\/revisions"}],"wp:featuredmedia":[{"embeddable":true,"href":"https:\/\/mussicom.com\/noticias\/wp-json\/wp\/v2\/media\/16560"}],"wp:attachment":[{"href":"https:\/\/mussicom.com\/noticias\/wp-json\/wp\/v2\/media?parent=16559"}],"wp:term":[{"taxonomy":"category","embeddable":true,"href":"https:\/\/mussicom.com\/noticias\/wp-json\/wp\/v2\/categories?post=16559"},{"taxonomy":"post_tag","embeddable":true,"href":"https:\/\/mussicom.com\/noticias\/wp-json\/wp\/v2\/tags?post=16559"}],"curies":[{"name":"wp","href":"https:\/\/api.w.org\/{rel}","templated":true}]}}