{"id":16552,"date":"2025-04-29T16:44:41","date_gmt":"2025-04-29T19:44:41","guid":{"rendered":"https:\/\/mussicom.com\/inscricoes-abertas-para-voluntarios-na-14a-acao-do-coracao\/"},"modified":"2025-04-29T16:44:41","modified_gmt":"2025-04-29T19:44:41","slug":"inscricoes-abertas-para-voluntarios-na-14a-acao-do-coracao","status":"publish","type":"post","link":"https:\/\/mussicom.com\/noticias\/inscricoes-abertas-para-voluntarios-na-14a-acao-do-coracao\/","title":{"rendered":"Inscri\u00e7\u00f5es abertas para volunt\u00e1rios na 14a. A\u00e7\u00e3o do Cora\u00e7\u00e3o"},"content":{"rendered":"<p> <br \/>\n<\/p>\n<p>\n\t\t\t\t\t\tO tema da edi\u00e7\u00e3o deste ano \u00e9 Cuidar Com Amor, com foco na sa\u00fade f\u00edsica, mental e espiritual.<br \/>\n\t\t\t\t\t\t &#8211; \t\t\t\t\t\tReprodu\u00e7\u00e3o\n\t\t\t\t\t<\/p>\n<div id=\"texto\">\n<p>O processo de ades\u00e3o para novos volunt\u00e1rios e recadastro para os que j\u00e1 participaram de edi\u00e7\u00f5es anteriores ocorre em duas etapas. Na primeira, os interessados podem se inscrever pelo site\u00a0https:\/\/aef.org.br\/seja-voluntario\/\u00a0e escolher onde e como pretendem atuar pelo evento. Em seguida, o grupo j\u00e1 definido realizar\u00e1 um treinamento presencial.<br \/>&#13;<br \/>\n\u00a0<br \/>&#13;<br \/>\nO tema da edi\u00e7\u00e3o deste ano \u00e9 Cuidar Com Amor, com foco na sa\u00fade f\u00edsica, mental e espiritual.<\/p>\n<p><em>&#8220;Vivemos um tempo de muita preocupa\u00e7\u00e3o com o corpo e a forma f\u00edsica. Isso \u00e9 importante, mas os cuidados com a mente e o esp\u00edrito precisam ser equivalentes. O mundo est\u00e1 diante de um descontrole emocional, \u00a0mostrando-se fr\u00e1gil, ansioso, n\u00e3o-linear e incompreens\u00edvel. A A\u00e7\u00e3o do Cora\u00e7\u00e3o, atrav\u00e9s da Associa\u00e7\u00e3o Eduardo Furkini, acredita no poder transformador que envolve o verdadeiro amor para cuidar desta tr\u00edade e despertar a consci\u00eancia do p\u00fablico<\/em>&#8220;, ressalta o ator e arte-educador Alexandre Camilo, idealizador da A\u00e7\u00e3o do Cora\u00e7\u00e3o.<\/p>\n<p><strong><em>Benef\u00edcios \u00e0 sa\u00fade \u2013\u00a0<\/em><\/strong>Diversos estudos cient\u00edficos apontam os benef\u00edcios que a pr\u00e1tica do voluntariado trazem \u00e0 sa\u00fade f\u00edsica, mental e espiritual. Um artigo da revista norte-americana Health Psychology, publicado em 2012, constatou que os participantes que se voluntariavam com alguma regularidade viviam com melhor qualidade de vida, especialmente quando suas inten\u00e7\u00f5es eram verdadeiramente altru\u00edstas. \u00a0<br \/>&#13;<br \/>\n\u00a0<br \/>&#13;<br \/>\nAtividades volunt\u00e1rias mant\u00e9m as pessoas se movendo e pensando ao mesmo tempo. Pesquisas apontam que \u00a0participar de projetos como volunt\u00e1rio diminui as taxas de depress\u00e3o e ansiedade, especialmente na faixa et\u00e1ria de 60 anos ou mais. Ao dedicar tempo para o servi\u00e7o ao pr\u00f3ximo, os volunt\u00e1rios relatam um senso de significado e apre\u00e7o, tanto dado quanto recebido, o que pode ter tamb\u00e9m um efeito redutor de estresse.<\/p>\n<p>Diversas raz\u00f5es podem motivar a pr\u00e1tica volunt\u00e1ria, como explorar carreiras, aprimorar habilidades, permanecer ativo durante a aposentadoria, conhecer novas pessoas e servir suas comunidades. E iniciativas como a A\u00e7\u00e3o do Cora\u00e7\u00e3o incentivam o desejo em comum de melhorar a sa\u00fade e o bem-estar n\u00e3o s\u00f3 dos envolvidos, como de seus familiares e amigos.<\/p>\n<p><strong><em>Hist\u00f3rico \u2013<\/em><\/strong>\u00a0Em 13 edi\u00e7\u00f5es, a A\u00e7\u00e3o do Cora\u00e7\u00e3o reuniu mais de 269 mil pessoas e distribuiu mais de 1,3 milh\u00e3o de cora\u00e7\u00f5es confeccionados pelos volunt\u00e1rios, al\u00e9m de mais de 325 toneladas de alimentos, 81 mil brinquedos e 561 mil pe\u00e7as de roupas. Desde 2020 o aplicativo oficial tamb\u00e9m recebe doa\u00e7\u00f5es.<\/p>\n<p>A campanha foi criada por Alexandre Camilo em mem\u00f3ria do irm\u00e3o, o ator Eduardo Furkini (1973-2011) ap\u00f3s terem presenciado juntos uma a\u00e7\u00e3o semelhante em uma viagem \u00e0 Europa e projetarem realiz\u00e1-la um dia no Brasil. Fundada em 2011, a Associa\u00e7\u00e3o Eduardo Furkini \u00e9 a realizadora da iniciativa desde ent\u00e3o. J\u00e1 o &#8220;Dia da A\u00e7\u00e3o do Cora\u00e7\u00e3o&#8221; integra o Calend\u00e1rio Oficial de Santos (Lei Municipal 2.884) desde 2012 e \u00e9 celebrado em 2 de agosto.<\/p>\n<\/p><\/div>\n<p><script async defer crossorigin=\"anonymous\" src=\"https:\/\/connect.facebook.net\/pt_BR\/sdk.js#xfbml=1&#038;version=v12.0&#038;appId=&#038;autoLogAppEvents=1\" nonce=\"ou0fI1lo\"><\/script><br \/>\n<br \/><br \/>\n<br \/>Fonte: <a href=\"https:\/\/www.bs9.com.br\/litoral\/inscricoes-abertas-para-voluntarios-na-14a-acao-do-coracao\/31315\/\">BS9<\/a><\/p>\n","protected":false},"excerpt":{"rendered":"<p>O tema da edi\u00e7\u00e3o deste ano \u00e9 Cuidar Com Amor, com foco na sa\u00fade f\u00edsica, mental e espiritual. &#8211; Reprodu\u00e7\u00e3o O processo de ades\u00e3o para novos volunt\u00e1rios e recadastro para os que j\u00e1 participaram de edi\u00e7\u00f5es anteriores ocorre em duas etapas. Na primeira, os interessados podem se inscrever pelo site\u00a0https:\/\/aef.org.br\/seja-voluntario\/\u00a0e escolher onde e como pretendem [&hellip;]<\/p>\n","protected":false},"author":5,"featured_media":16553,"comment_status":"open","ping_status":"open","sticky":false,"template":"","format":"standard","meta":{"_seopress_robots_primary_cat":"","_seopress_titles_title":"","_seopress_titles_desc":"","_seopress_robots_index":"","footnotes":""},"categories":[52],"tags":[],"class_list":["post-16552","post","type-post","status-publish","format-standard","has-post-thumbnail","hentry","category-santoseregiao"],"_links":{"self":[{"href":"https:\/\/mussicom.com\/noticias\/wp-json\/wp\/v2\/posts\/16552","targetHints":{"allow":["GET"]}}],"collection":[{"href":"https:\/\/mussicom.com\/noticias\/wp-json\/wp\/v2\/posts"}],"about":[{"href":"https:\/\/mussicom.com\/noticias\/wp-json\/wp\/v2\/types\/post"}],"author":[{"embeddable":true,"href":"https:\/\/mussicom.com\/noticias\/wp-json\/wp\/v2\/users\/5"}],"replies":[{"embeddable":true,"href":"https:\/\/mussicom.com\/noticias\/wp-json\/wp\/v2\/comments?post=16552"}],"version-history":[{"count":0,"href":"https:\/\/mussicom.com\/noticias\/wp-json\/wp\/v2\/posts\/16552\/revisions"}],"wp:featuredmedia":[{"embeddable":true,"href":"https:\/\/mussicom.com\/noticias\/wp-json\/wp\/v2\/media\/16553"}],"wp:attachment":[{"href":"https:\/\/mussicom.com\/noticias\/wp-json\/wp\/v2\/media?parent=16552"}],"wp:term":[{"taxonomy":"category","embeddable":true,"href":"https:\/\/mussicom.com\/noticias\/wp-json\/wp\/v2\/categories?post=16552"},{"taxonomy":"post_tag","embeddable":true,"href":"https:\/\/mussicom.com\/noticias\/wp-json\/wp\/v2\/tags?post=16552"}],"curies":[{"name":"wp","href":"https:\/\/api.w.org\/{rel}","templated":true}]}}