{"id":16546,"date":"2025-04-29T15:56:26","date_gmt":"2025-04-29T18:56:26","guid":{"rendered":"https:\/\/mussicom.com\/greve-de-fome-de-glauber-braga-foi-um-teatro-ridiculo\/"},"modified":"2025-04-29T15:56:26","modified_gmt":"2025-04-29T18:56:26","slug":"greve-de-fome-de-glauber-braga-foi-um-teatro-ridiculo","status":"publish","type":"post","link":"https:\/\/mussicom.com\/noticias\/greve-de-fome-de-glauber-braga-foi-um-teatro-ridiculo\/","title":{"rendered":"&#8216;Greve de fome de Glauber Braga foi um teatro rid\u00edculo&#8217;"},"content":{"rendered":"<p> <br \/>\n<\/p>\n<div id=\"hd80s9wa1h892edh8192\">\n<p>Na sess\u00e3o que pode resultar no encaminhamento do processo de cassa\u00e7\u00e3o de Glauber Braga (Psol-RJ) ao plen\u00e1rio da C\u00e2mara, o deputado federal Kim Kataguiri (Uni\u00e3o-SP) ironizou a greve de fome protagonizada pelo psolista neste m\u00eas.\u00a0<\/p>\n<p>Nesta ter\u00e7a-feira, 29, a Comiss\u00e3o de Constitui\u00e7\u00e3o e Justi\u00e7a (CCJ) da C\u00e2mara analisa o recurso de Glauber Braga contra a decis\u00e3o do Conselho de \u00c9tica de 9 de abril, que aprovou com 13 favor\u00e1veis a cassa\u00e7\u00e3o do psolista \u2013 foram 5 votos contr\u00e1rios, sem nenhuma absten\u00e7\u00e3o.\u00a0<\/p>\n<p><strong>+ Na CCJ, relator rejeita recurso de Glauber Braga contra cassa\u00e7\u00e3o<\/strong><\/p>\n<figure class=\"wp-block-embed is-type-rich is-provider-twitter wp-block-embed-twitter\">\n<div class=\"wp-block-embed__wrapper\">\n<blockquote class=\"twitter-tweet\" data-width=\"500\" data-dnt=\"true\">\n<p lang=\"pt\" dir=\"ltr\">O deputado federal Glauber Braga (Psol-RJ) encerrou sua greve de fome depois de nove dias. Durante o pedido, o parlamentar dormiu no plen\u00e1rio 5 da Casa, onde recebeu centenas de apoiadores e aliados pol\u00edticos.<\/p>\n<p>\ud83c\udfa5 Sarah Peres (<a href=\"https:\/\/twitter.com\/sarahperesjorn?ref_src=twsrc%5Etfw\">@sarahperesjorn<\/a>) <a href=\"https:\/\/t.co\/eh8KGIOoSE\">pic.twitter.com\/eh8KGIOoSE<\/a><\/p>\n<p>\u2014 Revista Oeste (@revistaoeste) <a href=\"https:\/\/twitter.com\/revistaoeste\/status\/1912994471848845454?ref_src=twsrc%5Etfw\">April 17, 2025<\/a><\/p><\/blockquote>\n<\/div>\n<\/figure>\n<p>Ao defender o prosseguimento da cassa\u00e7\u00e3o, Kataguiri definiu como um \u201cteatro rid\u00edculo\u201d a greve de fome de nove dias de Glauber Braga. Ele passou nove dias no plen\u00e1rio 5 da Casa, at\u00e9 conseguir um acordo com o presidente Hugo Motta (Republicanos-PB).<\/p>\n<p>\u201c\u00c9 a primeira greve de fome que eu vejo que o sujeito toma isot\u00f4nico e ingere carboidrato\u201d, declarou Kataguiri. \u201cPoderia ter durado 30 anos essa greve de fome, que ele ainda sobreviveria. [\u2026] Ele se preocupou em criar um circo, uma plataforma para atacar os seus advers\u00e1rios pol\u00edticos.\u201d<\/p>\n<p><strong>+ CCJ da C\u00e2mara vota recurso de Glauber\u00a0Braga<\/strong><\/p>\n<p>Kataguiri ainda disse que o parlamentar do Psol \u201cn\u00e3o cumpre a sua pr\u00f3pria palavra\u201d: \u201cEle dizia que queria levar o processo direto para o plen\u00e1rio, que sequer apresentaria recurso \u00e0 CCJ, mas talvez isso a\u00ed seja parte da negocia\u00e7\u00e3o com o deputado Hugo Motta\u201d.<\/p>\n<p>\u201cMas j\u00e1 me adiantando a essa aprova\u00e7\u00e3o do recurso, eu j\u00e1 trouxe aqui um <em>kit<\/em> para o deputado Glauber Braga ficar de novo a\u00ed em outra greve de fome: Tem pantufa, tem gorro e tem gatorade\u201d, ironizou o deputado.<\/p>\n<figure class=\"wp-block-image aligncenter size-full\"><picture><source data-srcset=\"https:\/\/medias.revistaoeste.com\/wp-content\/uploads\/2025\/04\/kit-glauber.jpg.webp 1600w, https:\/\/medias.revistaoeste.com\/wp-content\/uploads\/2025\/04\/kit-glauber-300x169.jpg.webp 300w, https:\/\/medias.revistaoeste.com\/wp-content\/uploads\/2025\/04\/kit-glauber-400x225.jpg.webp 400w, https:\/\/medias.revistaoeste.com\/wp-content\/uploads\/2025\/04\/kit-glauber-216x121.jpg.webp 216w, https:\/\/medias.revistaoeste.com\/wp-content\/uploads\/2025\/04\/kit-glauber-150x84.jpg.webp 150w\" data-sizes=\"(max-width: 1600px) 100vw, 1600px\" type=\"image\/webp\"><img fetchpriority=\"high\" decoding=\"async\" width=\"1600\" height=\"900\" src=\"https:\/\/medias.revistaoeste.com\/wp-content\/uploads\/2025\/04\/kit-glauber.jpg\" alt=\"kit glauber\" class=\"wp-image-1975672\" srcset=\"https:\/\/medias.revistaoeste.com\/wp-content\/uploads\/2025\/04\/kit-glauber.jpg 1600w, https:\/\/medias.revistaoeste.com\/wp-content\/uploads\/2025\/04\/kit-glauber-300x169.jpg 300w, https:\/\/medias.revistaoeste.com\/wp-content\/uploads\/2025\/04\/kit-glauber-400x225.jpg 400w, https:\/\/medias.revistaoeste.com\/wp-content\/uploads\/2025\/04\/kit-glauber-216x121.jpg 216w, https:\/\/medias.revistaoeste.com\/wp-content\/uploads\/2025\/04\/kit-glauber-150x84.jpg 150w\" sizes=\"(max-width: 1600px) 100vw, 1600px\" data-eio=\"p\"\/><\/source><\/picture><figcaption class=\"wp-element-caption\">Kataguiri levou um <i>kit<\/i> para Glauber Braga | Foto: Divulga\u00e7\u00e3o\/Equipe Kataguiri<\/figcaption><\/figure>\n<h2 class=\"wp-block-heading\"><strong>Glauber Braga tentou agredir Kataguiri<\/strong><\/h2>\n<p>O psolista enfrenta uma a\u00e7\u00e3o movida pelo Partido Novo depois de ter agredido com chutes Gabriel Costenaro, que na \u00e9poca era integrante do Movimento Brasil Livre (MBL). Na ocasi\u00e3o, o parlamentar do Psol tamb\u00e9m tentou agredir o deputado federal Kim Kataguiri.<\/p>\n<figure class=\"wp-block-embed is-type-rich is-provider-twitter wp-block-embed-twitter\"\/>\n<p>Nesta ter\u00e7a-feira, o deputado do Uni\u00e3o citou o caso: \u201cN\u00e3o bastasse essa atitude de agredir um cidad\u00e3o a pontap\u00e9s e expuls\u00e1-lo da C\u00e2mara dos Deputados, depois, o deputado Glauber Braga parte pra cima de mim e eu nem sequer tinha dirigido a palavra a ele\u201d.<\/p>\n<p>\u201cEle vem, isso est\u00e1 no processo\u201d, declarou. \u201cEle, assim como colegas de partido dele j\u00e1 fizeram e tamb\u00e9m alguns integrantes do Partido dos Trabalhadores \u2013 todos eles j\u00e1 felizmente condenados pela justi\u00e7a, transitado em julgado e j\u00e1 com a indeniza\u00e7\u00e3o caindo na minha conta \u2013 me acusou de ser defensor do nazismo e por isso tamb\u00e9m responde o processo\u201d, destacou.\u00a0<\/p>\n<figure class=\"wp-block-image aligncenter size-full\"><picture><source data-srcset=\"https:\/\/medias.revistaoeste.com\/wp-content\/uploads\/2025\/04\/glauber-braga-1.jpg.webp 1000w, https:\/\/medias.revistaoeste.com\/wp-content\/uploads\/2025\/04\/glauber-braga-1-300x185.jpg.webp 300w, https:\/\/medias.revistaoeste.com\/wp-content\/uploads\/2025\/04\/glauber-braga-1-150x92.jpg.webp 150w\" data-sizes=\"(max-width: 1000px) 100vw, 1000px\" type=\"image\/webp\"><img decoding=\"async\" width=\"1000\" height=\"616\" alt=\"glauber braga\" class=\"wp-image-1954247 perfmatters-lazy\" data-eio=\"p\" src=\"https:\/\/medias.revistaoeste.com\/wp-content\/uploads\/2025\/04\/glauber-braga-1.jpg\" srcset=\"https:\/\/medias.revistaoeste.com\/wp-content\/uploads\/2025\/04\/glauber-braga-1.jpg 1000w, https:\/\/medias.revistaoeste.com\/wp-content\/uploads\/2025\/04\/glauber-braga-1-300x185.jpg 300w, https:\/\/medias.revistaoeste.com\/wp-content\/uploads\/2025\/04\/glauber-braga-1-150x92.jpg 150w\" data-sizes=\"(max-width: 1000px) 100vw, 1000px\"\/><img decoding=\"async\" width=\"1000\" height=\"616\" src=\"https:\/\/medias.revistaoeste.com\/wp-content\/uploads\/2025\/04\/glauber-braga-1.jpg\" alt=\"glauber braga\" class=\"wp-image-1954247\" srcset=\"https:\/\/medias.revistaoeste.com\/wp-content\/uploads\/2025\/04\/glauber-braga-1.jpg 1000w, https:\/\/medias.revistaoeste.com\/wp-content\/uploads\/2025\/04\/glauber-braga-1-300x185.jpg 300w, https:\/\/medias.revistaoeste.com\/wp-content\/uploads\/2025\/04\/glauber-braga-1-150x92.jpg 150w\" sizes=\"(max-width: 1000px) 100vw, 1000px\" data-eio=\"p\"\/><\/source><\/picture><figcaption class=\"wp-element-caption\">O psolista partiu para cima de Kataguiri na ocasi\u00e3o | Foto: Kayo Magalh\u00e3es\/C\u00e2mara dos Deputados<\/figcaption><\/figure>\n<h2 class=\"wp-block-heading\"><strong>Kataguiri critica defesa do psolista<\/strong><\/h2>\n<p>Ao finalizar a defesa da cassa\u00e7\u00e3o de Glauber Braga, Kataguiri afirmou que \u201cnenhum dos motivos que foram colocados\u201d para justificar a agress\u00e3o ao ex-militante do MBL \u201cse sustentam\u201d.\u00a0<\/p>\n<p>\u201cMais do que isso, falam muito sobre o perigo de se criar um precedente\u201d, prosseguiu. \u201cMas que perigoso criar um precedente em que deputado n\u00e3o pode sair na m\u00e3o com outro. Que precedente absurdo \u00e9 esse, em que um parlamentar n\u00e3o pode agredir um cidad\u00e3o comum ou n\u00e3o pode agredir outro cidad\u00e3o comum.\u201d<\/p>\n<\/p><\/div>\n<p><script async src=\"\/\/platform.twitter.com\/widgets.js\" charset=\"utf-8\"><\/script><br \/>\n<br \/><br \/>\n<br \/>Fonte: <a href=\"https:\/\/revistaoeste.com\/politica\/kataguiri-define-greve-de-fome-de-glauber-braga-como-um-teatro-ridiculo\/\">Ag\u00eancia Brasil<\/a><\/p>\n","protected":false},"excerpt":{"rendered":"<p>Na sess\u00e3o que pode resultar no encaminhamento do processo de cassa\u00e7\u00e3o de Glauber Braga (Psol-RJ) ao plen\u00e1rio da C\u00e2mara, o deputado federal Kim Kataguiri (Uni\u00e3o-SP) ironizou a greve de fome protagonizada pelo psolista neste m\u00eas.\u00a0 Nesta ter\u00e7a-feira, 29, a Comiss\u00e3o de Constitui\u00e7\u00e3o e Justi\u00e7a (CCJ) da C\u00e2mara analisa o recurso de Glauber Braga contra a [&hellip;]<\/p>\n","protected":false},"author":5,"featured_media":16547,"comment_status":"open","ping_status":"open","sticky":false,"template":"","format":"standard","meta":{"_seopress_robots_primary_cat":"","_seopress_titles_title":"","_seopress_titles_desc":"","_seopress_robots_index":"","footnotes":""},"categories":[47,1],"tags":[],"class_list":["post-16546","post","type-post","status-publish","format-standard","has-post-thumbnail","hentry","category-politica","category-ultimas-noticias"],"_links":{"self":[{"href":"https:\/\/mussicom.com\/noticias\/wp-json\/wp\/v2\/posts\/16546","targetHints":{"allow":["GET"]}}],"collection":[{"href":"https:\/\/mussicom.com\/noticias\/wp-json\/wp\/v2\/posts"}],"about":[{"href":"https:\/\/mussicom.com\/noticias\/wp-json\/wp\/v2\/types\/post"}],"author":[{"embeddable":true,"href":"https:\/\/mussicom.com\/noticias\/wp-json\/wp\/v2\/users\/5"}],"replies":[{"embeddable":true,"href":"https:\/\/mussicom.com\/noticias\/wp-json\/wp\/v2\/comments?post=16546"}],"version-history":[{"count":0,"href":"https:\/\/mussicom.com\/noticias\/wp-json\/wp\/v2\/posts\/16546\/revisions"}],"wp:featuredmedia":[{"embeddable":true,"href":"https:\/\/mussicom.com\/noticias\/wp-json\/wp\/v2\/media\/16547"}],"wp:attachment":[{"href":"https:\/\/mussicom.com\/noticias\/wp-json\/wp\/v2\/media?parent=16546"}],"wp:term":[{"taxonomy":"category","embeddable":true,"href":"https:\/\/mussicom.com\/noticias\/wp-json\/wp\/v2\/categories?post=16546"},{"taxonomy":"post_tag","embeddable":true,"href":"https:\/\/mussicom.com\/noticias\/wp-json\/wp\/v2\/tags?post=16546"}],"curies":[{"name":"wp","href":"https:\/\/api.w.org\/{rel}","templated":true}]}}