{"id":16515,"date":"2025-04-29T13:53:21","date_gmt":"2025-04-29T16:53:21","guid":{"rendered":"https:\/\/mussicom.com\/marcel-van-hattem-assume-a-lideranca-do-novo-na-camara\/"},"modified":"2025-04-29T13:53:21","modified_gmt":"2025-04-29T16:53:21","slug":"marcel-van-hattem-assume-a-lideranca-do-novo-na-camara","status":"publish","type":"post","link":"https:\/\/mussicom.com\/noticias\/marcel-van-hattem-assume-a-lideranca-do-novo-na-camara\/","title":{"rendered":"Marcel Van Hattem assume a lideran\u00e7a do Novo na C\u00e2mara"},"content":{"rendered":"<p> <br \/>\n<\/p>\n<div id=\"hd80s9wa1h892edh8192\">\n<p>O deputado federal Marcel Van Hattem (RS) foi oficializado como o l\u00edder do Partido Novo na C\u00e2mara dos Deputados nesta legislatura. A decis\u00e3o foi tomada nesta segunda-feira, 28.\u00a0<\/p>\n<p>Marcel Van Hattem assume o cargo no lugar da colega da bancada, Adriana Ventura (SP). O parlamentar afirmou que como l\u00edder, vai manter \u201co posicionamento firme do partido no cen\u00e1rio pol\u00edtico nacional como oposi\u00e7\u00e3o ao governo Lula\u201d.<\/p>\n<blockquote class=\"wp-block-quote is-layout-flow wp-block-quote-is-layout-flow\">\n<p>\u201cAssumo essa miss\u00e3o em um dos momentos mais desafiadores do Brasil, em que o governo Lula, marcado pela corrup\u00e7\u00e3o e por pol\u00edticas ultrapassadas, ataca a liberdade, despreza a responsabilidade com o dinheiro p\u00fablico e amplia o aparelhamento do Estado\u201d, disse. \u201cAl\u00e9m disso, assistimos com preocupa\u00e7\u00e3o aos sucessivos abusos de poder do STF, que afrontam a Constitui\u00e7\u00e3o e amea\u00e7am o equil\u00edbrio entre os Poderes.\u201d<\/p>\n<\/blockquote>\n<figure class=\"wp-block-embed is-type-video is-provider-youtube wp-block-embed-youtube wp-embed-aspect-16-9 wp-has-aspect-ratio\">\n<div class=\"wp-block-embed__wrapper\">\n<div class=\"perfmatters-lazy-youtube\" data-src=\"https:\/\/www.youtube.com\/embed\/LS8i4Bom2Cs\" data-id=\"LS8i4Bom2Cs\" data-query=\"feature=oembed\" onclick=\"perfmattersLazyLoadYouTube(this);\">\n<div><img fetchpriority=\"high\" decoding=\"async\" src=\"https:\/\/i.ytimg.com\/vi\/LS8i4Bom2Cs\/hqdefault.jpg\" alt=\"YouTube video\" width=\"480\" height=\"360\" data-pin-nopin=\"true\" nopin=\"nopin\"\/><\/div>\n<\/div>\n<p><noscript><iframe title=\"Marcel van Hattem detona Moraes por negar extradi\u00e7\u00e3o de traficante b\u00falgaro\" width=\"800\" height=\"450\" src=\"https:\/\/www.youtube.com\/embed\/LS8i4Bom2Cs?feature=oembed\" frameborder=\"0\" allow=\"accelerometer; autoplay; clipboard-write; encrypted-media; gyroscope; picture-in-picture; web-share\" referrerpolicy=\"strict-origin-when-cross-origin\" allowfullscreen><\/iframe><\/noscript>\n<\/div>\n<\/figure>\n<h2 class=\"wp-block-heading\"><strong>Marcel Van Hattem retorna \u00e0 lideran\u00e7a\u00a0<\/strong><\/h2>\n<p>O parlamentar j\u00e1 foi o l\u00edder da bancada do Novo na C\u00e2mara em 2019 e disse receber com \u201chonra\u201d mais uma vez a miss\u00e3o. Ele tamb\u00e9m agradeceu a confian\u00e7a da legenda.\u00a0<\/p>\n<p>\u201cQuero agradecer a confian\u00e7a da nossa bancada e reconhecer o trabalho firme e corajoso da deputada Adriana Ventura, que conduziu a nossa lideran\u00e7a com muita energia, compet\u00eancia e lealdade aos nossos princ\u00edpios\u201d, destacou.<\/p>\n<p><strong>+ A carta de apoio a Marcel Van Hattem e \u00e0 liberdade de express\u00e3o<\/strong><\/p>\n<p>O deputado tamb\u00e9m apontou como ser\u00e1 sua lideran\u00e7a: \u201cO Novo seguir\u00e1 sendo uma oposi\u00e7\u00e3o sem medo, sem acordos esp\u00farios e sem renunciar aos valores que defendemos: liberdade, responsabilidade, integridade e respeito ao cidad\u00e3o\u201d.\u00a0<\/p>\n<p>\u201cVamos dar continuidade ao trabalho e intensificar ainda mais nossa vigil\u00e2ncia contra os retrocessos que tentam ser impostos ao pa\u00eds\u201d, finalizou.<\/p>\n<\/p><\/div>\n<p><br \/>\n<br \/>Fonte: <a href=\"https:\/\/revistaoeste.com\/politica\/marcel-van-hattem-assume-a-lideranca-do-novo-na-camara\/\">Ag\u00eancia Brasil<\/a><\/p>\n","protected":false},"excerpt":{"rendered":"<p>O deputado federal Marcel Van Hattem (RS) foi oficializado como o l\u00edder do Partido Novo na C\u00e2mara dos Deputados nesta legislatura. A decis\u00e3o foi tomada nesta segunda-feira, 28.\u00a0 Marcel Van Hattem assume o cargo no lugar da colega da bancada, Adriana Ventura (SP). O parlamentar afirmou que como l\u00edder, vai manter \u201co posicionamento firme do [&hellip;]<\/p>\n","protected":false},"author":5,"featured_media":16516,"comment_status":"open","ping_status":"open","sticky":false,"template":"","format":"standard","meta":{"_seopress_robots_primary_cat":"","_seopress_titles_title":"","_seopress_titles_desc":"","_seopress_robots_index":"","footnotes":""},"categories":[47,1],"tags":[],"class_list":["post-16515","post","type-post","status-publish","format-standard","has-post-thumbnail","hentry","category-politica","category-ultimas-noticias"],"_links":{"self":[{"href":"https:\/\/mussicom.com\/noticias\/wp-json\/wp\/v2\/posts\/16515","targetHints":{"allow":["GET"]}}],"collection":[{"href":"https:\/\/mussicom.com\/noticias\/wp-json\/wp\/v2\/posts"}],"about":[{"href":"https:\/\/mussicom.com\/noticias\/wp-json\/wp\/v2\/types\/post"}],"author":[{"embeddable":true,"href":"https:\/\/mussicom.com\/noticias\/wp-json\/wp\/v2\/users\/5"}],"replies":[{"embeddable":true,"href":"https:\/\/mussicom.com\/noticias\/wp-json\/wp\/v2\/comments?post=16515"}],"version-history":[{"count":0,"href":"https:\/\/mussicom.com\/noticias\/wp-json\/wp\/v2\/posts\/16515\/revisions"}],"wp:featuredmedia":[{"embeddable":true,"href":"https:\/\/mussicom.com\/noticias\/wp-json\/wp\/v2\/media\/16516"}],"wp:attachment":[{"href":"https:\/\/mussicom.com\/noticias\/wp-json\/wp\/v2\/media?parent=16515"}],"wp:term":[{"taxonomy":"category","embeddable":true,"href":"https:\/\/mussicom.com\/noticias\/wp-json\/wp\/v2\/categories?post=16515"},{"taxonomy":"post_tag","embeddable":true,"href":"https:\/\/mussicom.com\/noticias\/wp-json\/wp\/v2\/tags?post=16515"}],"curies":[{"name":"wp","href":"https:\/\/api.w.org\/{rel}","templated":true}]}}