{"id":16475,"date":"2025-04-29T10:46:30","date_gmt":"2025-04-29T13:46:30","guid":{"rendered":"https:\/\/mussicom.com\/oposicao-cobra-informacoes-sobre-gastos-do-bonde-do-lula-ao-funeral-do-papa-francisco\/"},"modified":"2025-04-29T10:46:30","modified_gmt":"2025-04-29T13:46:30","slug":"oposicao-cobra-informacoes-sobre-gastos-do-bonde-do-lula-ao-funeral-do-papa-francisco","status":"publish","type":"post","link":"https:\/\/mussicom.com\/noticias\/oposicao-cobra-informacoes-sobre-gastos-do-bonde-do-lula-ao-funeral-do-papa-francisco\/","title":{"rendered":"Oposi\u00e7\u00e3o cobra informa\u00e7\u00f5es sobre gastos do \u201cbonde do Lula\u201d ao funeral do papa Francisco"},"content":{"rendered":"<p> <br \/>\n<\/p>\n<div><\/p>\n<div>L\u00edder da oposi\u00e7\u00e3o, Zucco, cobra explica\u00e7\u00f5es sobre gastos do \u201cbonde do Lula\u201c no funeral do Papa Francisco. Leia na Gazeta do Povo.<\/div>\n<\/div>\n<p><br \/>\n<br \/>Fonte: <a href=\"https:\/\/www.gazetadopovo.com.br\/republica\/oposicao-cobra-informacoes-sobre-gastos-do-bonde-do-lula-ao-funeral-do-papa-francisco\/\">Revista Oeste<\/a><\/p>\n","protected":false},"excerpt":{"rendered":"<p>L\u00edder da oposi\u00e7\u00e3o, Zucco, cobra explica\u00e7\u00f5es sobre gastos do \u201cbonde do Lula\u201c no funeral do Papa Francisco. Leia na Gazeta do Povo. Fonte: Revista Oeste<\/p>\n","protected":false},"author":5,"featured_media":16476,"comment_status":"open","ping_status":"open","sticky":false,"template":"","format":"standard","meta":{"_seopress_robots_primary_cat":"","_seopress_titles_title":"","_seopress_titles_desc":"","_seopress_robots_index":"","footnotes":""},"categories":[1],"tags":[],"class_list":["post-16475","post","type-post","status-publish","format-standard","has-post-thumbnail","hentry","category-ultimas-noticias"],"_links":{"self":[{"href":"https:\/\/mussicom.com\/noticias\/wp-json\/wp\/v2\/posts\/16475","targetHints":{"allow":["GET"]}}],"collection":[{"href":"https:\/\/mussicom.com\/noticias\/wp-json\/wp\/v2\/posts"}],"about":[{"href":"https:\/\/mussicom.com\/noticias\/wp-json\/wp\/v2\/types\/post"}],"author":[{"embeddable":true,"href":"https:\/\/mussicom.com\/noticias\/wp-json\/wp\/v2\/users\/5"}],"replies":[{"embeddable":true,"href":"https:\/\/mussicom.com\/noticias\/wp-json\/wp\/v2\/comments?post=16475"}],"version-history":[{"count":0,"href":"https:\/\/mussicom.com\/noticias\/wp-json\/wp\/v2\/posts\/16475\/revisions"}],"wp:featuredmedia":[{"embeddable":true,"href":"https:\/\/mussicom.com\/noticias\/wp-json\/wp\/v2\/media\/16476"}],"wp:attachment":[{"href":"https:\/\/mussicom.com\/noticias\/wp-json\/wp\/v2\/media?parent=16475"}],"wp:term":[{"taxonomy":"category","embeddable":true,"href":"https:\/\/mussicom.com\/noticias\/wp-json\/wp\/v2\/categories?post=16475"},{"taxonomy":"post_tag","embeddable":true,"href":"https:\/\/mussicom.com\/noticias\/wp-json\/wp\/v2\/tags?post=16475"}],"curies":[{"name":"wp","href":"https:\/\/api.w.org\/{rel}","templated":true}]}}