{"id":16019,"date":"2025-04-27T09:58:32","date_gmt":"2025-04-27T12:58:32","guid":{"rendered":"https:\/\/mussicom.com\/governo-tenta-oficializar-fundo-privado-fora-do-orcamento\/"},"modified":"2025-04-27T09:58:32","modified_gmt":"2025-04-27T12:58:32","slug":"governo-tenta-oficializar-fundo-privado-fora-do-orcamento","status":"publish","type":"post","link":"https:\/\/mussicom.com\/noticias\/governo-tenta-oficializar-fundo-privado-fora-do-orcamento\/","title":{"rendered":"Governo tenta oficializar fundo privado fora do Or\u00e7amento"},"content":{"rendered":"<p> <br \/>\n<\/p>\n<div id=\"hd80s9wa1h892edh8192\">\n<p>O <strong>governo do presidente Luiz In\u00e1cio Lula da Silva<\/strong> tenta aprovar a cria\u00e7\u00e3o permanente de um fundo privado para financiar obras de infraestrutura em resposta a desastres clim\u00e1ticos. A proposta, relatada pelo deputado federal Nilto Tatto (PT-SP), est\u00e1 prevista para vota\u00e7\u00e3o na C\u00e2mara na pr\u00f3xima segunda-feira, 28.<\/p>\n<p><strong>+ Leia mais not\u00edcias de Pol\u00edtica em Oeste <\/strong><\/p>\n<p>O novo fundo deve receber recursos da Uni\u00e3o, mas, por ser privado, permite que as despesas fiquem fora do Or\u00e7amento. Atualmente, a Caixa Econ\u00f4mica Federal administra o fundo criado depois das enchentes no Rio Grande do Sul. Com a aprova\u00e7\u00e3o do projeto, ele vai ganhar car\u00e1ter permanente e pode angariar novos aportes p\u00fablicos.<\/p>\n<p>Em contrapartida, o <strong>Tribunal de Contas da Uni\u00e3o (TCU)<\/strong> alerta para riscos fiscais. O ministro Vital do R\u00eago, presidente da Corte, pede que o Congresso aguarde a conclus\u00e3o de uma auditoria antes de deliberar sobre o fundo. Segundo ele, a an\u00e1lise detalhada permitiria uma decis\u00e3o mais embasada.<\/p>\n<h2 class=\"wp-block-heading\"><strong>Governo pode usar fundo privado para escapar do teto de gastos <\/strong><\/h2>\n<p>A t\u00e9cnica do TCU considera que o governo tem usado fundos privados para escapar do teto de gastos imposto pelo arcabou\u00e7o fiscal. Em fevereiro, no julgamento sobre o programa P\u00e9-de-Meia, o tribunal definiu que tais recursos n\u00e3o podem financiar pol\u00edticas p\u00fablicas fora do Or\u00e7amento.<\/p>\n<p>O ac\u00f3rd\u00e3o afirma que classificar despesas de fundos privados como gastos de Estado \u00e9 ilegal e coloca em risco outros programas essenciais. Al\u00e9m disso, o TCU ressalta que a estrat\u00e9gia compromete o equil\u00edbrio fiscal, podendo pressionar juros, c\u00e2mbio e infla\u00e7\u00e3o.<\/p>\n<figure class=\"wp-block-embed aligncenter is-type-video is-provider-youtube wp-block-embed-youtube wp-embed-aspect-16-9 wp-has-aspect-ratio\">\n<div class=\"wp-block-embed__wrapper\">\n<div class=\"perfmatters-lazy-youtube\" data-src=\"https:\/\/www.youtube.com\/embed\/jZjNRa5B7Rc\" data-id=\"jZjNRa5B7Rc\" data-query=\"feature=oembed\" onclick=\"perfmattersLazyLoadYouTube(this);\">\n<div><img fetchpriority=\"high\" decoding=\"async\" src=\"https:\/\/i.ytimg.com\/vi\/jZjNRa5B7Rc\/hqdefault.jpg\" alt=\"YouTube video\" width=\"480\" height=\"360\" data-pin-nopin=\"true\" nopin=\"nopin\"\/><\/div>\n<\/div>\n<p><noscript><iframe title=\"Governo Lula prev\u00ea rombo de R$ 6,8 bilh\u00f5es nas estatais em 2026\" width=\"800\" height=\"450\" src=\"https:\/\/www.youtube.com\/embed\/jZjNRa5B7Rc?feature=oembed\" frameborder=\"0\" allow=\"accelerometer; autoplay; clipboard-write; encrypted-media; gyroscope; picture-in-picture; web-share\" referrerpolicy=\"strict-origin-when-cross-origin\" allowfullscreen><\/iframe><\/noscript>\n<\/div>\n<\/figure>\n<p>Como resultado, Vital do R\u00eago delegou ao ministro Bruno Dantas a tarefa de mapear todas as despesas financiadas fora do Or\u00e7amento. No relat\u00f3rio preliminar, apresentado nesta semana, o TCU refor\u00e7ou que o governo deve incluir no Or\u00e7amento, no prazo de 120 dias, todos os gastos semelhantes ao P\u00e9-de-Meia.<\/p>\n<h2 class=\"wp-block-heading\"><strong>Deputada diz que governo quer esconder a realidade fiscal do pa\u00eds <\/strong><\/h2>\n<p>Durante a discuss\u00e3o na C\u00e2mara, a lideran\u00e7a do governo afirmou que n\u00e3o abrir\u00e1 m\u00e3o de manter a palavra \u201cprivado\u201d no nome do fundo. A oposi\u00e7\u00e3o, por sua vez, tenta suprimir o termo.<\/p>\n<p>A deputada federal Caroline de Toni (PL-SC), l\u00edder da minoria, argumenta que o governo quer criar um or\u00e7amento paralelo para esconder a realidade fiscal.<\/p>\n<p><strong>+ Leia tamb\u00e9m: \u201cNovo ministro de Lula emprega primo da mulher e \u00e9 r\u00e9u por improbidade administrativa\u201d <\/strong><\/p>\n<blockquote class=\"wp-block-quote is-layout-flow wp-block-quote-is-layout-flow\">\n<p>\u201cEssa \u00e9 uma das maiores distor\u00e7\u00f5es apresentadas pelo governo\u201d, disse a parlamentar. \u201cSe, de fato, todos os aportes aos chamados fundos privados estivessem no Or\u00e7amento da Uni\u00e3o como despesas prim\u00e1rias, por que ent\u00e3o tanta resist\u00eancia em nomear esses fundos como p\u00fablicos, como \u00e9 natural e transparente?\u201d<\/p>\n<\/blockquote>\n<p>O deputado federal Carlos Zarattini (PT-SP) defendeu a proposta em plen\u00e1rio. Segundo ele, o aporte de recursos \u00e9 p\u00fablico e or\u00e7ament\u00e1rio, embora a execu\u00e7\u00e3o n\u00e3o transite pelo Or\u00e7amento tradicional. \u00a0Zarattini ainda argumentou que a cr\u00edtica aos fundos privados \u00e9 uma pauta do mercado financeiro.<\/p>\n<\/p><\/div>\n<p><br \/>\n<br \/>Fonte: <a href=\"https:\/\/revistaoeste.com\/politica\/governo-tenta-oficializar-fundo-privado-fora-do-orcamento\/\">Ag\u00eancia Brasil<\/a><\/p>\n","protected":false},"excerpt":{"rendered":"<p>O governo do presidente Luiz In\u00e1cio Lula da Silva tenta aprovar a cria\u00e7\u00e3o permanente de um fundo privado para financiar obras de infraestrutura em resposta a desastres clim\u00e1ticos. A proposta, relatada pelo deputado federal Nilto Tatto (PT-SP), est\u00e1 prevista para vota\u00e7\u00e3o na C\u00e2mara na pr\u00f3xima segunda-feira, 28. + Leia mais not\u00edcias de Pol\u00edtica em Oeste [&hellip;]<\/p>\n","protected":false},"author":5,"featured_media":16020,"comment_status":"open","ping_status":"open","sticky":false,"template":"","format":"standard","meta":{"_seopress_robots_primary_cat":"","_seopress_titles_title":"","_seopress_titles_desc":"","_seopress_robots_index":"","footnotes":""},"categories":[47,1],"tags":[],"class_list":["post-16019","post","type-post","status-publish","format-standard","has-post-thumbnail","hentry","category-politica","category-ultimas-noticias"],"_links":{"self":[{"href":"https:\/\/mussicom.com\/noticias\/wp-json\/wp\/v2\/posts\/16019","targetHints":{"allow":["GET"]}}],"collection":[{"href":"https:\/\/mussicom.com\/noticias\/wp-json\/wp\/v2\/posts"}],"about":[{"href":"https:\/\/mussicom.com\/noticias\/wp-json\/wp\/v2\/types\/post"}],"author":[{"embeddable":true,"href":"https:\/\/mussicom.com\/noticias\/wp-json\/wp\/v2\/users\/5"}],"replies":[{"embeddable":true,"href":"https:\/\/mussicom.com\/noticias\/wp-json\/wp\/v2\/comments?post=16019"}],"version-history":[{"count":0,"href":"https:\/\/mussicom.com\/noticias\/wp-json\/wp\/v2\/posts\/16019\/revisions"}],"wp:featuredmedia":[{"embeddable":true,"href":"https:\/\/mussicom.com\/noticias\/wp-json\/wp\/v2\/media\/16020"}],"wp:attachment":[{"href":"https:\/\/mussicom.com\/noticias\/wp-json\/wp\/v2\/media?parent=16019"}],"wp:term":[{"taxonomy":"category","embeddable":true,"href":"https:\/\/mussicom.com\/noticias\/wp-json\/wp\/v2\/categories?post=16019"},{"taxonomy":"post_tag","embeddable":true,"href":"https:\/\/mussicom.com\/noticias\/wp-json\/wp\/v2\/tags?post=16019"}],"curies":[{"name":"wp","href":"https:\/\/api.w.org\/{rel}","templated":true}]}}