{"id":15986,"date":"2025-04-26T23:40:52","date_gmt":"2025-04-27T02:40:52","guid":{"rendered":"https:\/\/mussicom.com\/defesa-de-collor-apresenta-laudo-medico-e-volta-a-pedir-prisao-domiciliar\/"},"modified":"2025-04-26T23:40:52","modified_gmt":"2025-04-27T02:40:52","slug":"defesa-de-collor-apresenta-laudo-medico-e-volta-a-pedir-prisao-domiciliar","status":"publish","type":"post","link":"https:\/\/mussicom.com\/noticias\/defesa-de-collor-apresenta-laudo-medico-e-volta-a-pedir-prisao-domiciliar\/","title":{"rendered":"Defesa de Collor apresenta laudo m\u00e9dico e volta a pedir pris\u00e3o domiciliar"},"content":{"rendered":"<p> <br \/>\n<\/p>\n<div><\/p>\n<div>Advogados alegam riscos \u00e1 sa\u00fade de Collor, apesar do ex-presidente ter afirmado n\u00e3o possui doen\u00e7as graves; Leia na Gazeta do Povo<\/div>\n<\/div>\n<p><br \/>\n<br \/>Fonte: <a href=\"https:\/\/www.gazetadopovo.com.br\/republica\/defesa-de-collor-volta-a-pedir-prisao-domiciliar\/\">Revista Oeste<\/a><\/p>\n","protected":false},"excerpt":{"rendered":"<p>Advogados alegam riscos \u00e1 sa\u00fade de Collor, apesar do ex-presidente ter afirmado n\u00e3o possui doen\u00e7as graves; Leia na Gazeta do Povo Fonte: Revista Oeste<\/p>\n","protected":false},"author":5,"featured_media":15987,"comment_status":"open","ping_status":"open","sticky":false,"template":"","format":"standard","meta":{"_seopress_robots_primary_cat":"","_seopress_titles_title":"","_seopress_titles_desc":"","_seopress_robots_index":"","footnotes":""},"categories":[1],"tags":[],"class_list":["post-15986","post","type-post","status-publish","format-standard","has-post-thumbnail","hentry","category-ultimas-noticias"],"_links":{"self":[{"href":"https:\/\/mussicom.com\/noticias\/wp-json\/wp\/v2\/posts\/15986","targetHints":{"allow":["GET"]}}],"collection":[{"href":"https:\/\/mussicom.com\/noticias\/wp-json\/wp\/v2\/posts"}],"about":[{"href":"https:\/\/mussicom.com\/noticias\/wp-json\/wp\/v2\/types\/post"}],"author":[{"embeddable":true,"href":"https:\/\/mussicom.com\/noticias\/wp-json\/wp\/v2\/users\/5"}],"replies":[{"embeddable":true,"href":"https:\/\/mussicom.com\/noticias\/wp-json\/wp\/v2\/comments?post=15986"}],"version-history":[{"count":0,"href":"https:\/\/mussicom.com\/noticias\/wp-json\/wp\/v2\/posts\/15986\/revisions"}],"wp:featuredmedia":[{"embeddable":true,"href":"https:\/\/mussicom.com\/noticias\/wp-json\/wp\/v2\/media\/15987"}],"wp:attachment":[{"href":"https:\/\/mussicom.com\/noticias\/wp-json\/wp\/v2\/media?parent=15986"}],"wp:term":[{"taxonomy":"category","embeddable":true,"href":"https:\/\/mussicom.com\/noticias\/wp-json\/wp\/v2\/categories?post=15986"},{"taxonomy":"post_tag","embeddable":true,"href":"https:\/\/mussicom.com\/noticias\/wp-json\/wp\/v2\/tags?post=15986"}],"curies":[{"name":"wp","href":"https:\/\/api.w.org\/{rel}","templated":true}]}}