{"id":15663,"date":"2025-04-25T18:30:30","date_gmt":"2025-04-25T21:30:30","guid":{"rendered":"https:\/\/mussicom.com\/carrefour-decide-sair-da-bolsa-de-valores-do-brasil\/"},"modified":"2025-04-25T18:30:30","modified_gmt":"2025-04-25T21:30:30","slug":"carrefour-decide-sair-da-bolsa-de-valores-do-brasil","status":"publish","type":"post","link":"https:\/\/mussicom.com\/noticias\/carrefour-decide-sair-da-bolsa-de-valores-do-brasil\/","title":{"rendered":"Carrefour &#8216;decide&#8217; sair da Bolsa de Valores do Brasil"},"content":{"rendered":"<p> <br \/>\n<\/p>\n<div id=\"hd80s9wa1h892edh8192\">\n<p>Os acionistas do Carrefour decidiram retirar as a\u00e7\u00f5es da empresa das negocia\u00e7\u00f5es na Bolsa de Valores do Brasil (B3). A proposta foi aprovada nesta sexta-feira, 25. A rede deve continuar atuando no Brasil, mas com o capital fora do preg\u00e3o. O controle segue nas m\u00e3os da matriz, na Fran\u00e7a \u2014 onde a empresa continua listada.<\/p>\n<p><strong>+ Leia mais not\u00edcias de Economia em Oeste<\/strong><\/p>\n<p>Quem possui a\u00e7\u00f5es da companhia na B3 n\u00e3o ficar\u00e1 sem ressarcimento. O plano de retirada contempla mecanismos de compensa\u00e7\u00e3o. Uma das op\u00e7\u00f5es \u00e9 receber R$ 8,50 por a\u00e7\u00e3o. Contudo, tamb\u00e9m \u00e9 poss\u00edvel trocar as a\u00e7\u00f5es brasileiras por participa\u00e7\u00f5es na matriz francesa. Nesse caso, a convers\u00e3o ser\u00e1 de uma a\u00e7\u00e3o na Fran\u00e7a para cada quase dez da filial brasileira.<\/p>\n<p>As opera\u00e7\u00f5es do Carrefour no Brasil v\u00e3o al\u00e9m da rede de supermercados com o nome da marca. O principal neg\u00f3cio no mercado local, atualmente, \u00e9 a rede Atacad\u00e3o.<\/p>\n<p>Ao longo de 2024, o grupo faturou R$ 120 bilh\u00f5es no mercado brasileiro. De acordo com os balancetes, cerca de <strong>R$ 80 bilh\u00f5es vieram das vendas na rede Atacad\u00e3o<\/strong>. As lojas com o nome Carrefour no pa\u00eds geraram R$ 27 bilh\u00f5es no mesmo per\u00edodo.<\/p>\n<h2 class=\"wp-block-heading\">Quanto valem as a\u00e7\u00f5es do Grupo Carrefour na bolsa do Brasil?<\/h2>\n<p>De acordo com os registros da B3, o Grupo Carrefour Brasil \u00e9 composto por cerca de 2 bilh\u00f5es de a\u00e7\u00f5es. Assim, com cada a\u00e7\u00e3o avaliada em R$ 8,50, o valor de mercado da empresa gira em torno de R$ 18 bilh\u00f5es. Contudo, a matriz francesa n\u00e3o precisar\u00e1 desembolsar todo esse valor, mesmo que todos os demais acionistas optem por receber sua parte em dinheiro.<\/p>\n<p>A matriz det\u00e9m aproximadamente 68% das a\u00e7\u00f5es do grupo no mercado brasileiro. Assim, cerca de 32% est\u00e3o nas m\u00e3os de s\u00f3cios minorit\u00e1rios \u2014 ou seja: a sa\u00edda do Carrefour da  bolsa do Brasil deve custar um pouco menos de R$ 6 bilh\u00f5es.<\/p>\n<\/p><\/div>\n<p><br \/>\n<br \/>Fonte: <a href=\"https:\/\/revistaoeste.com\/economia\/carrefour-decide-sair-da-bolsa-de-valores-do-brasil\/\">Revista oeste<\/a><\/p>\n","protected":false},"excerpt":{"rendered":"<p>Os acionistas do Carrefour decidiram retirar as a\u00e7\u00f5es da empresa das negocia\u00e7\u00f5es na Bolsa de Valores do Brasil (B3). A proposta foi aprovada nesta sexta-feira, 25. A rede deve continuar atuando no Brasil, mas com o capital fora do preg\u00e3o. O controle segue nas m\u00e3os da matriz, na Fran\u00e7a \u2014 onde a empresa continua listada. [&hellip;]<\/p>\n","protected":false},"author":5,"featured_media":15664,"comment_status":"open","ping_status":"open","sticky":false,"template":"","format":"standard","meta":{"_seopress_robots_primary_cat":"","_seopress_titles_title":"","_seopress_titles_desc":"","_seopress_robots_index":"","footnotes":""},"categories":[45],"tags":[],"class_list":["post-15663","post","type-post","status-publish","format-standard","has-post-thumbnail","hentry","category-economia"],"_links":{"self":[{"href":"https:\/\/mussicom.com\/noticias\/wp-json\/wp\/v2\/posts\/15663","targetHints":{"allow":["GET"]}}],"collection":[{"href":"https:\/\/mussicom.com\/noticias\/wp-json\/wp\/v2\/posts"}],"about":[{"href":"https:\/\/mussicom.com\/noticias\/wp-json\/wp\/v2\/types\/post"}],"author":[{"embeddable":true,"href":"https:\/\/mussicom.com\/noticias\/wp-json\/wp\/v2\/users\/5"}],"replies":[{"embeddable":true,"href":"https:\/\/mussicom.com\/noticias\/wp-json\/wp\/v2\/comments?post=15663"}],"version-history":[{"count":0,"href":"https:\/\/mussicom.com\/noticias\/wp-json\/wp\/v2\/posts\/15663\/revisions"}],"wp:featuredmedia":[{"embeddable":true,"href":"https:\/\/mussicom.com\/noticias\/wp-json\/wp\/v2\/media\/15664"}],"wp:attachment":[{"href":"https:\/\/mussicom.com\/noticias\/wp-json\/wp\/v2\/media?parent=15663"}],"wp:term":[{"taxonomy":"category","embeddable":true,"href":"https:\/\/mussicom.com\/noticias\/wp-json\/wp\/v2\/categories?post=15663"},{"taxonomy":"post_tag","embeddable":true,"href":"https:\/\/mussicom.com\/noticias\/wp-json\/wp\/v2\/tags?post=15663"}],"curies":[{"name":"wp","href":"https:\/\/api.w.org\/{rel}","templated":true}]}}