{"id":15623,"date":"2025-04-25T16:05:42","date_gmt":"2025-04-25T19:05:42","guid":{"rendered":"https:\/\/mussicom.com\/casos-de-malaria-no-brasil-caem-26-no-primeiro-trimestre-de-2025-2\/"},"modified":"2025-04-25T16:05:42","modified_gmt":"2025-04-25T19:05:42","slug":"casos-de-malaria-no-brasil-caem-26-no-primeiro-trimestre-de-2025-2","status":"publish","type":"post","link":"https:\/\/mussicom.com\/noticias\/casos-de-malaria-no-brasil-caem-26-no-primeiro-trimestre-de-2025-2\/","title":{"rendered":"Casos de mal\u00e1ria no Brasil caem 26% no primeiro trimestre de 2025"},"content":{"rendered":"<p> <br \/>\n<\/p>\n<div id=\"texto\">\n<p>O Brasil registrou uma redu\u00e7\u00e3o de 26,8% nos casos de mal\u00e1ria contabilizados entre janeiro e mar\u00e7o deste ano, quando foram identificados 25.473 casos da doen\u00e7a, contra 34.807 casos no mesmo per\u00edodo do ano passado. Os dados foram divulgados nesta sexta-feira (25) pelo Minist\u00e9rio da Sa\u00fade em raz\u00e3o do Dia Mundial da Mal\u00e1ria.<img decoding=\"async\" src=\"https:\/\/agenciabrasil.ebc.com.br\/ebc.gif?id=1640249&amp;o=node\"\/><\/p>\n<p>Segundo a pasta,\u00a0<strong>o\u00a0n\u00famero de \u00f3bitos pela doen\u00e7a no pa\u00eds tamb\u00e9m apresentou queda, de 27%, no primeiro trimestre deste ano<\/strong>. Foram\u00a0contabilizadas 43 mortes, frente \u00e0s 63 registradas no mesmo intervalo do ano anterior.<\/p>\n<p>Dados do minist\u00e9rio apontam ainda a\u00a0redu\u00e7\u00e3o no n\u00famero de casos da doen\u00e7a em\u00a0tr\u00eas das cinco \u00e1reas especiais de vigil\u00e2ncia em 2024. Nas \u00e1reas de garimpo, houve queda de\u00a027,5%, e, nas de assentamento, de 11%.<\/p>\n<p>\u201cA separa\u00e7\u00e3o por \u00e1reas \u00e9 uma estrat\u00e9gia de acompanhamento dos casos, uma vez que a mal\u00e1ria \u00e9 uma doen\u00e7a determinada socialmente, ou seja, que afeta mais pessoas em \u00e1reas de maior vulnerabilidade social\u201d, informou a pasta.<\/p>\n<p>O levantamento mostra que\u00a0<strong>99% dos casos da doen\u00e7a est\u00e3o concentrados na regi\u00e3o amaz\u00f4nica, abrangendo os seguintes estados: Acre, Amazonas, Amap\u00e1, Maranh\u00e3o, Mato Grosso, Par\u00e1, Rond\u00f4nia, Roraima e Tocantins<\/strong>.<\/p>\n<p>Novas tecnologias<\/p>\n<p>Em evento na Academia Nacional de Medicina, no Rio de Janeiro, o ministro da Sa\u00fade, Alexandre Padilha, refor\u00e7ou o compromisso brasileiro de eliminar a mal\u00e1ria e a import\u00e2ncia de novas tecnologias para combater a doen\u00e7a, incluindo o uso ampliado de testes r\u00e1pidos e a ado\u00e7\u00e3o do antimal\u00e1rico tafenoquina.<\/p>\n<p>\u201cTreinamos quase 3 mil profissionais, tratamos mais de 7 mil pessoas, e a meta \u00e9 ampliar o acesso em todo o pa\u00eds at\u00e9 2026\u201d, destacou Padilha.<\/p>\n<p>A tafenoquina \u00e9 classificada pela pasta como um medicamento inovador de dose \u00fanica. O f\u00e1rmaco \u00e9 indicado para a cura da mal\u00e1ria causada pelo\u00a0<em>Plasmodium vivax<\/em>, parasita respons\u00e1vel por mais de 80% dos casos da doen\u00e7a em 2024.<\/p>\n<p>O tratamento, de acordo com o minist\u00e9rio, reduz os casos graves e a mortalidade por mal\u00e1ria e j\u00e1 foi implementado em 49 munic\u00edpios de seis estados \u2013 Amazonas, Roraima, Par\u00e1, Rond\u00f4nia, Amap\u00e1 e Acre \u2013 e em nove Distritos Sanit\u00e1rios Ind\u00edgenas (DSEi).<\/p>\n<p><strong>A previs\u00e3o \u00e9 que, em maio, o medicamento ser\u00e1 implantado na regi\u00e3o extra-amaz\u00f4nica e, em junho, em duas \u00e1reas do Mato Grosso.<\/strong><\/p>\n<p>Ainda segundo a pasta, uma vers\u00e3o pedi\u00e1trica da tafenoquina est\u00e1 em processo de incorpora\u00e7\u00e3o junto ao Sistema \u00danico de Sa\u00fade (SUS), com parecer favor\u00e1vel em avalia\u00e7\u00e3o inicial feita pela Comiss\u00e3o Nacional de Incorpora\u00e7\u00e3o de Tecnologias no Sistema \u00danico de Sa\u00fade (Conitec).<\/p>\n<p>\u201cA recomenda\u00e7\u00e3o inicial vai \u00e0 consulta p\u00fablica nos pr\u00f3ximos dias e retorna para a an\u00e1lise final da comiss\u00e3o.\u201d<\/p>\n<p><strong>Em rela\u00e7\u00e3o \u00e0 vigil\u00e2ncia epidemiol\u00f3gica, o ministro chamou aten\u00e7\u00e3o para os casos de mal\u00e1ria fora da Amaz\u00f4nia<\/strong>. \u201cEmbora o n\u00famero de casos seja menor fora da regi\u00e3o amaz\u00f4nica, a letalidade \u00e9 mais alta. Por isso, vamos implementar um sistema de vigil\u00e2ncia espec\u00edfico para os estados com registros fora da Amaz\u00f4nia. \u00c9 preciso criar alertas e a\u00e7\u00f5es direcionadas para esses territ\u00f3rios\u201d.<\/p>\n<p>\u00a0<\/p>\n<p>\u00a0<\/p>\n<p>Ag\u00eancia Brasil<\/p>\n<\/p><\/div>\n<p><script async defer crossorigin=\"anonymous\" src=\"https:\/\/connect.facebook.net\/pt_BR\/sdk.js#xfbml=1&#038;version=v12.0&#038;appId=&#038;autoLogAppEvents=1\" nonce=\"ou0fI1lo\"><\/script><br \/>\n<br \/><br \/>\n<br \/>Fonte: <a href=\"https:\/\/www.bs9.com.br\/brasil\/casos-de-malaria-no-brasil-caem-26-no-primeiro-trimestre-de-2025\/31231\/\">BS9<\/a><\/p>\n","protected":false},"excerpt":{"rendered":"<p>O Brasil registrou uma redu\u00e7\u00e3o de 26,8% nos casos de mal\u00e1ria contabilizados entre janeiro e mar\u00e7o deste ano, quando foram identificados 25.473 casos da doen\u00e7a, contra 34.807 casos no mesmo per\u00edodo do ano passado. Os dados foram divulgados nesta sexta-feira (25) pelo Minist\u00e9rio da Sa\u00fade em raz\u00e3o do Dia Mundial da Mal\u00e1ria. Segundo a pasta,\u00a0o\u00a0n\u00famero [&hellip;]<\/p>\n","protected":false},"author":5,"featured_media":15624,"comment_status":"open","ping_status":"open","sticky":false,"template":"","format":"standard","meta":{"_seopress_robots_primary_cat":"","_seopress_titles_title":"","_seopress_titles_desc":"","_seopress_robots_index":"","footnotes":""},"categories":[52],"tags":[],"class_list":["post-15623","post","type-post","status-publish","format-standard","has-post-thumbnail","hentry","category-santoseregiao"],"_links":{"self":[{"href":"https:\/\/mussicom.com\/noticias\/wp-json\/wp\/v2\/posts\/15623","targetHints":{"allow":["GET"]}}],"collection":[{"href":"https:\/\/mussicom.com\/noticias\/wp-json\/wp\/v2\/posts"}],"about":[{"href":"https:\/\/mussicom.com\/noticias\/wp-json\/wp\/v2\/types\/post"}],"author":[{"embeddable":true,"href":"https:\/\/mussicom.com\/noticias\/wp-json\/wp\/v2\/users\/5"}],"replies":[{"embeddable":true,"href":"https:\/\/mussicom.com\/noticias\/wp-json\/wp\/v2\/comments?post=15623"}],"version-history":[{"count":0,"href":"https:\/\/mussicom.com\/noticias\/wp-json\/wp\/v2\/posts\/15623\/revisions"}],"wp:featuredmedia":[{"embeddable":true,"href":"https:\/\/mussicom.com\/noticias\/wp-json\/wp\/v2\/media\/15624"}],"wp:attachment":[{"href":"https:\/\/mussicom.com\/noticias\/wp-json\/wp\/v2\/media?parent=15623"}],"wp:term":[{"taxonomy":"category","embeddable":true,"href":"https:\/\/mussicom.com\/noticias\/wp-json\/wp\/v2\/categories?post=15623"},{"taxonomy":"post_tag","embeddable":true,"href":"https:\/\/mussicom.com\/noticias\/wp-json\/wp\/v2\/tags?post=15623"}],"curies":[{"name":"wp","href":"https:\/\/api.w.org\/{rel}","templated":true}]}}