{"id":15492,"date":"2025-04-25T05:04:31","date_gmt":"2025-04-25T08:04:31","guid":{"rendered":"https:\/\/mussicom.com\/governo-promete-ressarcimento-a-aposentados-afetados\/"},"modified":"2025-04-25T05:04:31","modified_gmt":"2025-04-25T08:04:31","slug":"governo-promete-ressarcimento-a-aposentados-afetados","status":"publish","type":"post","link":"https:\/\/mussicom.com\/noticias\/governo-promete-ressarcimento-a-aposentados-afetados\/","title":{"rendered":"governo promete ressarcimento a aposentados afetados"},"content":{"rendered":"<p> <br \/>\n<\/p>\n<div id=\"hd80s9wa1h892edh8192\">\n<p>O governo federal prometeu ressarcir os aposentados que foram afetados pela fraude do Instituto Nacional do Seguro Social (INSS). A diretora de Or\u00e7amentos e Finan\u00e7as da Previd\u00eancia Social, D\u00e9bora Floriano, deu a informa\u00e7\u00e3o durante uma entrevista coletiva concedida nesta quinta-feira, 24.<\/p>\n<p><strong>+ Leia mais not\u00edcias de Pol\u00edtica em Oeste<\/strong><\/p>\n<p>\u201cTraremos oportunamente um plano que abordar\u00e1 todas as informa\u00e7\u00f5es\u201d, afirmou D\u00e9bora. \u201cEm seguida, em uma for\u00e7a-tarefa conjunta, promoveremos o integral ressarcimento dos valores irregularmente descontados dos nossos segurados.\u201d<\/p>\n<h2 class=\"wp-block-heading\">Medidas a serem tomadas depois da fraude no INSS<\/h2>\n<p>Na mesma linha, o ministro da <strong>Controladoria-Geral da Uni\u00e3o (CGU)<\/strong>, Vin\u00edcius Marques de Carvalho, afirmou que o governo vai suspender os repasses a diversas entidades depois da descoberta do esquema fraudulento.<\/p>\n<figure class=\"wp-block-embed is-type-video is-provider-youtube wp-block-embed-youtube wp-embed-aspect-16-9 wp-has-aspect-ratio\">\n<div class=\"wp-block-embed__wrapper\">\n<div class=\"perfmatters-lazy-youtube\" data-src=\"https:\/\/www.youtube.com\/embed\/6YT7h7jPuBc\" data-id=\"6YT7h7jPuBc\" data-query=\"feature=oembed\" onclick=\"perfmattersLazyLoadYouTube(this);\">\n<div><img fetchpriority=\"high\" decoding=\"async\" src=\"https:\/\/i.ytimg.com\/vi\/6YT7h7jPuBc\/hqdefault.jpg\" alt=\"YouTube video\" width=\"480\" height=\"360\" data-pin-nopin=\"true\" nopin=\"nopin\"\/><\/div>\n<\/div>\n<p><noscript><iframe title=\"Fraude no INSS: presidente do \u00f3rg\u00e3o \u00e9 demitido ap\u00f3s opera\u00e7\u00e3o da Pol\u00edcia Federal\" width=\"800\" height=\"450\" src=\"https:\/\/www.youtube.com\/embed\/6YT7h7jPuBc?feature=oembed\" frameborder=\"0\" allow=\"accelerometer; autoplay; clipboard-write; encrypted-media; gyroscope; picture-in-picture; web-share\" referrerpolicy=\"strict-origin-when-cross-origin\" allowfullscreen><\/iframe><\/noscript>\n<\/div>\n<\/figure>\n<p>Ele afirmou que os descontos irregulares ser\u00e3o interrompidos nos contracheques de maio. Assim, aposentados e pensionistas n\u00e3o precisam ir \u00e0s ag\u00eancias para evitar novos preju\u00edzos.<\/p>\n<h2 class=\"wp-block-heading\">Os valores dos descontos<\/h2>\n<p>As investiga\u00e7\u00f5es da CGU mostram que os descontos dos aposentados desde 2019 podem chegar a R$ 6,3 bilh\u00f5es. Ainda n\u00e3o se sabe quanto desse valor foi descontado ilegalmente.\u00a0<\/p>\n<p>\u201cA grande investiga\u00e7\u00e3o que se faz \u00e9 saber exatamente por que os aposentados tinham o desconto sem ter autorizado\u201d, afirmou Carvalho.<\/p>\n<p>Segundo o relat\u00f3rio, os descontos aumentaram em 2019. Logo, atingiram R$ 1,3 bilh\u00e3o em 2023.\u00a0<\/p>\n<p>Veja os n\u00fameros:\u00a0<\/p>\n<ul>\n<li>2016: R$ 413 milh\u00f5es;\u00a0<\/li>\n<li>2019: R$ 604 milh\u00f5es;\u00a0<\/li>\n<li>2022: R$ 706 milh\u00f5es; e\u00a0<\/li>\n<li>2023: R$ 1,3 bilh\u00e3o.<\/li>\n<\/ul>\n<p><strong>As irregularidades resultaram na destitui\u00e7\u00e3o de Alessandro Stefanutto da presid\u00eancia do INSS<\/strong>. Isso ocorreu depois de uma opera\u00e7\u00e3o da Pol\u00edcia Federal (PF) e da CGU. O substituto ainda n\u00e3o foi anunciado pelo governo. At\u00e9 o momento, pelo menos 11 entidades s\u00e3o suspeitas de realizar descontos indevidos nos benef\u00edcios de aposentados e pensionistas.<\/p>\n<figure class=\"wp-block-image aligncenter size-full\"><picture><source data-srcset=\"https:\/\/medias.revistaoeste.com\/wp-content\/uploads\/2025\/04\/Alessandro-Stefanutto-entao-presidente-do-INSS.jpg.webp 800w, https:\/\/medias.revistaoeste.com\/wp-content\/uploads\/2025\/04\/Alessandro-Stefanutto-entao-presidente-do-INSS-300x212.jpg.webp 300w, https:\/\/medias.revistaoeste.com\/wp-content\/uploads\/2025\/04\/Alessandro-Stefanutto-entao-presidente-do-INSS-150x106.jpg.webp 150w\" data-sizes=\"(max-width: 800px) 100vw, 800px\" type=\"image\/webp\"><img decoding=\"async\" width=\"800\" height=\"565\" alt=\"Alessandro Stefanutto, ent\u00e3o presidente do INSS\" class=\"wp-image-1968310 perfmatters-lazy\" data-eio=\"p\" src=\"https:\/\/medias.revistaoeste.com\/wp-content\/uploads\/2025\/04\/Alessandro-Stefanutto-entao-presidente-do-INSS.jpg\" srcset=\"https:\/\/medias.revistaoeste.com\/wp-content\/uploads\/2025\/04\/Alessandro-Stefanutto-entao-presidente-do-INSS.jpg 800w, https:\/\/medias.revistaoeste.com\/wp-content\/uploads\/2025\/04\/Alessandro-Stefanutto-entao-presidente-do-INSS-300x212.jpg 300w, https:\/\/medias.revistaoeste.com\/wp-content\/uploads\/2025\/04\/Alessandro-Stefanutto-entao-presidente-do-INSS-150x106.jpg 150w\" data-sizes=\"(max-width: 800px) 100vw, 800px\"\/><img decoding=\"async\" width=\"800\" height=\"565\" src=\"https:\/\/medias.revistaoeste.com\/wp-content\/uploads\/2025\/04\/Alessandro-Stefanutto-entao-presidente-do-INSS.jpg\" alt=\"Alessandro Stefanutto, ent\u00e3o presidente do INSS\" class=\"wp-image-1968310\" srcset=\"https:\/\/medias.revistaoeste.com\/wp-content\/uploads\/2025\/04\/Alessandro-Stefanutto-entao-presidente-do-INSS.jpg 800w, https:\/\/medias.revistaoeste.com\/wp-content\/uploads\/2025\/04\/Alessandro-Stefanutto-entao-presidente-do-INSS-300x212.jpg 300w, https:\/\/medias.revistaoeste.com\/wp-content\/uploads\/2025\/04\/Alessandro-Stefanutto-entao-presidente-do-INSS-150x106.jpg 150w\" sizes=\"(max-width: 800px) 100vw, 800px\" data-eio=\"p\"\/><\/source><\/picture><figcaption class=\"wp-element-caption\">Alessandro Stefanutto foi demitido do cargo no Instituto Nacional do Seguro Social (INSS) | Foto: Reprodu\u00e7\u00e3o\/Arquivo Pessoal\/Instagram<\/figcaption><\/figure>\n<p>Estima-se que 6 milh\u00f5es de brasileiros foram afetados por descontos n\u00e3o autorizados. O Brasil tem cerca de 40 milh\u00f5es de aposentadorias e pens\u00f5es em vigor, com 15% dos aposentados e pensionistas tendo algum tipo de desconto para entidades.<\/p>\n<p>A opera\u00e7\u00e3o da CGU e da PF destacou a necessidade de reavaliar acordos de coopera\u00e7\u00e3o t\u00e9cnica. A iniciativa busca garantir que aposentados recebam o dinheiro em sua totalidade, sem descontos imprevistos.<\/p>\n<p><related-posts class=\"border-y border-gray-300 py-5\"><\/p>\n<h2 class=\"!text-2xl text-black font-primary font-semibold leading-none mb-3\">\n    Leia tamb\u00e9m:<br \/>\n  <\/h2>\n<p><\/related-posts><\/p><\/div>\n<p><br \/>\n<br \/>Fonte: <a href=\"https:\/\/www.revistaoeste.com\/politica\/fraude-no-inss-governo-promete-ressarcimento-a-aposentados-afetados\/\">Ag\u00eancia Brasil<\/a><\/p>\n","protected":false},"excerpt":{"rendered":"<p>O governo federal prometeu ressarcir os aposentados que foram afetados pela fraude do Instituto Nacional do Seguro Social (INSS). A diretora de Or\u00e7amentos e Finan\u00e7as da Previd\u00eancia Social, D\u00e9bora Floriano, deu a informa\u00e7\u00e3o durante uma entrevista coletiva concedida nesta quinta-feira, 24. + Leia mais not\u00edcias de Pol\u00edtica em Oeste \u201cTraremos oportunamente um plano que abordar\u00e1 [&hellip;]<\/p>\n","protected":false},"author":5,"featured_media":15493,"comment_status":"open","ping_status":"open","sticky":false,"template":"","format":"standard","meta":{"_seopress_robots_primary_cat":"","_seopress_titles_title":"","_seopress_titles_desc":"","_seopress_robots_index":"","footnotes":""},"categories":[47,1],"tags":[],"class_list":["post-15492","post","type-post","status-publish","format-standard","has-post-thumbnail","hentry","category-politica","category-ultimas-noticias"],"_links":{"self":[{"href":"https:\/\/mussicom.com\/noticias\/wp-json\/wp\/v2\/posts\/15492","targetHints":{"allow":["GET"]}}],"collection":[{"href":"https:\/\/mussicom.com\/noticias\/wp-json\/wp\/v2\/posts"}],"about":[{"href":"https:\/\/mussicom.com\/noticias\/wp-json\/wp\/v2\/types\/post"}],"author":[{"embeddable":true,"href":"https:\/\/mussicom.com\/noticias\/wp-json\/wp\/v2\/users\/5"}],"replies":[{"embeddable":true,"href":"https:\/\/mussicom.com\/noticias\/wp-json\/wp\/v2\/comments?post=15492"}],"version-history":[{"count":0,"href":"https:\/\/mussicom.com\/noticias\/wp-json\/wp\/v2\/posts\/15492\/revisions"}],"wp:featuredmedia":[{"embeddable":true,"href":"https:\/\/mussicom.com\/noticias\/wp-json\/wp\/v2\/media\/15493"}],"wp:attachment":[{"href":"https:\/\/mussicom.com\/noticias\/wp-json\/wp\/v2\/media?parent=15492"}],"wp:term":[{"taxonomy":"category","embeddable":true,"href":"https:\/\/mussicom.com\/noticias\/wp-json\/wp\/v2\/categories?post=15492"},{"taxonomy":"post_tag","embeddable":true,"href":"https:\/\/mussicom.com\/noticias\/wp-json\/wp\/v2\/tags?post=15492"}],"curies":[{"name":"wp","href":"https:\/\/api.w.org\/{rel}","templated":true}]}}