{"id":15445,"date":"2025-04-25T00:52:07","date_gmt":"2025-04-25T03:52:07","guid":{"rendered":"https:\/\/mussicom.com\/joao-campos-defende-alckmin-como-vice-de-lula-em-2026\/"},"modified":"2025-04-25T00:52:07","modified_gmt":"2025-04-25T03:52:07","slug":"joao-campos-defende-alckmin-como-vice-de-lula-em-2026","status":"publish","type":"post","link":"https:\/\/mussicom.com\/noticias\/joao-campos-defende-alckmin-como-vice-de-lula-em-2026\/","title":{"rendered":"Jo\u00e3o Campos defende Alckmin como vice de Lula em 2026"},"content":{"rendered":"<p> <br \/>\n<\/p>\n<div><\/p>\n<div>O prefeito Jo\u00e3o Campos (PSB) refor\u00e7a apoio a Alckmin como vice de Lula nas elei\u00e7\u00f5es de 2026. Leia na Gazeta do Povo.<\/div>\n<\/div>\n<p><br \/>\n<br \/>Fonte: <a href=\"https:\/\/www.gazetadopovo.com.br\/republica\/joao-campos-defende-alckmin-como-vice-de-lula-em-2026\/\">Revista Oeste<\/a><\/p>\n","protected":false},"excerpt":{"rendered":"<p>O prefeito Jo\u00e3o Campos (PSB) refor\u00e7a apoio a Alckmin como vice de Lula nas elei\u00e7\u00f5es de 2026. Leia na Gazeta do Povo. Fonte: Revista Oeste<\/p>\n","protected":false},"author":5,"featured_media":15446,"comment_status":"open","ping_status":"open","sticky":false,"template":"","format":"standard","meta":{"_seopress_robots_primary_cat":"","_seopress_titles_title":"","_seopress_titles_desc":"","_seopress_robots_index":"","footnotes":""},"categories":[1],"tags":[],"class_list":["post-15445","post","type-post","status-publish","format-standard","has-post-thumbnail","hentry","category-ultimas-noticias"],"_links":{"self":[{"href":"https:\/\/mussicom.com\/noticias\/wp-json\/wp\/v2\/posts\/15445","targetHints":{"allow":["GET"]}}],"collection":[{"href":"https:\/\/mussicom.com\/noticias\/wp-json\/wp\/v2\/posts"}],"about":[{"href":"https:\/\/mussicom.com\/noticias\/wp-json\/wp\/v2\/types\/post"}],"author":[{"embeddable":true,"href":"https:\/\/mussicom.com\/noticias\/wp-json\/wp\/v2\/users\/5"}],"replies":[{"embeddable":true,"href":"https:\/\/mussicom.com\/noticias\/wp-json\/wp\/v2\/comments?post=15445"}],"version-history":[{"count":0,"href":"https:\/\/mussicom.com\/noticias\/wp-json\/wp\/v2\/posts\/15445\/revisions"}],"wp:featuredmedia":[{"embeddable":true,"href":"https:\/\/mussicom.com\/noticias\/wp-json\/wp\/v2\/media\/15446"}],"wp:attachment":[{"href":"https:\/\/mussicom.com\/noticias\/wp-json\/wp\/v2\/media?parent=15445"}],"wp:term":[{"taxonomy":"category","embeddable":true,"href":"https:\/\/mussicom.com\/noticias\/wp-json\/wp\/v2\/categories?post=15445"},{"taxonomy":"post_tag","embeddable":true,"href":"https:\/\/mussicom.com\/noticias\/wp-json\/wp\/v2\/tags?post=15445"}],"curies":[{"name":"wp","href":"https:\/\/api.w.org\/{rel}","templated":true}]}}