{"id":15387,"date":"2025-04-24T20:43:37","date_gmt":"2025-04-24T23:43:37","guid":{"rendered":"https:\/\/mussicom.com\/reuniao-entre-sabesp-e-prefeitura-alinha-andamento-dos-trabalhos-em-praia-grande-sp\/"},"modified":"2025-04-24T20:43:37","modified_gmt":"2025-04-24T23:43:37","slug":"reuniao-entre-sabesp-e-prefeitura-alinha-andamento-dos-trabalhos-em-praia-grande-sp","status":"publish","type":"post","link":"https:\/\/mussicom.com\/noticias\/reuniao-entre-sabesp-e-prefeitura-alinha-andamento-dos-trabalhos-em-praia-grande-sp\/","title":{"rendered":"Reuni\u00e3o entre Sabesp e Prefeitura alinha andamento dos trabalhos em Praia Grande\/SP"},"content":{"rendered":"<p> <br \/>\n<\/p>\n<div id=\"texto\">\n<p>T\u00e9cnicos da Sabesp estiveram na Prefeitura de Praia Grande na \u00a0ter\u00e7a-feira (22) para uma reuni\u00e3o de alinhamento do trabalho de \u00a0amplia\u00e7\u00e3o, moderniza\u00e7\u00e3o e fortalecimento do sistema de saneamento \u00a0b\u00e1sico e abastecimento de \u00e1gua da Cidade.<br \/>&#13;<br \/>\n\u00a0<\/p>\n<p>A reuni\u00e3o contou com a presen\u00e7a do prefeito, Alberto Mour\u00e3o, e dos \u00a0secret\u00e1rios de Habita\u00e7\u00e3o, Fabr\u00edcio Menezes; Planejamento, Josie \u00a0Yabuta; Meio Ambiente, Valdir Pereira Ramos Filho; Obras P\u00fablicas, \u00a0Elo\u00edsa Ojea; Urbanismo, Luis Fernando F\u00e9lix; e Servi\u00e7os Urbanos, \u00a0Soraia Milan.<br \/>&#13;<br \/>\n\u00a0<\/p>\n<p>Praia Grande faz parte do URAE 1. Est\u00e1 entre os 371 munic\u00edpios do \u00a0Estado atendidos com o contrato de presta\u00e7\u00e3o de servi\u00e7os de \u00e1gua e \u00a0esgotamento sanit\u00e1rio. A meta da empresa \u00e9 entregar a universaliza\u00e7\u00e3o \u00a0de servi\u00e7os de \u00e1gua e esgoto na Cidade em 5 anos. Para isso, os \u00a0servi\u00e7os est\u00e3o acelerados em diversos bairros e a Prefeitura acompanha \u00a0esse trabalho, tentando reduzir os transtornos das obras para a \u00a0popula\u00e7\u00e3o.<br \/>&#13;<br \/>\n\u00a0<\/p>\n<p>A superintendente da Unidade de Neg\u00f3cio da Sabesp na Baixada Santista, \u00a0Olivia Pompeu de Mendon\u00e7a Coelho, destacou o alinhamento da empresa \u00a0com a Cidade para dar andamento em alguns programas estruturantes e \u00a0implantar novos.<br \/>&#13;<br \/>\n\u00a0<\/p>\n<p>Praia Grande faz parte dos projetos da Sabesp \u201c\u00c1gua Legal\u201d, que visa \u00a0regularizar o abastecimento de \u00e1gua em \u00e1reas onde o fornecimento \u00a0costuma ser prec\u00e1rio ou clandestino; \u201cOnda Limpa\u201d, de tratamento de \u00a0esgoto e educa\u00e7\u00e3o ambiental para evitar a polui\u00e7\u00e3o das praias; \u201c\u00c1gua \u00a0no Litoral\u201d, que visa melhorar o acesso e a qualidade do abastecimento \u00a0de \u00e1gua; \u201cRedu\u00e7\u00e3o de perdas\u201d, iniciativa para o controle de perdas na \u00a0distribui\u00e7\u00e3o de \u00e1gua; e \u201cSe Liga na Rede, que visa garantir que os \u00a0im\u00f3veis estejam devidamente conectados \u00e0 rede de esgoto legal. Para \u00a0enfrentar a quest\u00e3o de esgotos clandestinos, a Sabesp solicitou o \u00a0apoio da municipalidade e vai informar a Prefeitura a previs\u00e3o e o \u00a0cronograma das pr\u00f3ximas liga\u00e7\u00f5es, para o controle desse trabalho.<\/p>\n<\/p><\/div>\n<p><script async defer crossorigin=\"anonymous\" src=\"https:\/\/connect.facebook.net\/pt_BR\/sdk.js#xfbml=1&#038;version=v12.0&#038;appId=&#038;autoLogAppEvents=1\" nonce=\"ou0fI1lo\"><\/script><br \/>\n<br \/><br \/>\n<br \/>Fonte: <a href=\"https:\/\/www.bs9.com.br\/litoral\/reuniao-entre-sabesp-e-prefeitura-alinha-andamento-dos-trabalhos-em\/31207\/\">BS9<\/a><\/p>\n","protected":false},"excerpt":{"rendered":"<p>T\u00e9cnicos da Sabesp estiveram na Prefeitura de Praia Grande na \u00a0ter\u00e7a-feira (22) para uma reuni\u00e3o de alinhamento do trabalho de \u00a0amplia\u00e7\u00e3o, moderniza\u00e7\u00e3o e fortalecimento do sistema de saneamento \u00a0b\u00e1sico e abastecimento de \u00e1gua da Cidade.&#13; \u00a0 A reuni\u00e3o contou com a presen\u00e7a do prefeito, Alberto Mour\u00e3o, e dos \u00a0secret\u00e1rios de Habita\u00e7\u00e3o, Fabr\u00edcio Menezes; Planejamento, Josie [&hellip;]<\/p>\n","protected":false},"author":5,"featured_media":15388,"comment_status":"open","ping_status":"open","sticky":false,"template":"","format":"standard","meta":{"_seopress_robots_primary_cat":"","_seopress_titles_title":"","_seopress_titles_desc":"","_seopress_robots_index":"","footnotes":""},"categories":[52],"tags":[],"class_list":["post-15387","post","type-post","status-publish","format-standard","has-post-thumbnail","hentry","category-santoseregiao"],"_links":{"self":[{"href":"https:\/\/mussicom.com\/noticias\/wp-json\/wp\/v2\/posts\/15387","targetHints":{"allow":["GET"]}}],"collection":[{"href":"https:\/\/mussicom.com\/noticias\/wp-json\/wp\/v2\/posts"}],"about":[{"href":"https:\/\/mussicom.com\/noticias\/wp-json\/wp\/v2\/types\/post"}],"author":[{"embeddable":true,"href":"https:\/\/mussicom.com\/noticias\/wp-json\/wp\/v2\/users\/5"}],"replies":[{"embeddable":true,"href":"https:\/\/mussicom.com\/noticias\/wp-json\/wp\/v2\/comments?post=15387"}],"version-history":[{"count":0,"href":"https:\/\/mussicom.com\/noticias\/wp-json\/wp\/v2\/posts\/15387\/revisions"}],"wp:featuredmedia":[{"embeddable":true,"href":"https:\/\/mussicom.com\/noticias\/wp-json\/wp\/v2\/media\/15388"}],"wp:attachment":[{"href":"https:\/\/mussicom.com\/noticias\/wp-json\/wp\/v2\/media?parent=15387"}],"wp:term":[{"taxonomy":"category","embeddable":true,"href":"https:\/\/mussicom.com\/noticias\/wp-json\/wp\/v2\/categories?post=15387"},{"taxonomy":"post_tag","embeddable":true,"href":"https:\/\/mussicom.com\/noticias\/wp-json\/wp\/v2\/tags?post=15387"}],"curies":[{"name":"wp","href":"https:\/\/api.w.org\/{rel}","templated":true}]}}