{"id":15178,"date":"2025-04-24T03:36:06","date_gmt":"2025-04-24T06:36:06","guid":{"rendered":"https:\/\/www.mussicom.com\/defesa-de-cid-pede-absolvicao-ao-stf\/"},"modified":"2025-04-24T03:36:06","modified_gmt":"2025-04-24T06:36:06","slug":"defesa-de-cid-pede-absolvicao-ao-stf","status":"publish","type":"post","link":"https:\/\/mussicom.com\/noticias\/defesa-de-cid-pede-absolvicao-ao-stf\/","title":{"rendered":"Defesa de Cid pede absolvi\u00e7\u00e3o ao STF"},"content":{"rendered":"<p> <br \/>\n<\/p>\n<div id=\"hd80s9wa1h892edh8192\">\n<p>A defesa do tenente-coronel <strong>Mauro Cid<\/strong> pediu, nesta quarta-feira, 23, ao <strong>Supremo Tribunal Federal (STF)<\/strong>, a absolvi\u00e7\u00e3o do militar no suposto golpe de 2022. O advogado  apresentou as alega\u00e7\u00f5es no fim do prazo para defesa pr\u00e9via do militar.<\/p>\n<p>O pedido nega a rela\u00e7\u00e3o do r\u00e9u e os <strong>atos do 8 de janeiro<\/strong>. Esta \u00e9 a primeira fase do processo penal que, al\u00e9m de Cid, envolve o ex-presidente Jair Bolsonaro.<\/p>\n<p>O advogado Cezar Bitencourt diz que militar era um \u201csimples porta-voz\u201d de Bolsonaro durante a passagem pela Presid\u00eancia da Rep\u00fablica. O defensor ainda refor\u00e7a n\u00e3o ser razo\u00e1vel acusar o militar de um suposto golpe de Estado.<\/p>\n<figure class=\"wp-block-embed is-type-video is-provider-youtube wp-block-embed-youtube wp-embed-aspect-16-9 wp-has-aspect-ratio\">\n<div class=\"wp-block-embed__wrapper\">\n<div class=\"perfmatters-lazy-youtube\" data-src=\"https:\/\/www.youtube.com\/embed\/MBp-d9-6Pzs\" data-id=\"MBp-d9-6Pzs\" data-query=\"feature=oembed\" onclick=\"perfmattersLazyLoadYouTube(this);\">\n<div><img fetchpriority=\"high\" decoding=\"async\" src=\"https:\/\/i.ytimg.com\/vi\/MBp-d9-6Pzs\/hqdefault.jpg\" alt=\"YouTube video\" width=\"480\" height=\"360\" data-pin-nopin=\"true\" nopin=\"nopin\"\/><\/div>\n<\/div>\n<p><noscript><iframe title=\"Oficial de Justi\u00e7a &#039;ca\u00e7a&#039; e intima Bolsonaro na UTI de hospital: &#039;Inacredit\u00e1vel&#039;\" width=\"800\" height=\"450\" src=\"https:\/\/www.youtube.com\/embed\/MBp-d9-6Pzs?feature=oembed\" frameborder=\"0\" allow=\"accelerometer; autoplay; clipboard-write; encrypted-media; gyroscope; picture-in-picture; web-share\" referrerpolicy=\"strict-origin-when-cross-origin\" allowfullscreen><\/iframe><\/noscript>\n<\/div>\n<\/figure>\n<h2 class=\"wp-block-heading\">Defesa apresenta tese para absolvi\u00e7\u00e3o de Cid<\/h2>\n<p>\u201cEssa conduta do Mauro Cid, de porta-voz, era retransmitir orienta\u00e7\u00f5es que lhe eram repassadas\u201d, diz a defesa. \u201cEra a sua obriga\u00e7\u00e3o legal vinculada ao estrito cumprimento de seu of\u00edcio, e, como tal, abrigada por uma excludente de ilicitude devidamente prevista no C\u00f3digo Penal.\u201d<\/p>\n<p><strong>+ Leia mais not\u00edcias de Pol\u00edtica em Oeste<\/strong><\/p>\n<p>Os crimes apontados pela <strong>Procuradoria-Geral da Rep\u00fablica<\/strong> (PGR), segundo a defesa de Cid, n\u00e3o se aplicam ao r\u00e9u. Bitencourt embasa o pedido de absolvi\u00e7\u00e3o na defesa pr\u00e9via que o 8 de janeiro foi fat\u00eddico e vergonhoso.<\/p>\n<p><related-posts class=\"border-y border-gray-300 py-5\"><\/p>\n<h2 class=\"!text-2xl text-black font-primary font-semibold leading-none mb-3\">\n    Leia mais<br \/>\n  <\/h2>\n<p><\/related-posts><\/p>\n<p>Ele argumenta tamb\u00e9m que n\u00e3o se pode atribuir os crimes praticados naquele dia a Mauro Cid, que estava de f\u00e9rias nos Estados Unidos.<\/p>\n<p>A defesa do r\u00e9u afirmou que pretende analisar todas as mensagens e arquivos apreendidos pela Pol\u00edcia Federal no decorrer da investiga\u00e7\u00e3o.<\/p>\n<figure class=\"wp-block-image aligncenter size-full\"><picture><source data-srcset=\"https:\/\/medias.revistaoeste.com\/wp-content\/uploads\/2025\/04\/Captura-de-Tela-2025-04-23-as-19.00.34.jpg.webp 1500w, https:\/\/medias.revistaoeste.com\/wp-content\/uploads\/2025\/04\/Captura-de-Tela-2025-04-23-as-19.00.34-300x300.jpg.webp 300w, https:\/\/medias.revistaoeste.com\/wp-content\/uploads\/2025\/04\/Captura-de-Tela-2025-04-23-as-19.00.34-150x150.jpg.webp 150w, https:\/\/medias.revistaoeste.com\/wp-content\/uploads\/2025\/04\/Captura-de-Tela-2025-04-23-as-19.00.34-96x96.jpg.webp 96w\" data-sizes=\"(max-width: 1500px) 100vw, 1500px\" type=\"image\/webp\"><img alt=\"\" decoding=\"async\" width=\"1500\" height=\"1496\" alt=\"\" class=\"wp-image-1969251 perfmatters-lazy\" data-eio=\"p\" src=\"https:\/\/medias.revistaoeste.com\/wp-content\/uploads\/2025\/04\/Captura-de-Tela-2025-04-23-as-19.00.34.jpg\" srcset=\"https:\/\/medias.revistaoeste.com\/wp-content\/uploads\/2025\/04\/Captura-de-Tela-2025-04-23-as-19.00.34.jpg 1500w, https:\/\/medias.revistaoeste.com\/wp-content\/uploads\/2025\/04\/Captura-de-Tela-2025-04-23-as-19.00.34-300x300.jpg 300w, https:\/\/medias.revistaoeste.com\/wp-content\/uploads\/2025\/04\/Captura-de-Tela-2025-04-23-as-19.00.34-150x150.jpg 150w, https:\/\/medias.revistaoeste.com\/wp-content\/uploads\/2025\/04\/Captura-de-Tela-2025-04-23-as-19.00.34-96x96.jpg 96w\" data-sizes=\"(max-width: 1500px) 100vw, 1500px\"\/><img alt=\"\" decoding=\"async\" width=\"1500\" height=\"1496\" src=\"https:\/\/medias.revistaoeste.com\/wp-content\/uploads\/2025\/04\/Captura-de-Tela-2025-04-23-as-19.00.34.jpg\" alt=\"\" class=\"wp-image-1969251\" srcset=\"https:\/\/medias.revistaoeste.com\/wp-content\/uploads\/2025\/04\/Captura-de-Tela-2025-04-23-as-19.00.34.jpg 1500w, https:\/\/medias.revistaoeste.com\/wp-content\/uploads\/2025\/04\/Captura-de-Tela-2025-04-23-as-19.00.34-300x300.jpg 300w, https:\/\/medias.revistaoeste.com\/wp-content\/uploads\/2025\/04\/Captura-de-Tela-2025-04-23-as-19.00.34-150x150.jpg 150w, https:\/\/medias.revistaoeste.com\/wp-content\/uploads\/2025\/04\/Captura-de-Tela-2025-04-23-as-19.00.34-96x96.jpg 96w\" sizes=\"(max-width: 1500px) 100vw, 1500px\" data-eio=\"p\"\/><\/source><\/picture><figcaption class=\"wp-element-caption\">Bolsonaro ap\u00f3s cirurgia | Foto: Reprodu\u00e7\u00e3o\/Redes sociais<\/figcaption><\/figure>\n<p>H\u00e1 tamb\u00e9m pedido de acesso a todas as m\u00eddias e documentos reunidos pelos investigadores e a intima\u00e7\u00e3o de nove testemunhas para prestar depoimentos no decorrer do processo penal.<\/p>\n<p>Entre os citados est\u00e3o o general Freire Gomes, apontado pela PGR como um dos respons\u00e1veis pela tentativa frustrada do suposto golpe; e o general J\u00falio C\u00e9sar de Arruda, primeiro comandante do Ex\u00e9rcito no governo Lula.<\/p>\n<p>Mauro Cid \u00e9 o primeiro a apresentar a defesa pr\u00e9via no processo, por fechar acordo de dela\u00e7\u00e3o premiada com a Pol\u00edcia Federal na investiga\u00e7\u00e3o. Algo previsto no C\u00f3digo de Processo Penal.<\/p>\n<p>Na unidade de tratamento intensivo (UTI) do Hospital DF Star, onde se recupera de uma cirurgia no sistema digestivo, <strong>Bolsonaro foi notificado nesta quarta-feira, 23, e deve ser o \u00faltimo a apresentar a defesa pr\u00e9via<\/strong>.<\/p>\n<h2 class=\"wp-block-heading\"><strong>Outros indiciados<\/strong><\/h2>\n<p>Junto do ex-presidente e de Mauro Cid, s\u00e3o r\u00e9us no processo o deputado federal <strong>Alexandre Ramagem (PL-RJ)<\/strong>, o ex-comandante da Marinha <strong>Almir Garnier<\/strong>, o ex-ministro da Justi\u00e7a <strong>Andreson Torres<\/strong>, o ex-ministro do GSI <strong>Augusto Heleno<\/strong>, o ex-ministro da defesa Paulo S\u00e9rgio Nogueira e o ex-ministro da Casa Civil e da Defesa <strong>Walter braga Netto<\/strong>.<\/p>\n<p><strong>Leia tamb\u00e9m: \u201cA hora \u00e9 agora\u201d, artigo de Adalberto Piotto publicado na Edi\u00e7\u00e3o 265 da Revista Oeste<\/strong><\/p>\n<\/p><\/div>\n<p><br \/>\n<br \/>Fonte: <a href=\"https:\/\/revistaoeste.com\/politica\/defesa-cid-pede-absolvicao-stf\/\">Ag\u00eancia Brasil<\/a><\/p>\n","protected":false},"excerpt":{"rendered":"<p>A defesa do tenente-coronel Mauro Cid pediu, nesta quarta-feira, 23, ao Supremo Tribunal Federal (STF), a absolvi\u00e7\u00e3o do militar no suposto golpe de 2022. O advogado apresentou as alega\u00e7\u00f5es no fim do prazo para defesa pr\u00e9via do militar. O pedido nega a rela\u00e7\u00e3o do r\u00e9u e os atos do 8 de janeiro. Esta \u00e9 a [&hellip;]<\/p>\n","protected":false},"author":5,"featured_media":15179,"comment_status":"open","ping_status":"open","sticky":false,"template":"","format":"standard","meta":{"_seopress_robots_primary_cat":"","_seopress_titles_title":"","_seopress_titles_desc":"","_seopress_robots_index":"","footnotes":""},"categories":[47,1],"tags":[],"class_list":["post-15178","post","type-post","status-publish","format-standard","has-post-thumbnail","hentry","category-politica","category-ultimas-noticias"],"_links":{"self":[{"href":"https:\/\/mussicom.com\/noticias\/wp-json\/wp\/v2\/posts\/15178","targetHints":{"allow":["GET"]}}],"collection":[{"href":"https:\/\/mussicom.com\/noticias\/wp-json\/wp\/v2\/posts"}],"about":[{"href":"https:\/\/mussicom.com\/noticias\/wp-json\/wp\/v2\/types\/post"}],"author":[{"embeddable":true,"href":"https:\/\/mussicom.com\/noticias\/wp-json\/wp\/v2\/users\/5"}],"replies":[{"embeddable":true,"href":"https:\/\/mussicom.com\/noticias\/wp-json\/wp\/v2\/comments?post=15178"}],"version-history":[{"count":0,"href":"https:\/\/mussicom.com\/noticias\/wp-json\/wp\/v2\/posts\/15178\/revisions"}],"wp:featuredmedia":[{"embeddable":true,"href":"https:\/\/mussicom.com\/noticias\/wp-json\/wp\/v2\/media\/15179"}],"wp:attachment":[{"href":"https:\/\/mussicom.com\/noticias\/wp-json\/wp\/v2\/media?parent=15178"}],"wp:term":[{"taxonomy":"category","embeddable":true,"href":"https:\/\/mussicom.com\/noticias\/wp-json\/wp\/v2\/categories?post=15178"},{"taxonomy":"post_tag","embeddable":true,"href":"https:\/\/mussicom.com\/noticias\/wp-json\/wp\/v2\/tags?post=15178"}],"curies":[{"name":"wp","href":"https:\/\/api.w.org\/{rel}","templated":true}]}}