{"id":15161,"date":"2025-04-24T02:25:47","date_gmt":"2025-04-24T05:25:47","guid":{"rendered":"https:\/\/www.mussicom.com\/prefeitura-de-guaruja-interdita-obra-da-mrs-logistica-em-vicente-de-carvalho\/"},"modified":"2025-04-24T02:25:47","modified_gmt":"2025-04-24T05:25:47","slug":"prefeitura-de-guaruja-interdita-obra-da-mrs-logistica-em-vicente-de-carvalho","status":"publish","type":"post","link":"https:\/\/mussicom.com\/noticias\/prefeitura-de-guaruja-interdita-obra-da-mrs-logistica-em-vicente-de-carvalho\/","title":{"rendered":"Prefeitura de Guaruj\u00e1 interdita obra da MRS Log\u00edstica em Vicente de Carvalho"},"content":{"rendered":"<p> <br \/>\n<\/p>\n<div id=\"texto\">\n<p><strong>Para tudo<\/strong><br \/>&#13;<br \/>\nA Prefeitura de Guaruj\u00e1 decidiu embargar os acessos ao canteiro de obras da MRS Log\u00edstica para a instala\u00e7\u00e3o de uma linha f\u00e9rrea e constru\u00e7\u00e3o da nova pista para caminh\u00f5es na Avenida Senador Salgado Filho, no Jardim Santense. A medida foi tomada na \u00faltima ter\u00e7a-feira, ap\u00f3s os moradores desse bairro do Distrito de Vicente de Carvalho denunciarem que as interven\u00e7\u00f5es comprometeram o sistema de macrodrenagem da regi\u00e3o.<\/p>\n<p><strong>Defesa do povo<\/strong><br \/>&#13;<br \/>\n&#8220;Meu compromisso \u00e9 defender os interesses da popula\u00e7\u00e3o de Guaruj\u00e1. Nosso povo e nossa cidade merecem respeito. Assim que o problema estiver resolvido por parte da empresa voltarei para verificar se a obra tem condi\u00e7\u00f5es de prosseguir e liberar o acesso&#8221;, ressaltou o chefe do Executivo municipal, Farid Madi (Pode), que esteve no local para conversar com os moradores e com representantes da empresa. O encontro n\u00e3o teve um clima amistoso.\u00a0<\/p>\n<p><strong>Protesto da comunidade<\/strong><br \/>&#13;<br \/>\nAp\u00f3s as fortes chuvas que atingiram o Munic\u00edpio no \u00faltimo s\u00e1bado, a \u00e1gua invadiu a resid\u00eancia de muitas fam\u00edlias do Jardim Santense, que perderam documentos, alimentos e bens materiais. Como forma de protesto, os moradores bloquearam a passagem dos trens com m\u00f3veis destru\u00eddos e entulhos, no \u00faltimo domingo.\u00a0<\/p>\n<p><strong>Recado do Legislativo<\/strong><br \/>&#13;<br \/>\nNa sess\u00e3o da \u00faltima ter\u00e7a-feira, a C\u00e2mara aprovou uma mo\u00e7\u00e3o de rep\u00fadio contra a MRS Log\u00edstica em raz\u00e3o das obras mal feitas na Avenida Senador Salgado Filho. A iniciativa partiu do vereador S\u00e9rgio Santa Cruz (Cidadania), que ficou revoltado com a situa\u00e7\u00e3o. &#8220;Na hora da explica\u00e7\u00e3o, dois engenheiros da empresa sorriram e disseram que sabiam que isso iria ocorrer, mas que era necess\u00e1rio. Essas empresas s\u00e3o milion\u00e1rias, mas n\u00e3o v\u00e3o fazer tudo o que querem em Guaruj\u00e1&#8221;, afirmou.\u00a0<\/p>\n<p><strong>Sem resposta<\/strong><br \/>&#13;<br \/>\nNa tarde de ontem, a coluna pediu um posicionamento da MRS Log\u00edstica sobre essa situa\u00e7\u00e3o, mas n\u00e3o obteve retorno. O espa\u00e7o segue aberto para a manifesta\u00e7\u00e3o da empresa, que encerrou o \u00faltimo ano com o maior lucro l\u00edquido de sua hist\u00f3ria (R$ 1,4 bilh\u00e3o).\u00a0<\/p>\n<p><strong>Cobran\u00e7a<\/strong><br \/>&#13;<br \/>\nAs professoras de Educa\u00e7\u00e3o Infantil I da rede de ensino de Cubat\u00e3o realizaram ontem um protesto no gabinete do prefeito Cesar Nascimento (PSD). As trabalhadoras cobraram a equipara\u00e7\u00e3o salarial com os demais cargos do Magist\u00e9rio, alegando uma defasagem de 40% na remunera\u00e7\u00e3o. Antes dessa mobiliza\u00e7\u00e3o, a categoria j\u00e1 havia aprovado a deflagra\u00e7\u00e3o de greve, a partir da pr\u00f3xima ter\u00e7a-feira, devido \u00e0 falta de resposta da Administra\u00e7\u00e3o Municipal sobre a proposta de reajuste nos vencimentos e benef\u00edcios dos profissionais desse segmento.\u00a0<\/p>\n<p><strong>Antes tarde do que nunca<\/strong><br \/>&#13;<br \/>\nDiante da press\u00e3o, o secret\u00e1rio adjunto de Gest\u00e3o, Jos\u00e9 Lu\u00eds Oliveira da Silva, recebeu representantes do Sindicato dos Professores Municipais e se comprometeu a apresentar uma contraproposta \u00e0 institui\u00e7\u00e3o amanh\u00e3, \u00e0s 10 horas. Detalhe: a pauta de reivindica\u00e7\u00f5es da campanha salarial foi entregue h\u00e1 exatos dois meses.\u00a0<\/p>\n<p><strong>Nova tentativa<\/strong><br \/>&#13;<br \/>\nA C\u00e2mara de Santos analisar\u00e1 na sess\u00e3o de hoje um novo pedido de convoca\u00e7\u00e3o da secret\u00e1ria municipal de Seguran\u00e7a, Raquel Gallinati, para responder questionamentos sobre o suposto uso de ve\u00edculos oficiais para fins pessoais. No \u00faltimo dia 9, essa mesma solicita\u00e7\u00e3o apresentada por Allison Sales (PL) havia sido rejeitada pelo Legislativo.\u00a0<\/p>\n<p><strong>Defesa da corpora\u00e7\u00e3o<\/strong><br \/>&#13;<br \/>\nA Federa\u00e7\u00e3o Nacional de Sindicatos de Guardas Municipais (Fenaguardas) divulgou ontem nota de rep\u00fadio \u00e0s cr\u00edticas feitas por alguns vereadores de Santos que &#8220;v\u00eam promovendo uma narrativa injusta e distorcida sobre o papel da Guarda Civil Municipal (GCM)&#8221; ao tentar responsabilizar a corpora\u00e7\u00e3o pelos problemas existentes na Cidade. Os nomes dos parlamentares n\u00e3o foram mencionados.\u00a0<\/p>\n<p><strong>Vis\u00e3o\u00a0equivocada<\/strong><br \/>&#13;<br \/>\nA entidade apontou que algumas declara\u00e7\u00f5es dos parlamentares apenas demonstram a falta de conhecimento sobre o papel da GCM. &#8220;Tentar, por exemplo, responsabilizar a GCM pela presen\u00e7a de pessoas em situa\u00e7\u00e3o de vulnerabilidade social ou em demandas como ac\u00famulo de lixo no Munic\u00edpio soa como um discurso distorcido e sem embasamento t\u00e9cnico&#8221;, apontou.<\/p>\n<p><strong>Papel estrat\u00e9gico<\/strong><br \/>&#13;<br \/>\nNa avalia\u00e7\u00e3o da Fenaguardas, as GCMs t\u00eam papel estrat\u00e9gico e complementar no Sistema \u00danico de Seguran\u00e7a P\u00fablica, atuando no patrulhamento preventivo e na promo\u00e7\u00e3o da seguran\u00e7a comunit\u00e1ria. &#8220;Por isso, causa preocupa\u00e7\u00e3o o retrocesso institucional que alguns parlamentares tentam impor ao querer reduzir a atua\u00e7\u00e3o da GCM a tarefas de vigil\u00e2ncia patrimonial est\u00e1tica, em uma esp\u00e9cie de atua\u00e7\u00e3o como porteiro ou vigia&#8221;, refor\u00e7ou a institui\u00e7\u00e3o.<\/p>\n<p><strong>Dano ambiental<\/strong><br \/>&#13;<br \/>\nO juiz da 2\u00aa Vara de Miracatu, Luiz Gustavo Ros\u00e1, acatou o pedido do promotor regional do Meio Ambiente do Vale do Ribeira, Paulo Campos dos Santos, e concedeu liminar (decis\u00e3o provis\u00f3ria e de car\u00e1ter imediato) para suspender as atividades irregulares de minera\u00e7\u00e3o em tr\u00eas portos de areia de Cananeia. O magistrado determinou que as \u00e1reas de preserva\u00e7\u00e3o permanentes no leito do Rio S\u00e3o Lourencinho sejam restauradas pela empresa Air Campos da Rocha &amp; Cia Ltda..<br \/>&#13;<br \/>\n\u00a0<\/p>\n<\/p><\/div>\n<p><script async defer crossorigin=\"anonymous\" src=\"https:\/\/connect.facebook.net\/pt_BR\/sdk.js#xfbml=1&#038;version=v12.0&#038;appId=&#038;autoLogAppEvents=1\" nonce=\"ou0fI1lo\"><\/script><br \/>\n<br \/><br \/>\n<br \/>Fonte: <a href=\"https:\/\/www.bs9.com.br\/politica\/prefeitura-de-guaruja-interdita-obra-da-mrs-logistica\/31188\/\">BS9<\/a><\/p>\n","protected":false},"excerpt":{"rendered":"<p>Para tudo&#13; A Prefeitura de Guaruj\u00e1 decidiu embargar os acessos ao canteiro de obras da MRS Log\u00edstica para a instala\u00e7\u00e3o de uma linha f\u00e9rrea e constru\u00e7\u00e3o da nova pista para caminh\u00f5es na Avenida Senador Salgado Filho, no Jardim Santense. A medida foi tomada na \u00faltima ter\u00e7a-feira, ap\u00f3s os moradores desse bairro do Distrito de Vicente [&hellip;]<\/p>\n","protected":false},"author":5,"featured_media":13096,"comment_status":"open","ping_status":"open","sticky":false,"template":"","format":"standard","meta":{"_seopress_robots_primary_cat":"","_seopress_titles_title":"","_seopress_titles_desc":"","_seopress_robots_index":"","footnotes":""},"categories":[52],"tags":[],"class_list":["post-15161","post","type-post","status-publish","format-standard","has-post-thumbnail","hentry","category-santoseregiao"],"_links":{"self":[{"href":"https:\/\/mussicom.com\/noticias\/wp-json\/wp\/v2\/posts\/15161","targetHints":{"allow":["GET"]}}],"collection":[{"href":"https:\/\/mussicom.com\/noticias\/wp-json\/wp\/v2\/posts"}],"about":[{"href":"https:\/\/mussicom.com\/noticias\/wp-json\/wp\/v2\/types\/post"}],"author":[{"embeddable":true,"href":"https:\/\/mussicom.com\/noticias\/wp-json\/wp\/v2\/users\/5"}],"replies":[{"embeddable":true,"href":"https:\/\/mussicom.com\/noticias\/wp-json\/wp\/v2\/comments?post=15161"}],"version-history":[{"count":0,"href":"https:\/\/mussicom.com\/noticias\/wp-json\/wp\/v2\/posts\/15161\/revisions"}],"wp:featuredmedia":[{"embeddable":true,"href":"https:\/\/mussicom.com\/noticias\/wp-json\/wp\/v2\/media\/13096"}],"wp:attachment":[{"href":"https:\/\/mussicom.com\/noticias\/wp-json\/wp\/v2\/media?parent=15161"}],"wp:term":[{"taxonomy":"category","embeddable":true,"href":"https:\/\/mussicom.com\/noticias\/wp-json\/wp\/v2\/categories?post=15161"},{"taxonomy":"post_tag","embeddable":true,"href":"https:\/\/mussicom.com\/noticias\/wp-json\/wp\/v2\/tags?post=15161"}],"curies":[{"name":"wp","href":"https:\/\/api.w.org\/{rel}","templated":true}]}}